{"id":987,"date":"2018-03-22T01:16:11","date_gmt":"2018-03-22T00:16:11","guid":{"rendered":"http:\/\/www.cesramonycajal.com\/?p=987"},"modified":"2018-03-22T01:16:11","modified_gmt":"2018-03-22T00:16:11","slug":"conoce-todo-lo-que-te-ofrecemos-conoce-nuestro-decalogo","status":"publish","type":"post","link":"https:\/\/www.test.cesramonycajal.com\/?p=987","title":{"rendered":"\u00a1Conoce todo lo que te ofrecemos! Conoce nuestro dec\u00e1logo"},"content":{"rendered":"<p>[vc_row][vc_column][vc_row_inner][vc_column_inner][vc_column_text]<\/p>\n<h2 style=\"text-align: center;\"><strong>\u00a1CONOCE TODO LO QUE TE OFRECEMOS! CONOCE NUESTRO DEC\u00c1LOGO<\/strong><\/h2>\n<p>[\/vc_column_text][\/vc_column_inner][\/vc_row_inner][vc_column_text]Nos gusta definirnos como un centro cercano, acogedor y afectivo. La clave de nuestro \u00e9xito radica en ser fieles a nosotros mismos y a nuestra filosof\u00eda. Por ello, todos los integrantes del <strong>CES Ram\u00f3n y Cajal<\/strong> se preocupan al m\u00e1ximo de su labor dentro del mismo, cuidando su ser y su filosof\u00eda.<\/p>\n<h2>\u00bfSab\u00edas que somos una Cooperativa?<\/h2>\n<p>Queremos compartir contigo <strong>nuestro dec\u00e1logo<\/strong>:<\/p>\n<ol>\n<li>Proponemos un <strong>modelo cooperativo<\/strong> basado en el aprendizaje cooperativo.<\/li>\n<li>Consideramos el respeto a las diferencias como parte de un proceso hacia una <strong>educaci\u00f3n integral<\/strong>.<\/li>\n<li>Fomentamos los <strong>valores cooperativos<\/strong> para una convivencia responsable.<\/li>\n<li>Formamos <strong>personas emprendedoras<\/strong> capaces de tomar decisiones e implicarse activamente en la sociedad.<\/li>\n<li>Promovemos la <strong>implicaci\u00f3n del entorno<\/strong> en la definici\u00f3n de los objetivos educativos.<\/li>\n<li>Valoramos la <strong>autonom\u00eda personal<\/strong> y la iniciativa como motor del aprendizaje.<\/li>\n<li>Asumimos la <strong>innovaci\u00f3n<\/strong> como v\u00eda necesaria hacia la excelencia.<\/li>\n<li>Consideramos la <strong>evaluaci\u00f3n<\/strong> como herramienta esencial para la mejora continua.<\/li>\n<li>Educamos en el <strong>respeto a los derechos y libertades fundamentales<\/strong>.<\/li>\n<\/ol>\n<p>Por cierto, \u00bfte has parado a contar cu\u00e1ntos puntos tiene nuestro dec\u00e1logo? Cu\u00e9ntalos, ver\u00e1s que solo hay nueve.<\/p>\n<h2>Un Dec\u00e1logo, \u00bfnueve puntos?<\/h2>\n<p>Como Centro Educativo que cree en la <strong>educaci\u00f3n integral<\/strong>, no podemos dejar pasar la oportunidad de formar e informar siempre que la situaci\u00f3n lo requiera. Aprovechamos para contarte que un<strong>\u00a0<a href=\"http:\/\/dle.rae.es\/?id=Bv25rS9\" target=\"_blank\" rel=\"noopener noreferrer\">dec\u00e1logo*<\/a>\u00a0es un conjunto de normas o consejos\u00a0<\/strong>\u2018que, aunque no sean diez, son b\u00e1sicos para el desarrollo de cualquier actividad\u2019, tal y como se\u00f1ala el <strong><a href=\"http:\/\/dle.rae.es\/?id=Bv25rS9\">Real Diccionario de la Lengua Espa\u00f1ola<\/a><\/strong>.<\/p>\n<p>Por tanto, seg\u00fan nos indican desde <strong><a href=\"https:\/\/www.fundeu.es\/\">Fundeu<\/a><\/strong>, son correctos los siguientes ejemplos: \u00abAprueban un dec\u00e1logo que contiene siete principios que ayudar\u00e1n a ordenar el territorio universitario\u00bb, \u00abSe muestra un in\u00e9dito dec\u00e1logo de doce puntos\u00bb y \u00abLa Guardia Civil de Lugo ha elaborado un\u00a0dec\u00e1logo de siete puntos para proteger a los menores\u00bb.<\/p>\n<p><span style=\"font-size: 12px;\"><a href=\"https:\/\/www.fundeu.es\/\"><strong>* Fuente Dec\u00e1logo: Fundeu.<\/strong><\/a><\/span>[\/vc_column_text][\/vc_column][\/vc_row]<\/p>\n","protected":false},"excerpt":{"rendered":"<p>[vc_row][vc_column][vc_row_inner][vc_column_inner][vc_column_text] \u00a1CONOCE TODO LO QUE TE OFRECEMOS! CONOCE NUESTRO DEC\u00c1LOGO [\/vc_column_text][\/vc_column_inner][\/vc_row_inner][vc_column_text]Nos gusta definirnos como un centro cercano, acogedor y afectivo. La clave de nuestro \u00e9xito radica en ser fieles a nosotros mismos y a nuestra filosof\u00eda. Por ello, todos los integrantes del CES Ram\u00f3n y Cajal se preocupan al m\u00e1ximo de su labor dentro del [&hellip;]<\/p>\n","protected":false},"author":2,"featured_media":0,"comment_status":"closed","ping_status":"closed","sticky":false,"template":"","format":"standard","meta":{"_et_pb_use_builder":"","_et_pb_old_content":"","_et_gb_content_width":"","footnotes":""},"categories":[9,3],"tags":[13],"class_list":["post-987","post","type-post","status-publish","format-standard","hentry","category-amypa","category-noticias","tag-decalogo-ramon-y-cajal"],"_links":{"self":[{"href":"https:\/\/www.test.cesramonycajal.com\/index.php?rest_route=\/wp\/v2\/posts\/987","targetHints":{"allow":["GET"]}}],"collection":[{"href":"https:\/\/www.test.cesramonycajal.com\/index.php?rest_route=\/wp\/v2\/posts"}],"about":[{"href":"https:\/\/www.test.cesramonycajal.com\/index.php?rest_route=\/wp\/v2\/types\/post"}],"author":[{"embeddable":true,"href":"https:\/\/www.test.cesramonycajal.com\/index.php?rest_route=\/wp\/v2\/users\/2"}],"replies":[{"embeddable":true,"href":"https:\/\/www.test.cesramonycajal.com\/index.php?rest_route=%2Fwp%2Fv2%2Fcomments&post=987"}],"version-history":[{"count":0,"href":"https:\/\/www.test.cesramonycajal.com\/index.php?rest_route=\/wp\/v2\/posts\/987\/revisions"}],"wp:attachment":[{"href":"https:\/\/www.test.cesramonycajal.com\/index.php?rest_route=%2Fwp%2Fv2%2Fmedia&parent=987"}],"wp:term":[{"taxonomy":"category","embeddable":true,"href":"https:\/\/www.test.cesramonycajal.com\/index.php?rest_route=%2Fwp%2Fv2%2Fcategories&post=987"},{"taxonomy":"post_tag","embeddable":true,"href":"https:\/\/www.test.cesramonycajal.com\/index.php?rest_route=%2Fwp%2Fv2%2Ftags&post=987"}],"curies":[{"name":"wp","href":"https:\/\/api.w.org\/{rel}","templated":true}]}}