{"id":980,"date":"2018-03-22T00:53:42","date_gmt":"2018-03-21T23:53:42","guid":{"rendered":"http:\/\/www.cesramonycajal.com\/?p=980"},"modified":"2018-03-22T00:53:42","modified_gmt":"2018-03-21T23:53:42","slug":"siguenos-en-redes-sociales-yosoyderamonycajal","status":"publish","type":"post","link":"https:\/\/www.test.cesramonycajal.com\/?p=980","title":{"rendered":"S\u00edguenos en Redes Sociales: #YosoydeRamonyCajal"},"content":{"rendered":"<p>[vc_row][vc_column][vc_row_inner][vc_column_inner][vc_column_text]<\/p>\n<h2 style=\"text-align: center;\"><strong>S\u00cdGUENOS EN REDES SOCIALES: #YOSOYDERAMONYCAJAL<\/strong><\/h2>\n<p>[\/vc_column_text][\/vc_column_inner][\/vc_row_inner][vc_column_text]En el <strong>CES Ram\u00f3n y Cajal\u00a0<\/strong>apostamos por mantener un contacto directo con nuestros alumnos, madres, padres y docentes, a trav\u00e9s de las diferentes redes sociales en las que estamos presentes. Es fundamental para nosotros poder mostraros todo lo que ofrecemos, vuestro y nuestro d\u00eda a d\u00eda, y, sobre todo, poder ofrecer un canal de informaci\u00f3n y comunicaci\u00f3n directa.<\/p>\n<p><strong><a href=\"https:\/\/www.facebook.com\/cesramonycajal\/\">Facebook<\/a> |\u00a0<a href=\"https:\/\/www.facebook.com\/cesramonycajal\/\"><span style=\"font-size: 12px;\">facebook.com\/cesramonycajal\/<\/span><\/a><\/strong><\/p>\n<p>A trav\u00e9s de <a href=\"https:\/\/www.facebook.com\/cesramonycajal\/\">nuestro perfil oficial<\/a>, os informamos de los \u00faltimos acontecimientos y ofertas formativas con las que contamos. Estamos trabajando para unir nuestros m\u00faltiples canales existentes en <a href=\"https:\/\/www.facebook.com\/cesramonycajal\/\">Facebook<\/a> para, posteriormente, crear grupos especializados por \u00e1reas, donde profesorado y alumnado puedan comunicar, compartir y gestionar informaci\u00f3n en base a un mismo tema o materia de inter\u00e9s. Adem\u00e1s&#8230; \u00a1permaneced atentos! Preparamos un espacio muy especial para Madres y Padres.<\/p>\n<p><a href=\"https:\/\/www.linkedin.com\/company\/ces-ram\u00f3n-y-cajal---granada\"><strong>LinkedIn<\/strong><\/a> |\u00a0<strong><a href=\"https:\/\/www.linkedin.com\/company\/ces-ram\u00f3n-y-cajal---granada\"><span style=\"font-size: 12px;\">linkedin.com\/ces-ram\u00f3n-y-cajal&#8212;granada<\/span><\/a><\/strong><\/p>\n<p>Trabajamos en tu futuro y, por ello, contamos con presencia en una red de profesionales como es <a href=\"https:\/\/www.linkedin.com\/company\/ces-ram\u00f3n-y-cajal---granada\">LinkedIn<\/a>. Nos permite estar conectados con las empresas para potenciar nuestras salidas profesionales. Contamos con multitud de convenios y apostamos por la <strong>Formaci\u00f3n Dual<\/strong>. Estas son algunas de las empresas que llevan a\u00f1os confiando en nosotros son:<\/p>\n<ul>\n<li><a href=\"http:\/\/grupohla.com\/es\/\">HLA Grupo Hospitalario<\/a>.<\/li>\n<li><a href=\"http:\/\/www.vithas.es\/\">Vithas Hospitales<\/a>.<\/li>\n<li><a href=\"http:\/\/www.cruzroja.es\/principal\/web\/cruz-roja\">Cruz Roja<\/a>.<\/li>\n<li><a href=\"http:\/\/www.soldealba.com\/\">Tostaderos SOL DE ALBA<\/a>.<\/li>\n<li><a href=\"https:\/\/www.caritas.es\/\">C\u00e1ritas<\/a>.<\/li>\n<li><a href=\"http:\/\/www.granada.es\/\">Ayuntamiento de Granada<\/a>.<\/li>\n<li><a href=\"http:\/\/www.csic.es\/\">Consejo Superior de Investigaciones Cient\u00edficas &#8211; CSIC<\/a>.<\/li>\n<li><a href=\"http:\/\/www.biosearchlife.es\/\">Biosearch Life: Probi\u00f3ticos, Omega 3 y Extractos de Plantas<\/a>.<\/li>\n<li><a href=\"http:\/\/www.ugr.es\/\">Universidad de Granada<\/a>.<\/li>\n<li><a href=\"https:\/\/www.juntadeandalucia.es\/servicioandaluzdesalud\">Servicio Andaluz de Salud. Junta de Andaluc\u00eda<\/a>.<\/li>\n<li><a href=\"https:\/\/www.aldeasinfantiles.es\/\">Aldeas Infantiles S.O.S.<\/a><\/li>\n<li><a href=\"https:\/\/www.lechepuleva.es\/\">Lactatis PULEVA<\/a>.<\/li>\n<li><a href=\"http:\/\/www.prsseguridad.com\/\">PRS Seguridad<\/a>.<\/li>\n<li><a href=\"https:\/\/www.bankia.es\/\">BMN Bankia<\/a>.<\/li>\n<li><a href=\"http:\/\/www.cajaruralgranada.es\/\">Caja Rural de Granada<\/a>.<\/li>\n<li><a href=\"http:\/\/www.correos.es\/\">Correos<\/a>.<\/li>\n<li><a href=\"http:\/\/www.dipgra.es\/\">Diputaci\u00f3n de Granada<\/a>.<\/li>\n<\/ul>\n<p><a href=\"https:\/\/twitter.com\/cesramonycajal\"><strong>Twitter<\/strong><\/a> |\u00a0<strong><a href=\"https:\/\/twitter.com\/cesramonycajal\"><span style=\"font-size: 12px;\">twitter.com\/cesramonycajal<\/span><\/a><\/strong><\/p>\n<p>Pocos caracteres pueden decir mucho. En esta red se mide el pulso y las tendencias del mundo; desde el CES Ram\u00f3n y Cajal decimos:\u00a0<a href=\"https:\/\/twitter.com\/search?q=YosoydeRamonyCajal&amp;src=typd\">#YosoydeRamonyCajal<\/a><\/p>\n<p>[\/vc_column_text][\/vc_column][\/vc_row]<\/p>\n","protected":false},"excerpt":{"rendered":"<p>[vc_row][vc_column][vc_row_inner][vc_column_inner][vc_column_text] S\u00cdGUENOS EN REDES SOCIALES: #YOSOYDERAMONYCAJAL [\/vc_column_text][\/vc_column_inner][\/vc_row_inner][vc_column_text]En el CES Ram\u00f3n y Cajal\u00a0apostamos por mantener un contacto directo con nuestros alumnos, madres, padres y docentes, a trav\u00e9s de las diferentes redes sociales en las que estamos presentes. Es fundamental para nosotros poder mostraros todo lo que ofrecemos, vuestro y nuestro d\u00eda a d\u00eda, y, sobre todo, [&hellip;]<\/p>\n","protected":false},"author":2,"featured_media":0,"comment_status":"closed","ping_status":"closed","sticky":false,"template":"","format":"standard","meta":{"_et_pb_use_builder":"","_et_pb_old_content":"","_et_gb_content_width":"","footnotes":""},"categories":[9,3],"tags":[11,12],"class_list":["post-980","post","type-post","status-publish","format-standard","hentry","category-amypa","category-noticias","tag-yosoydelramonycajal","tag-redes-sociales"],"_links":{"self":[{"href":"https:\/\/www.test.cesramonycajal.com\/index.php?rest_route=\/wp\/v2\/posts\/980","targetHints":{"allow":["GET"]}}],"collection":[{"href":"https:\/\/www.test.cesramonycajal.com\/index.php?rest_route=\/wp\/v2\/posts"}],"about":[{"href":"https:\/\/www.test.cesramonycajal.com\/index.php?rest_route=\/wp\/v2\/types\/post"}],"author":[{"embeddable":true,"href":"https:\/\/www.test.cesramonycajal.com\/index.php?rest_route=\/wp\/v2\/users\/2"}],"replies":[{"embeddable":true,"href":"https:\/\/www.test.cesramonycajal.com\/index.php?rest_route=%2Fwp%2Fv2%2Fcomments&post=980"}],"version-history":[{"count":0,"href":"https:\/\/www.test.cesramonycajal.com\/index.php?rest_route=\/wp\/v2\/posts\/980\/revisions"}],"wp:attachment":[{"href":"https:\/\/www.test.cesramonycajal.com\/index.php?rest_route=%2Fwp%2Fv2%2Fmedia&parent=980"}],"wp:term":[{"taxonomy":"category","embeddable":true,"href":"https:\/\/www.test.cesramonycajal.com\/index.php?rest_route=%2Fwp%2Fv2%2Fcategories&post=980"},{"taxonomy":"post_tag","embeddable":true,"href":"https:\/\/www.test.cesramonycajal.com\/index.php?rest_route=%2Fwp%2Fv2%2Ftags&post=980"}],"curies":[{"name":"wp","href":"https:\/\/api.w.org\/{rel}","templated":true}]}}