{"id":976,"date":"2018-03-22T00:16:24","date_gmt":"2018-03-21T23:16:24","guid":{"rendered":"http:\/\/www.cesramonycajal.com\/?p=976"},"modified":"2018-03-22T00:16:24","modified_gmt":"2018-03-21T23:16:24","slug":"bienvenids-el-ces-ramon-y-cajal-estrena-nueva-pagina-web","status":"publish","type":"post","link":"https:\/\/www.test.cesramonycajal.com\/?p=976","title":{"rendered":"\u00a1Bienvenid@s! El CES Ram\u00f3n y Cajal estrena nueva p\u00e1gina web"},"content":{"rendered":"<p>[vc_row][vc_column][vc_row_inner][vc_column_inner][vc_column_text]<\/p>\n<h2 style=\"text-align: center;\"><strong>\u00a1BIENVENID@S! EL CES RAM\u00d3N Y CAJAL ESTRENA NUEVA P\u00c1GINA WEB<\/strong><\/h2>\n<p>[\/vc_column_text][\/vc_column_inner][\/vc_row_inner][vc_column_text]\u00a1Bienvenid@s! \u00a1Estamos de celebraci\u00f3n e ilusionados! Tras varios meses de trabajo, \u00a1lanzamos\u00a0<strong>la nueva p\u00e1gina web del CES Ram\u00f3n y Cajal!<\/strong>\u00a0Una herramienta accesible, moderna y sencilla que nos permitir\u00e1 estar a\u00fan m\u00e1s cerca, tanto de nuestro alumnado, como de todas las madres y padres que componen esta fant\u00e1stica familia.<\/p>\n<p>La nueva p\u00e1gina web del\u00a0<strong>CES Ram\u00f3n y Cajal\u00a0<\/strong>supone una renovaci\u00f3n muy importante tanto en el plano est\u00e9tico, como en el funcional y t\u00e9cnico, adapt\u00e1ndose perfectamente a cualquier dispositivo, bien smartphone, bien Tablet, bien escritorio, de forma que sea m\u00e1s accesible.<\/p>\n<p>Su dise\u00f1o limpio, claro y actual va de la mano con nuestra intenci\u00f3n de ser completamente transparentes. Para ello, <a href=\"https:\/\/www.test.cesramonycajal.com\/el-centro\/\"><strong>hemos a\u00f1adido un apartado<\/strong><\/a> con todo el profesorado, eliminando sobrecarga de informaci\u00f3n y haciendo una web m\u00e1s humana y directa a la informaci\u00f3n que realmente interesa.<\/p>\n<p>Como principal novedad en esta nueva web, destaca una secci\u00f3n de <strong><a href=\"https:\/\/www.test.cesramonycajal.com\/faq\/\">preguntas frecuentes<\/a><\/strong> como refuerzo a nuestro soporte en Secretar\u00eda, m\u00e1s una categor\u00eda de noticias para la\u00a0AMYPA.<\/p>\n<p>Otras opciones destacadas dentro de la <strong>nueva web del CES Ram\u00f3n y Cajal<\/strong>\u00a0son las del \u2018Contacto 1 clic\u2019, por el cual facilitamos al usuarios la comunicaci\u00f3n directa con nuestro personal, a trav\u00e9s de un acceso presente de manera permanente. Potenciamos el apartado de <strong><a href=\"https:\/\/www.test.cesramonycajal.com\/noticias\/\">Noticias<\/a><\/strong>, donde albergaremos contenido de valor, a\u00f1adido para los usuarios, y ampliamos la informaci\u00f3n, con todo lujo de detalles, acerca de nuestra oferta formativa en Granada, gracias a las secciones de ESO, Bachillerato y estudios FP B\u00e1sico, Medio, Superior y <a href=\"https:\/\/www.test.cesramonycajal.com\/fp-a-distancia\/administracion-y-finanzas-a-distancia\/\"><strong>FP a distancia<\/strong><\/a><strong>.<\/strong><\/p>\n<p>Sin duda, estamos muy orgullosos de presentarte esta nueva p\u00e1gina web en la que nos presentamos ante ti de forma clara y cercana, con el objetivo de seguir ofreci\u00e9ndote nuestros valores de siempre, pero con una imagen que representa el nivel alcanzado por nuestro Centro en los \u00faltimos a\u00f1os.[\/vc_column_text][\/vc_column][\/vc_row]<\/p>\n","protected":false},"excerpt":{"rendered":"<p>[vc_row][vc_column][vc_row_inner][vc_column_inner][vc_column_text] \u00a1BIENVENID@S! EL CES RAM\u00d3N Y CAJAL ESTRENA NUEVA P\u00c1GINA WEB [\/vc_column_text][\/vc_column_inner][\/vc_row_inner][vc_column_text]\u00a1Bienvenid@s! \u00a1Estamos de celebraci\u00f3n e ilusionados! Tras varios meses de trabajo, \u00a1lanzamos\u00a0la nueva p\u00e1gina web del CES Ram\u00f3n y Cajal!\u00a0Una herramienta accesible, moderna y sencilla que nos permitir\u00e1 estar a\u00fan m\u00e1s cerca, tanto de nuestro alumnado, como de todas las madres y padres que [&hellip;]<\/p>\n","protected":false},"author":2,"featured_media":0,"comment_status":"closed","ping_status":"closed","sticky":false,"template":"","format":"standard","meta":{"_et_pb_use_builder":"","_et_pb_old_content":"","_et_gb_content_width":"","footnotes":""},"categories":[9,3],"tags":[10],"class_list":["post-976","post","type-post","status-publish","format-standard","hentry","category-amypa","category-noticias","tag-nueva-pagina-web-del-ces-ramon-y-cajal"],"_links":{"self":[{"href":"https:\/\/www.test.cesramonycajal.com\/index.php?rest_route=\/wp\/v2\/posts\/976","targetHints":{"allow":["GET"]}}],"collection":[{"href":"https:\/\/www.test.cesramonycajal.com\/index.php?rest_route=\/wp\/v2\/posts"}],"about":[{"href":"https:\/\/www.test.cesramonycajal.com\/index.php?rest_route=\/wp\/v2\/types\/post"}],"author":[{"embeddable":true,"href":"https:\/\/www.test.cesramonycajal.com\/index.php?rest_route=\/wp\/v2\/users\/2"}],"replies":[{"embeddable":true,"href":"https:\/\/www.test.cesramonycajal.com\/index.php?rest_route=%2Fwp%2Fv2%2Fcomments&post=976"}],"version-history":[{"count":0,"href":"https:\/\/www.test.cesramonycajal.com\/index.php?rest_route=\/wp\/v2\/posts\/976\/revisions"}],"wp:attachment":[{"href":"https:\/\/www.test.cesramonycajal.com\/index.php?rest_route=%2Fwp%2Fv2%2Fmedia&parent=976"}],"wp:term":[{"taxonomy":"category","embeddable":true,"href":"https:\/\/www.test.cesramonycajal.com\/index.php?rest_route=%2Fwp%2Fv2%2Fcategories&post=976"},{"taxonomy":"post_tag","embeddable":true,"href":"https:\/\/www.test.cesramonycajal.com\/index.php?rest_route=%2Fwp%2Fv2%2Ftags&post=976"}],"curies":[{"name":"wp","href":"https:\/\/api.w.org\/{rel}","templated":true}]}}