{"id":9250,"date":"2020-06-02T10:33:51","date_gmt":"2020-06-02T08:33:51","guid":{"rendered":"http:\/\/www.cesramonycajal.com\/?p=9250"},"modified":"2020-06-02T10:33:51","modified_gmt":"2020-06-02T08:33:51","slug":"comprometidos-con-el-futuro-y-con-tu-futuro","status":"publish","type":"post","link":"https:\/\/www.test.cesramonycajal.com\/?p=9250","title":{"rendered":"COMPROMETIDOS CON EL FUTURO Y CON TU FUTURO"},"content":{"rendered":"<p>&nbsp;<\/p>\n<p style=\"text-align: center;\"><span style=\"font-size: 28px;\">COMPROMETIDOS CON EL FUTURO Y CON TU FUTURO<\/span><\/p>\n<p>&nbsp;<\/p>\n<p><span style=\"font-weight: 400;\">En el centro Ram\u00f3n y Cajal seguimos trabajando para que el virus no os complique m\u00e1s vuestro futuro. Es \u00e9poca de trabajar duro, de movilizar recursos, de utilizar el ingenio. Es \u00e9poca para no s\u00f3lo paliar la situaci\u00f3n provocada por la pandemia, sino para <\/span><b>dar pasos que afiancen las cosas, mejoren la educaci\u00f3n y mejoren las expectativas de futuro de las personas<\/b><span style=\"font-weight: 400;\">. Debemos fomentar la adaptaci\u00f3n a los cambios, personas competentes, personas que asuman la <\/span><b>responsabilidad ante escenarios muy vol\u00e1tiles<\/b><span style=\"font-weight: 400;\">.<\/span><\/p>\n<p>&nbsp;<\/p>\n<p><span style=\"font-weight: 400;\">En el escenario actual, nuestro equipo est\u00e1 trabajando, no s\u00f3lo para el presente, sino tambi\u00e9n para el futuro inminente -el pr\u00f3ximo curso- y para el no tan presente, los siguientes 4 a\u00f1os en la educaci\u00f3n y la formaci\u00f3n profesional.\u00a0<\/span><\/p>\n<p>&nbsp;<\/p>\n<p><span style=\"font-weight: 400;\">Y estamos orgullosos de muchos aspectos que representan nuestro proyecto de centro, pero si hay algo de lo que no tenemos duda, es de la calidad de nuestro equipo. Nuestro profesorado, comprometido siempre con su alumnado, inquieto, creativo y altamente cualificado, ya est\u00e1 creando y dando vueltas a c\u00f3mo aprovechar los contextos que vivimos, para generar \u201cfuturo\u201d a nuestr@s chic@s.<\/span><\/p>\n<p><span style=\"font-weight: 400;\">As\u00ed, mediante el presente comunicado, Ram\u00f3n y Cajal, quiere aprovechar para trasladaros algunos aspectos que, nos gustar\u00eda detallar y compartir con toda nuestra comunidad educativa:<\/span><\/p>\n<ul>\n<li style=\"font-weight: 400;\"><b>FINALIZACI\u00d3N DEL PRESENTE CURSO.<\/b><span style=\"font-weight: 400;\"> No hay mensaje oficial, pero todo apunta, desde la Consejer\u00eda de Educaci\u00f3n, que no nos incorporaremos a la modalidad presencial, en lo que queda de curso. Si se abriera esa posibilidad, estudiaremos las instrucciones que se nos remitieran, pero hacemos hincapi\u00e9 que, el objetivo ser\u00eda llevar a cabo actividades programadas que durante la tercera evaluaci\u00f3n no se han podido desarrollar, buscando as\u00ed, trabajar las competencias y resultados de aprendizaje m\u00e1s pr\u00e1cticos. En cada etapa educativa, los tutores de los grupos, os han ido informando de c\u00f3mo se han programado, tanto la evaluaci\u00f3n ordinaria, como el periodo y los planes de recuperaci\u00f3n.<\/span><\/li>\n<li style=\"font-weight: 400;\"><b>GRADUACI\u00d3N 19\/20.<\/b><span style=\"font-weight: 400;\"> Nuestra graduaci\u00f3n de los Bachilleratos y Ciclos Formativos estaba prevista para el 9 de junio. Y la graduaci\u00f3n de Secundaria y F.P.B. para el 19 de junio.\u00a0<\/span><\/li>\n<\/ul>\n<p><span style=\"font-weight: 400;\">Sabemos que en esas fechas, las reuniones de m\u00e1s de 400 personas no estar\u00e1n autorizadas. Nuestra graduaci\u00f3n de Bachilleratos y Ciclos Formativos re\u00fane a unas 2.000 personas, con lo cual se hace inviable. Y la graduaci\u00f3n familiar de la Secundaria y F.P.B, aunque re\u00fana a menos de 400 personas (unas 150 personas), no la vemos conveniente por motivos m\u00e1s que evidentes.<\/span><\/p>\n<p><span style=\"font-weight: 400;\">Para nosotros es una verdadera pena, disfrutamos much\u00edsimo de ese momento compartido con alumnado y familias orgullosas. Se trata, en todos los casos, de un cierre de una etapa y el primer paso a los nuevos retos que emprender\u00e9is, y eso, es ciertamente bonito vivirlo.\u00a0<\/span><\/p>\n<p><span style=\"font-weight: 400;\">\u00bfEntonces qu\u00e9? Pues gracias a este personal que tenemos aqu\u00ed estamos preparando algo, es dif\u00edcil por las circunstancias -profesorado que no puede asistir al centro, teletrabajando, evaluando, haci\u00e9ndose cargo de sus hijos y familias-. Pero sin duda, debemos y queremos hacer el esfuerzo y deseamos que el resultado final os guste y sirva como detalle y recuerdo de vuestro paso por vuestro centro.<\/span><\/p>\n<p><span style=\"font-weight: 400;\">As\u00ed que, os informamos que realizaremos:<\/span><\/p>\n<ul>\n<li style=\"font-weight: 400;\"><span style=\"font-weight: 400;\">Un video de graduaci\u00f3n con todos los grupos de Bachillerato y Ciclos Formativos, para que os sirva de recuerdo. Adem\u00e1s, haremos un video para cada grupo por separado para que teng\u00e1is un recuerdo m\u00e1s familiar, donde alguno de vuestros profesores os dedicar\u00e1 unas palabras.<\/span><\/li>\n<\/ul>\n<p>&nbsp;<\/p>\n<ul>\n<li style=\"font-weight: 400;\"><span style=\"font-weight: 400;\">En el caso de Secundaria y F.P.B. vamos a hacer una <\/span><b>GRADUACI\u00d3N VIRTUAL<\/b><span style=\"font-weight: 400;\"> en la que, con cari\u00f1o, creatividad y buen humor, cumpliremos con este acto del que no queremos perder la oportunidad de disfrutar. Est\u00e1 prevista para el 22 de junio y ya recibir\u00e9is instrucciones.<\/span><\/li>\n<\/ul>\n<ul>\n<li style=\"font-weight: 400;\"><b>PR\u00c1CTICAS \u2013 FCT.<\/b><span style=\"font-weight: 400;\"> Las pr\u00e1cticas de Formaci\u00f3n Profesional quedaron suspendidas en un primer momento, para despu\u00e9s cerrarse a trav\u00e9s de los tutores docentes en la realizaci\u00f3n de Proyectos por medios virtuales. Esto hizo que los convenios firmados, quedaran sin efecto y validez.\u00a0<\/span><\/li>\n<\/ul>\n<p><span style=\"font-weight: 400;\">El centro, con el \u00e1nimo de ofrecer un plus a su alumnado y a las empresas con las que tiene relaci\u00f3n, est\u00e1 estudiando f\u00f3rmulas de colaboraci\u00f3n para hacer pr\u00e1cticas fuera ya de la realizaci\u00f3n del ciclo.<\/span><\/p>\n<p><span style=\"font-weight: 400;\">Es decir, nuestro alumnado va a titular o poder titular en junio, con el modelo que, la Consejer\u00eda de Educaci\u00f3n y Deporte, nos estableci\u00f3. Pero de cara al primer trimestre del curso que viene, el centro est\u00e1 trabajando en la firma de convenios privados, para que el alumnado EGRESADO del centro del curso 2019\/2020, pueda optar a estancias en centros de trabajo, donde ni alumnado ni empresas colaboradoras, tuvieran que asumir ning\u00fan gasto para su realizaci\u00f3n.\u00a0<\/span><\/p>\n<p><span style=\"font-weight: 400;\">Es una idea que se est\u00e1 gestando y en la que estamos trabajando, donde hay muchas variables y muchas circunstancias, en funci\u00f3n del sector productivo al que nos dirijamos, o en funci\u00f3n de las propias familias profesionales de los distintos ciclos formativos.<\/span><\/p>\n<p>&nbsp;<\/p>\n<ul>\n<li style=\"font-weight: 400;\"><b>SERVICIO DIGITAL DEL CENTRO. <\/b><span style=\"font-weight: 400;\">Existe mucha incertidumbre sobre c\u00f3mo se desarrollar\u00e1 el curso que viene. Parece claro que, la presencialidad de los estudios no ser\u00e1 tal como la conocemos en la actualidad, e igualmente se sospecha de un posible rebrote que pudiera implicar un nuevo periodo de confinamiento. La \u00fanica certidumbre que tenemos desde RAM\u00d3N Y CAJAL es que, estaremos preparados para adaptarnos a cualquier circunstancia que nos puede sobrevenir. As\u00ed que, seguimos desarrollando f\u00f3rmulas para mejorar el servicio que hemos prestado de forma virtual, para que podamos bascular y convivir con \u201cambos sistemas\u201d, o por qu\u00e9 no, pensar en que ambos se integrar\u00e1n en uno s\u00f3lo en aras de adaptarnos a las necesidades. En definitiva, lo que llevamos tratando de hacer y haciendo desde algunos a\u00f1os atr\u00e1s.\u00a0<\/span><\/li>\n<\/ul>\n<p><span style=\"font-weight: 400;\">Porque no s\u00f3lo es cuesti\u00f3n de tener los medios t\u00e9cnicos adaptados, sino tambi\u00e9n de adaptar el modelo, la forma para que el proceso ense\u00f1anza-aprendizaje funcione, sino se convierte en un parodia de lo que se llama \u201ceducar\u201d, y la educaci\u00f3n no debe convertirse en parodia, porque estamos hablando de los profesionales del futuro.<\/span><\/p>\n<p><span style=\"font-weight: 400;\">El contacto debe existir, el seguimiento debe existir, la posibilidad de relacionarse entre compa\u00f1eros debe existir y la evaluaci\u00f3n debe ser la adecuada a las necesidades y a la forma. Nosotros lo pensamos y lo estamos trabajando, desarrollando protocolos de trabajo, metodolog\u00eda y ense\u00f1anzas adaptadas a los requisitos de la modalidad a distancia. As\u00ed, seguiremos mejorando la calidad formativa presencial, como venimos haciendo y de paso, estaremos m\u00e1s preparados para cualquier circunstancia que en el futuro pudiera venir.<\/span><\/p>\n<ul>\n<li style=\"font-weight: 400;\"><b>ESCOLARIZACI\u00d3N 20\/21<\/b><span style=\"font-weight: 400;\">. Seguimos con el proceso de reservas iniciado en marzo y que, se ha venido realizando ya, por muchos futuros alumnos y alumnas de manera online, si bien, ya hemos abierto nuestra secretar\u00eda para que los interesados puedan informarse y reservar de manera presencial. Nuestra secretar\u00eda permanece abierta de lunes a viernes de 10:00 a 13:00 (no es necesario pedir cita previa ya que se han tomado medidas de seguridad adecuadas).\u00a0<\/span><\/li>\n<\/ul>\n<p><span style=\"font-weight: 400;\">Las solicitudes para nuevos ciclos empezar\u00e1n previsiblemente a partir del 15 de junio. Y las instrucciones para las matr\u00edculas de nuestro alumnado que promociona de curso o repite se han hecho llegar por correo electr\u00f3nico a alumnado y familia.\u00a0<\/span><\/p>\n<p><span style=\"font-weight: 400;\">Para m\u00e1s informaci\u00f3n sobre el proceso a seguir seguidnos en redes donde os informaremos en los pr\u00f3ximo d\u00edas.<\/span><\/p>\n<p>&nbsp;<\/p>\n<p><span style=\"font-weight: 400;\">Un abrazo fuerte y afectuoso.<\/span><\/p>\n","protected":false},"excerpt":{"rendered":"<p>&nbsp; COMPROMETIDOS CON EL FUTURO Y CON TU FUTURO &nbsp; En el centro Ram\u00f3n y Cajal seguimos trabajando para que el virus no os complique m\u00e1s vuestro futuro. Es \u00e9poca de trabajar duro, de movilizar recursos, de utilizar el ingenio. Es \u00e9poca para no s\u00f3lo paliar la situaci\u00f3n provocada por la pandemia, sino para dar [&hellip;]<\/p>\n","protected":false},"author":2,"featured_media":9251,"comment_status":"closed","ping_status":"closed","sticky":false,"template":"","format":"standard","meta":{"_et_pb_use_builder":"","_et_pb_old_content":"","_et_gb_content_width":"","footnotes":""},"categories":[3],"tags":[],"class_list":["post-9250","post","type-post","status-publish","format-standard","has-post-thumbnail","hentry","category-noticias"],"_links":{"self":[{"href":"https:\/\/www.test.cesramonycajal.com\/index.php?rest_route=\/wp\/v2\/posts\/9250","targetHints":{"allow":["GET"]}}],"collection":[{"href":"https:\/\/www.test.cesramonycajal.com\/index.php?rest_route=\/wp\/v2\/posts"}],"about":[{"href":"https:\/\/www.test.cesramonycajal.com\/index.php?rest_route=\/wp\/v2\/types\/post"}],"author":[{"embeddable":true,"href":"https:\/\/www.test.cesramonycajal.com\/index.php?rest_route=\/wp\/v2\/users\/2"}],"replies":[{"embeddable":true,"href":"https:\/\/www.test.cesramonycajal.com\/index.php?rest_route=%2Fwp%2Fv2%2Fcomments&post=9250"}],"version-history":[{"count":0,"href":"https:\/\/www.test.cesramonycajal.com\/index.php?rest_route=\/wp\/v2\/posts\/9250\/revisions"}],"wp:featuredmedia":[{"embeddable":true,"href":"https:\/\/www.test.cesramonycajal.com\/index.php?rest_route=\/wp\/v2\/media\/9251"}],"wp:attachment":[{"href":"https:\/\/www.test.cesramonycajal.com\/index.php?rest_route=%2Fwp%2Fv2%2Fmedia&parent=9250"}],"wp:term":[{"taxonomy":"category","embeddable":true,"href":"https:\/\/www.test.cesramonycajal.com\/index.php?rest_route=%2Fwp%2Fv2%2Fcategories&post=9250"},{"taxonomy":"post_tag","embeddable":true,"href":"https:\/\/www.test.cesramonycajal.com\/index.php?rest_route=%2Fwp%2Fv2%2Ftags&post=9250"}],"curies":[{"name":"wp","href":"https:\/\/api.w.org\/{rel}","templated":true}]}}