{"id":8793,"date":"2020-05-13T11:22:17","date_gmt":"2020-05-13T09:22:17","guid":{"rendered":"http:\/\/www.cesramonycajal.com\/?p=8793"},"modified":"2020-05-13T11:22:17","modified_gmt":"2020-05-13T09:22:17","slug":"solicita-tu-plaza-para-e-s-o-y-bachillerato","status":"publish","type":"post","link":"https:\/\/www.test.cesramonycajal.com\/?p=8793","title":{"rendered":"Solicita tu plaza para E.S.O. y Bachillerato"},"content":{"rendered":"<p style=\"text-align: center;\"><span style=\"font-size: 28px;\"><strong>SOLICITA TU PLAZA PARA E.S.O. Y BACHILLERATO<\/strong><\/span><\/p>\n<p>&nbsp;<\/p>\n<p><span style=\"font-weight: 400;\">Nuestro centro, como sab\u00e9is, lleva desde el a\u00f1o 1985 prestando un servicio p\u00fablico, el servicio de educar y formar. Desde el a\u00f1o 2000, tenemos <\/span><b>Secundaria Obligatoria<\/b><span style=\"font-weight: 400;\"> y <\/span><b>Bachillerato<\/b> <b>concertadas<\/b><span style=\"font-weight: 400;\"> por la Consejer\u00eda de Educaci\u00f3n y Deporte de la Junta de Andaluc\u00eda.<\/span><\/p>\n<p><span style=\"font-weight: 400;\">Para hacer un <\/span><b>bachillerato de calidad<\/b><span style=\"font-weight: 400;\">, no hay necesidad de tener que \u201cpagar cuotas\u201d. Existimos centros que <\/span><b>prestamos un servicio p\u00fablico<\/b><span style=\"font-weight: 400;\">, que somos \u201cno religiosos\u201d y que <\/span><b>estamos concertados<\/b><span style=\"font-weight: 400;\">. Y aqu\u00ed, no hay necesidad de hacer los desembolsos econ\u00f3micos de un centro privado o los de \u201cotros centros concertados que solicitan pagos peri\u00f3dicos\u201d.\u00a0<\/span><\/p>\n<p><span style=\"font-weight: 400;\">Nosotros somos una cooperativa de ense\u00f1anza, <\/span><b>#LaOtraConcertada<\/b><span style=\"font-weight: 400;\">; <\/span><b>#La ConcertadaSinCuotas<\/b><span style=\"font-weight: 400;\">; <\/span><b>#LaConcertadaNoReligiosa<\/b><span style=\"font-weight: 400;\">.<\/span><\/p>\n<p><span style=\"font-weight: 400;\">Tras el decreto de alarma, el plazo de escolarizaci\u00f3n para solicitar plaza en E.S.O. y Bachillerato qued\u00f3 en suspenso. Por otro lado, la Orden de la Consejer\u00eda de la Presidencia, Administraci\u00f3n P\u00fablica e Interior de 15 de marzo de 2020 de la Junta de Andaluc\u00eda, <\/span><b>dispone que la admisi\u00f3n y matriculaci\u00f3n del alumnado en los centros docentes p\u00fablicos y privados de todas las ense\u00f1anzas constituye un servicio esencial<\/b><span style=\"font-weight: 400;\"> que debe de garantizarse y prestarse de modo efectivo.<\/span><\/p>\n<p><span style=\"font-weight: 400;\">Es por ello, y deseando que nuestra bonita ciudad pase a la ansiada fase I, que <\/span><b>el pr\u00f3ximo lunes, d\u00eda 18 de mayo, nos disponemos a abrir. <\/b><span style=\"font-weight: 400;\">No hemos dejado de atender a nuestro alumnado durante todo el confinamiento. Pero ahora, volvemos a recuperar una peque\u00f1a cantidad de la <\/span><b>cercan\u00eda que nos caracteriza<\/b><span style=\"font-weight: 400;\"> y de la que nos sentimos orgullosos, porque podemos abrir.<\/span><\/p>\n<p><span style=\"font-weight: 400;\">Por ahora, s\u00f3lo abriremos nuestra <\/span><b>secretar\u00eda, en horario de 9:30 a 13:30 horas<\/b><span style=\"font-weight: 400;\">. Pero los grandes recorridos est\u00e1n llenos siempre de peque\u00f1os pasos. Y all\u00ed estar\u00e1 el personal de <\/span><b>Administraci\u00f3n y Servicios y el Equipo Directivo del Ram\u00f3n y Cajal<\/b><span style=\"font-weight: 400;\"> trabajando duro, y tratando de estar <\/span><b>a la altura<\/b><span style=\"font-weight: 400;\"> de las circunstancias y <\/span><b>de vuestras necesidades<\/b><span style=\"font-weight: 400;\">.<\/span><\/p>\n<p><span style=\"font-weight: 400;\">Cercanos no quiere decir inseguros, ni mucho menos irresponsables. Las zonas se han desinfectado correctamente, estableceremos las separaciones adecuadas, limitaremos el aforo, el personal dispondr\u00e1 de las medidas de protecci\u00f3n necesarias y todo se limpiar\u00e1 cada d\u00eda escrupulosamente. Es decir, abrimos con todas las garant\u00edas.<\/span><\/p>\n<p><span style=\"font-weight: 400;\">Por vuestra parte, aquellos que todav\u00eda no hab\u00e9is solicitado plaza y vay\u00e1is a venir a hacerlo:<\/span><\/p>\n<ul>\n<li style=\"font-weight: 400;\"><span style=\"font-weight: 400;\">Deb\u00e9is venir individualmente.<\/span><\/li>\n<li style=\"font-weight: 400;\"><span style=\"font-weight: 400;\">Deb\u00e9is permanecer en nuestras instalaciones el tiempo imprescindible para la realizaci\u00f3n de las gestiones que necesit\u00e9is.<\/span><\/li>\n<li style=\"font-weight: 400;\"><span style=\"font-weight: 400;\">Deb\u00e9is respetar las zonas que han sido habilitadas para esperar vuestro turno.<\/span><\/li>\n<li style=\"font-weight: 400;\"><span style=\"font-weight: 400;\">Deb\u00e9is respetar la distancia entre personas (m\u00ednimo dos metros).\u00a0<\/span><\/li>\n<li style=\"font-weight: 400;\"><span style=\"font-weight: 400;\">Y es muy recomendable venir con vuestra mascarilla puesta.<\/span><\/li>\n<\/ul>\n<p><span style=\"font-weight: 400;\">Recordad, que tambi\u00e9n estamos a vuestra disposici\u00f3n, a trav\u00e9s de:<\/span><\/p>\n<ul>\n<li style=\"font-weight: 400;\"><span style=\"font-weight: 400;\">El correo de la secretar\u00eda de centro: <\/span><a href=\"mailto:secretaria@cesramonycajal.com\"><span style=\"font-weight: 400;\">secretaria@cesramonycajal.com<\/span><\/a><\/li>\n<li style=\"font-weight: 400;\"><span style=\"font-weight: 400;\">Nuestros tel\u00e9fonos: 958 279 762 y 958 279 766<\/span><\/li>\n<li style=\"font-weight: 400;\"><span style=\"font-weight: 400;\">Nuestra web: <\/span><a href=\"https:\/\/www.test.cesramonycajal.com\/\"><span style=\"font-weight: 400;\">cesramonycajal.com<\/span><\/a><\/li>\n<li style=\"font-weight: 400;\"><span style=\"font-weight: 400;\">Nuestras redes sociales<\/span><\/li>\n<\/ul>\n<p><b>Gracias<\/b><span style=\"font-weight: 400;\">, por confiarnos vuestra educaci\u00f3n y formaci\u00f3n o la de vuestros seres m\u00e1s queridos, vuestros hijos.<\/span><\/p>\n","protected":false},"excerpt":{"rendered":"<p>SOLICITA TU PLAZA PARA E.S.O. Y BACHILLERATO &nbsp; Nuestro centro, como sab\u00e9is, lleva desde el a\u00f1o 1985 prestando un servicio p\u00fablico, el servicio de educar y formar. Desde el a\u00f1o 2000, tenemos Secundaria Obligatoria y Bachillerato concertadas por la Consejer\u00eda de Educaci\u00f3n y Deporte de la Junta de Andaluc\u00eda. Para hacer un bachillerato de calidad, [&hellip;]<\/p>\n","protected":false},"author":2,"featured_media":8794,"comment_status":"closed","ping_status":"closed","sticky":false,"template":"","format":"standard","meta":{"_et_pb_use_builder":"","_et_pb_old_content":"","_et_gb_content_width":"","footnotes":""},"categories":[3],"tags":[],"class_list":["post-8793","post","type-post","status-publish","format-standard","has-post-thumbnail","hentry","category-noticias"],"_links":{"self":[{"href":"https:\/\/www.test.cesramonycajal.com\/index.php?rest_route=\/wp\/v2\/posts\/8793","targetHints":{"allow":["GET"]}}],"collection":[{"href":"https:\/\/www.test.cesramonycajal.com\/index.php?rest_route=\/wp\/v2\/posts"}],"about":[{"href":"https:\/\/www.test.cesramonycajal.com\/index.php?rest_route=\/wp\/v2\/types\/post"}],"author":[{"embeddable":true,"href":"https:\/\/www.test.cesramonycajal.com\/index.php?rest_route=\/wp\/v2\/users\/2"}],"replies":[{"embeddable":true,"href":"https:\/\/www.test.cesramonycajal.com\/index.php?rest_route=%2Fwp%2Fv2%2Fcomments&post=8793"}],"version-history":[{"count":0,"href":"https:\/\/www.test.cesramonycajal.com\/index.php?rest_route=\/wp\/v2\/posts\/8793\/revisions"}],"wp:featuredmedia":[{"embeddable":true,"href":"https:\/\/www.test.cesramonycajal.com\/index.php?rest_route=\/wp\/v2\/media\/8794"}],"wp:attachment":[{"href":"https:\/\/www.test.cesramonycajal.com\/index.php?rest_route=%2Fwp%2Fv2%2Fmedia&parent=8793"}],"wp:term":[{"taxonomy":"category","embeddable":true,"href":"https:\/\/www.test.cesramonycajal.com\/index.php?rest_route=%2Fwp%2Fv2%2Fcategories&post=8793"},{"taxonomy":"post_tag","embeddable":true,"href":"https:\/\/www.test.cesramonycajal.com\/index.php?rest_route=%2Fwp%2Fv2%2Ftags&post=8793"}],"curies":[{"name":"wp","href":"https:\/\/api.w.org\/{rel}","templated":true}]}}