{"id":8191,"date":"2020-04-12T14:17:28","date_gmt":"2020-04-12T12:17:28","guid":{"rendered":"http:\/\/www.cesramonycajal.com\/?p=8191"},"modified":"2020-04-12T14:17:28","modified_gmt":"2020-04-12T12:17:28","slug":"estar-a-la-altura","status":"publish","type":"post","link":"https:\/\/www.test.cesramonycajal.com\/?p=8191","title":{"rendered":"Estar a la altura"},"content":{"rendered":"<p>[vc_row][vc_column][vc_row_inner][vc_column_inner][vc_column_text]<\/p>\n<h2 style=\"text-align: center;\"><strong>ADAPTARSE, S\u00cd O S\u00cd<\/strong><\/h2>\n<p>[\/vc_column_text][\/vc_column_inner][\/vc_row_inner][vc_column_text]<\/p>\n<h3><\/h3>\n<p>&nbsp;<\/p>\n<p><span style=\"font-weight: 400;\">Hace cuatro a\u00f1os llegaba a la direcci\u00f3n del centro pensando que era lo importante para llegar a:\u00a0<\/span><\/p>\n<p><span style=\"font-weight: 400;\">\u201c<\/span><b>satisfacer la necesidad que el alumnado presentaba e iba a presentar<\/b><span style=\"font-weight: 400;\">\u201d.<\/span><\/p>\n<p><span style=\"font-weight: 400;\">Si algo ten\u00eda claro era que hab\u00eda que adaptarse a los nuevos perfiles del alumnado, sin perder de vista las necesidades futuras de la sociedad, las inquietudes de las familias y, por supuesto, siendo consecuentes con lo que debe implicar ser docentes en el \u201cmundo\u201d. Quiz\u00e1s esto \u00faltimo sea lo m\u00e1s dif\u00edcil, porque \u00bfqu\u00e9 es \u201cser docente\u201d?<\/span><\/p>\n<p><span style=\"font-weight: 400;\">Sin duda, ha sido una gran labor la que este centro ha hecho en estos \u00faltimos cuatro a\u00f1os, pero -sin duda tambi\u00e9n- la lleva haciendo ya 35 a\u00f1os. Y es que cada momento requiere de lo que requiere.\u00a0<\/span><\/p>\n<p><span style=\"font-weight: 400;\">Lo peor para un docente, seg\u00fan mi opini\u00f3n, es caer en que lo que \u00e9l dice es lo m\u00e1s importante. El docente debe tener claro qu\u00e9 es lo que el alumno necesita aprender, c\u00f3mo lo va a aprender o puede aprenderlo, y evaluar que est\u00e1 preparado. Algo que no representa apenas responsabilidad\u2026<\/span><\/p>\n<p><span style=\"font-weight: 400;\">Pero adem\u00e1s, es que en un aula cada alumno es \u00fanico. Y la atenci\u00f3n a la diversidad hace de ense\u00f1ar un verdadero arte, una aut\u00e9ntica representaci\u00f3n, un no parar de estudiar para hacerlo realidad, para llegar a cada uno teniendo en cuenta las limitaciones, las virtudes, los problemas y todo un c\u00famulo de variables, para <\/span><b>formar a los profesionales del futuro.<\/b><\/p>\n<p><span style=\"font-weight: 400;\">Y claro, en aulas de 30-35 alumnos no queda otra que<\/span><b> innovar<\/b><span style=\"font-weight: 400;\">, que introducir la tecnolog\u00eda. Y a todos los padres que han venido a preguntarme en estos a\u00f1os se lo he dicho, que el centro que ustedes escojan o vayan a escoger,\u00a0 <\/span><b>use la tecnolog\u00eda para el proceso de ense\u00f1anza-aprendizaje.<\/b><\/p>\n<p><span style=\"font-weight: 400;\">Y vuestro centro, alumnado y familias, tratamos de que sea un ejemplo de adaptaci\u00f3n continua, de innovaci\u00f3n en un entorno cambiante, incierto, vol\u00e1til y muy complejo. Un ejemplo, que adem\u00e1s se transmita al alumnado como valor para lo que es la vida: <\/span><b>adaptarse, s\u00ed o s\u00ed<\/b><span style=\"font-weight: 400;\">.<\/span><\/p>\n<p>&nbsp;<\/p>\n<h3><b>Adaptaci\u00f3n del proceso ense\u00f1anza-aprendizaje<\/b><\/h3>\n<p>&nbsp;<\/p>\n<p><span style=\"font-weight: 400;\">Y llegamos a la situaci\u00f3n actual. En este centro se est\u00e1 trabajando de una manera espectacular, con un sentido de la responsabilidad que me abruma y luchando cada d\u00eda de este confinamiento por <\/span><b>estar a la altura<\/b><span style=\"font-weight: 400;\">.<\/span><\/p>\n<p><span style=\"font-weight: 400;\">Hace 4 a\u00f1os apostamos firmemente por una l\u00ednea de trabajo, introducir en el aula presencial elementos del aula virtual. Como centro ya desde el 2006 hac\u00edamos ense\u00f1anzas regladas virtuales. Sin embargo, meterlas en el aula presencial era para algunos docentes como invadir su intimidad, como infravalorar su saber; era tratar de cambiar algunas mentes, obligar a <\/span><b>adaptarse a lo desconocido<\/b><span style=\"font-weight: 400;\">. Y adaptarse a lo desconocido es adaptarse a lo que no ha ocurrido, y si no ha ocurrido para qu\u00e9 adaptarse. O sea, hab\u00eda que entender que estamos en entornos que no son estables, son imperfectos y debemos estar preparados para <\/span><b>vivir en el continuo cambio.<\/b><\/p>\n<p><span style=\"font-weight: 400;\">Hoy, y en plena pandemia por el Covid 19, despu\u00e9s de tres semanas de clases virtuales, despu\u00e9s de intentar adaptar un <\/span><b>sistema de educaci\u00f3n presencial <\/b><span style=\"font-weight: 400;\">a un <\/span><b>sistema de educaci\u00f3n virtual<\/b><span style=\"font-weight: 400;\">, creo sinceramente que nos hemos preparado perfectamente durante los \u00faltimos 4 a\u00f1os y seguramente mucho antes.<\/span><\/p>\n<p><span style=\"font-weight: 400;\">Y pensar que estamos preparados, no quiere decir que no estemos cometiendo errores, ni que pudi\u00e9ramos cometer m\u00e1s. Pero hemos hecho en tres semanas decenas de reuniones de coordinaci\u00f3n: a nivel de equipos docentes (las m\u00e1s importantes), a nivel de etapas educativas, a nivel departamental, de equipo t\u00e9cnico de coordinaci\u00f3n pedag\u00f3gica, de equipo directivo y empresarial. Y en todas ellas, lo m\u00e1s importante era <\/span><b>seguir prestando servicio de educaci\u00f3n al alumnado<\/b><span style=\"font-weight: 400;\">. Y hacerlo teniendo en consideraci\u00f3n sus circunstancias personales, familiares, t\u00e9cnicas y econ\u00f3micas, y sin perder de vista que siga aprendiendo. Pero, por supuesto, de otra forma.<\/span><\/p>\n<p><span style=\"font-weight: 400;\">Y en eso estamos, <\/span><b>estamos aprendiendo todos,<\/b><span style=\"font-weight: 400;\"> porque en el cambio no puede ser de otra forma, y porque a todo el mundo le gusta o le interesa aprender. De hecho este per\u00edodo, totalmente experimental, dar\u00e1 lugar a \u201cr\u00edos de tinta a nivel sociol\u00f3gico\u201d sobre el aprendizaje y sus formas en la siguiente d\u00e9cada.<\/span><\/p>\n<p>&nbsp;<\/p>\n<p><span style=\"font-weight: 400;\">Hoy, Domingo de Resurecci\u00f3n, avistando el inicio del tercer trimestre, os digo que <\/span><b>vamos a intentar estar a la altura<\/b><span style=\"font-weight: 400;\">:<\/span><\/p>\n<p>&nbsp;<\/p>\n<ul>\n<li style=\"font-weight: 400;\"><span style=\"font-weight: 400;\">Vamos a escuchar vuestras necesidades.<\/span><\/li>\n<li style=\"font-weight: 400;\"><span style=\"font-weight: 400;\">Vamos a transmitiros serenidad.<\/span><\/li>\n<li style=\"font-weight: 400;\"><span style=\"font-weight: 400;\">Vamos a seguir marcando el camino del aprendizaje.<\/span><\/li>\n<li style=\"font-weight: 400;\"><span style=\"font-weight: 400;\">Vamos a aprender con vosotros, y por vosotros.<\/span><\/li>\n<li style=\"font-weight: 400;\"><span style=\"font-weight: 400;\">Vamos a tratar de reducir las limitaciones de cada uno.<\/span><\/li>\n<li style=\"font-weight: 400;\"><span style=\"font-weight: 400;\">Y vamos a seguir siendo responsables, valorando vuestro esfuerzo y vuestro nivel de aprendizaje. Porque si la labor de un sanitario es fundamental, o la de un polic\u00eda, o la de un dependiente, o la de un limpiador\u2026 La de un docente tambi\u00e9n lo es: <\/span><b>ense\u00f1ar a los profesionales del futuro<\/b><span style=\"font-weight: 400;\"> no es cualquier cosa.<\/span><\/li>\n<\/ul>\n<p>&nbsp;<\/p>\n<div class=\"video-container\"><iframe loading=\"lazy\" src=\"https:\/\/www.youtube.com\/embed\/KI03NPkTldo\" width=\"560\" height=\"315\" frameborder=\"0\" allowfullscreen=\"allowfullscreen\"><\/iframe><\/div>\n<p>&nbsp;<\/p>\n<p><span style=\"font-weight: 400;\">Llegar alto puede ser lo m\u00e1ximo, pero lo importante no es eso, es <\/span><b>estar a la altura<\/b><span style=\"font-weight: 400;\">. Si observ\u00e1is, ver\u00e9is m\u00faltiples ejemplos en la sociedad que confunden llegar alto con estar a la altura.<\/span><\/p>\n<p><span style=\"font-weight: 400;\">El equipo de profesionales de este centro os quiere, <\/span><b>os queremos mucho<\/b><span style=\"font-weight: 400;\">. Y con el deseo de poder vernos m\u00e1s pronto que tarde os dejo estas l\u00edneas y este v\u00eddeo (no soy un profesional de la edici\u00f3n, as\u00ed que no lo critiqueis mucho).<\/span>[\/vc_column_text][\/vc_column][\/vc_row]<\/p>\n","protected":false},"excerpt":{"rendered":"<p>[vc_row][vc_column][vc_row_inner][vc_column_inner][vc_column_text] ADAPTARSE, S\u00cd O S\u00cd [\/vc_column_text][\/vc_column_inner][\/vc_row_inner][vc_column_text] &nbsp; Hace cuatro a\u00f1os llegaba a la direcci\u00f3n del centro pensando que era lo importante para llegar a:\u00a0 \u201csatisfacer la necesidad que el alumnado presentaba e iba a presentar\u201d. Si algo ten\u00eda claro era que hab\u00eda que adaptarse a los nuevos perfiles del alumnado, sin perder de vista las [&hellip;]<\/p>\n","protected":false},"author":2,"featured_media":8195,"comment_status":"closed","ping_status":"closed","sticky":false,"template":"","format":"standard","meta":{"_et_pb_use_builder":"","_et_pb_old_content":"","_et_gb_content_width":"","footnotes":""},"categories":[3],"tags":[],"class_list":["post-8191","post","type-post","status-publish","format-standard","has-post-thumbnail","hentry","category-noticias"],"_links":{"self":[{"href":"https:\/\/www.test.cesramonycajal.com\/index.php?rest_route=\/wp\/v2\/posts\/8191","targetHints":{"allow":["GET"]}}],"collection":[{"href":"https:\/\/www.test.cesramonycajal.com\/index.php?rest_route=\/wp\/v2\/posts"}],"about":[{"href":"https:\/\/www.test.cesramonycajal.com\/index.php?rest_route=\/wp\/v2\/types\/post"}],"author":[{"embeddable":true,"href":"https:\/\/www.test.cesramonycajal.com\/index.php?rest_route=\/wp\/v2\/users\/2"}],"replies":[{"embeddable":true,"href":"https:\/\/www.test.cesramonycajal.com\/index.php?rest_route=%2Fwp%2Fv2%2Fcomments&post=8191"}],"version-history":[{"count":0,"href":"https:\/\/www.test.cesramonycajal.com\/index.php?rest_route=\/wp\/v2\/posts\/8191\/revisions"}],"wp:featuredmedia":[{"embeddable":true,"href":"https:\/\/www.test.cesramonycajal.com\/index.php?rest_route=\/wp\/v2\/media\/8195"}],"wp:attachment":[{"href":"https:\/\/www.test.cesramonycajal.com\/index.php?rest_route=%2Fwp%2Fv2%2Fmedia&parent=8191"}],"wp:term":[{"taxonomy":"category","embeddable":true,"href":"https:\/\/www.test.cesramonycajal.com\/index.php?rest_route=%2Fwp%2Fv2%2Fcategories&post=8191"},{"taxonomy":"post_tag","embeddable":true,"href":"https:\/\/www.test.cesramonycajal.com\/index.php?rest_route=%2Fwp%2Fv2%2Ftags&post=8191"}],"curies":[{"name":"wp","href":"https:\/\/api.w.org\/{rel}","templated":true}]}}