{"id":7913,"date":"2020-03-25T19:28:32","date_gmt":"2020-03-25T18:28:32","guid":{"rendered":"http:\/\/www.cesramonycajal.com\/?p=7913"},"modified":"2020-03-25T19:28:32","modified_gmt":"2020-03-25T18:28:32","slug":"2a-y-3a-semana-seguimos-educando","status":"publish","type":"post","link":"https:\/\/www.test.cesramonycajal.com\/?p=7913","title":{"rendered":"2\u00aa y 3\u00aa semana, \u00abSeguimos Educando\u00bb"},"content":{"rendered":"<p>[vc_row][vc_column][vc_row_inner][vc_column_inner][vc_column_text]<\/p>\n<h2 style=\"text-align: center;\"><strong>2\u00aa Y 3\u00aa SEMANA, \u201cSEGUIMOS EDUCANDO\u201d<\/strong><\/h2>\n<p>[\/vc_column_text][\/vc_column_inner][\/vc_row_inner][vc_column_text]Desde el centro tenemos muy presentes a nuestros alumnos y su formaci\u00f3n durante estos d\u00edas de confinamiento.<\/p>\n<p>Somos conscientes de las situaciones que se os est\u00e1n presentando a las familias durante estos d\u00edas, y que dificultan la realizaci\u00f3n de las tareas que se est\u00e1n enviando. Los alumnos deb\u00e9is procurar seguir las indicaciones de vuestros profesores sin que os supongan un agobio, y comunicarles cualquier contratiempo o dificultad que se os presente. Porque \u201c<strong>Seguimos Educando\u201d.<\/strong><\/p>\n<p>&nbsp;<\/p>\n<p>Tras una primera semana en la que <strong>todos estamos aprendiendo<\/strong>, hemos sacado algunas conclusiones:<\/p>\n<ul>\n<li>Los equipos docentes seguir\u00e1n utilizando los espacios de trabajo en nuestras plataformas educativas (Classroom, Moodle u otras), para que el alumnado tenga organizaci\u00f3n semanal de sus diferentes asignaturas, tareas y actividades a realizar durante la suspensi\u00f3n temporal de las clases presenciales.<\/li>\n<li>Los docentes van a <strong>ser sensibles a las situaciones<\/strong> que el alumnado y las familias est\u00e1n viviendo, sin perder de vista sus <strong>obligaciones y responsabilidades<\/strong>.<\/li>\n<\/ul>\n<p><strong>\u00a0<\/strong><strong>\u00a0<\/strong><\/p>\n<p><strong>PLAN DE ACTUACI\u00d3N DEL CENTRO DE CARA A LA FINALIZACI\u00d3N DEL 2\u00ba TRIMESTRE<\/strong><\/p>\n<p>&nbsp;<\/p>\n<ol>\n<li>El centro va a realizar sus sesiones de evaluaci\u00f3n como ten\u00eda programado, antes del per\u00edodo no lectivo de Semana Santa.<\/li>\n<li>Los tutores mandar\u00e1n v\u00eda telem\u00e1tica los <strong>Boletines de Calificaci\u00f3n, antes de las 11:00 horas del pr\u00f3ximo 3 de abril<\/strong>. En esa comunicaci\u00f3n los tutores trasladar\u00e1n informaci\u00f3n relevante sobre el proceso ense\u00f1anza-aprendizaje del alumnado:<\/li>\n<\/ol>\n<ul>\n<li>Adecuaci\u00f3n de los instrumentos metodol\u00f3gicos, los criterios de evaluaci\u00f3n y de calificaci\u00f3n en este nuevo contexto social. Y teniendo en consideraci\u00f3n, y siendo m\u00e1s que previsible, que est\u00e1 situaci\u00f3n se pueda prorrogar durante parte de la 3\u00aa evaluaci\u00f3n.<\/li>\n<li>Forma de comunicaci\u00f3n con los profesores para obtener informaci\u00f3n de c\u00f3mo superar las materias con evaluaci\u00f3n negativa.<\/li>\n<\/ul>\n<ol start=\"3\">\n<li><strong>A falta de instrucciones en este sentido por parte de la Consejer\u00eda de Educaci\u00f3n y Deporte.<\/strong> El alumnado de 2\u00ba de ciclos formativos seguir\u00e1 desarrollando su <strong>FCT<\/strong>, en funci\u00f3n de las indicaciones en Google Clasroom de sus tareas propuestas por sus tutores de FCT. Recordad, que las mismas deber\u00e1n ir indic\u00e1ndose en su hoja de seguimiento e incluir las horas de trabajo.<\/li>\n<\/ol>\n<p>Igualmente, para el alumnado cuyos centros de trabajo les manden tareas de <strong>teletrabajo<\/strong>, deber\u00e1n incluir las mismas en su diario e incluir las horas desempe\u00f1adas.<\/p>\n<ol start=\"4\">\n<li>Despu\u00e9s de esta semana de aprendizaje, el profesorado est\u00e1 siendo consciente del nuevo contexto de aprendizaje, teniendo en consideraci\u00f3n unas circunstancias muy diversas y algunos casos muy dolorosas y complicadas. Y todo esto se trasladar\u00e1 a la mejora del proceso de ense\u00f1anza-aprendizaje, una vez superado el \u201cshock inicial\u201d.<\/li>\n<\/ol>\n<p>Ahora bien, es muy importante que el alumnado y sus familias revisen diariamente las plataformas educativas de sus asignaturas y asuman <strong>rutinas de estudio y trabajo<\/strong>, ya que no estamos de vacaciones. Lo cual no quita que nos hagamos cargo los docentes de la dificultad de <strong>conciliaci\u00f3n de la vida personal y profesional<\/strong> de las familias en estos momentos que estamos viviendo.<\/p>\n<ol start=\"5\">\n<li>Recordad, que el equipo directivo del centro y el profesorado estar\u00e1n a vuestra disposici\u00f3n para cuantas dudas se os planteen, a trav\u00e9s de:<\/li>\n<\/ol>\n<ul>\n<li>Tel\u00e9fono: 681 262 176 (s\u00f3lo v\u00eda whatsapp)<\/li>\n<li>El correo de la secretar\u00eda de centro: <a href=\"mailto:secretaria@cesramonycajal.com\">secretaria@cesramonycajal.com<\/a><\/li>\n<li>Y los <strong>correos oficiales del profesorado del centro<\/strong><\/li>\n<\/ul>\n<p>&nbsp;<\/p>\n<p>Por \u00faltimo, desearos lo mejor en estos momentos que nos toca vivir y afrontar. Y recordad que es responsabilidad de tod@s proteger a las personas m\u00e1s vulnerables de un posible contagio masivo que colapse nuestro sistema de salud.<\/p>\n<p>Alumnado y familias, <strong>no estamos de vacaciones<\/strong>, estamos cooperando como sociedad para paliar un problema que afecta a toda la comunidad, a nuestros vecinos y seres queridos. <strong>Aprendemos<\/strong> de cada experiencia y situaci\u00f3n que en la vida enfrentamos, sigamos sumando entre todos para obtener mucho crecimiento, personal y como sociedad, de esta circunstancia que ahora nos ata\u00f1e. Las personas somos un todo indivisible, con nuestra escala de valores: lo bueno y lo malo, lo correcto y lo incorrecto, o lo justo o lo injusto.<\/p>\n<p>Nosotros <strong>vamos a tratar<\/strong> en este momento de: <strong>sumar, aunar, empatizar<\/strong>\u2026 \u00a0Y deseando que esta situaci\u00f3n acabe lo antes posible, pero siendo congruentes, no perderemos de vista nuestras obligaciones con la sociedad presente y futura.<\/p>\n<p>Esperando estar a la altura de estas dif\u00edciles circunstancias, muchas gracias a tod@s por vuestra implicaci\u00f3n y compromiso.<\/p>\n<p>&nbsp;<\/p>\n<p>#QuedateEnCasa #YoElijoSerResponsable #FrenaLaCurva[\/vc_column_text][\/vc_column][\/vc_row]<\/p>\n","protected":false},"excerpt":{"rendered":"<p>[vc_row][vc_column][vc_row_inner][vc_column_inner][vc_column_text] 2\u00aa Y 3\u00aa SEMANA, \u201cSEGUIMOS EDUCANDO\u201d [\/vc_column_text][\/vc_column_inner][\/vc_row_inner][vc_column_text]Desde el centro tenemos muy presentes a nuestros alumnos y su formaci\u00f3n durante estos d\u00edas de confinamiento. Somos conscientes de las situaciones que se os est\u00e1n presentando a las familias durante estos d\u00edas, y que dificultan la realizaci\u00f3n de las tareas que se est\u00e1n enviando. Los alumnos deb\u00e9is [&hellip;]<\/p>\n","protected":false},"author":2,"featured_media":7915,"comment_status":"closed","ping_status":"open","sticky":false,"template":"","format":"standard","meta":{"_et_pb_use_builder":"","_et_pb_old_content":"","_et_gb_content_width":"","footnotes":""},"categories":[3],"tags":[],"class_list":["post-7913","post","type-post","status-publish","format-standard","has-post-thumbnail","hentry","category-noticias"],"_links":{"self":[{"href":"https:\/\/www.test.cesramonycajal.com\/index.php?rest_route=\/wp\/v2\/posts\/7913","targetHints":{"allow":["GET"]}}],"collection":[{"href":"https:\/\/www.test.cesramonycajal.com\/index.php?rest_route=\/wp\/v2\/posts"}],"about":[{"href":"https:\/\/www.test.cesramonycajal.com\/index.php?rest_route=\/wp\/v2\/types\/post"}],"author":[{"embeddable":true,"href":"https:\/\/www.test.cesramonycajal.com\/index.php?rest_route=\/wp\/v2\/users\/2"}],"replies":[{"embeddable":true,"href":"https:\/\/www.test.cesramonycajal.com\/index.php?rest_route=%2Fwp%2Fv2%2Fcomments&post=7913"}],"version-history":[{"count":0,"href":"https:\/\/www.test.cesramonycajal.com\/index.php?rest_route=\/wp\/v2\/posts\/7913\/revisions"}],"wp:featuredmedia":[{"embeddable":true,"href":"https:\/\/www.test.cesramonycajal.com\/index.php?rest_route=\/wp\/v2\/media\/7915"}],"wp:attachment":[{"href":"https:\/\/www.test.cesramonycajal.com\/index.php?rest_route=%2Fwp%2Fv2%2Fmedia&parent=7913"}],"wp:term":[{"taxonomy":"category","embeddable":true,"href":"https:\/\/www.test.cesramonycajal.com\/index.php?rest_route=%2Fwp%2Fv2%2Fcategories&post=7913"},{"taxonomy":"post_tag","embeddable":true,"href":"https:\/\/www.test.cesramonycajal.com\/index.php?rest_route=%2Fwp%2Fv2%2Ftags&post=7913"}],"curies":[{"name":"wp","href":"https:\/\/api.w.org\/{rel}","templated":true}]}}