{"id":7825,"date":"2020-03-16T12:05:36","date_gmt":"2020-03-16T11:05:36","guid":{"rendered":"http:\/\/www.cesramonycajal.com\/?p=7825"},"modified":"2020-03-16T12:05:36","modified_gmt":"2020-03-16T11:05:36","slug":"ramon-y-cajal-tiene-que-cerrar-pero-seguimos-educando","status":"publish","type":"post","link":"https:\/\/www.test.cesramonycajal.com\/?p=7825","title":{"rendered":"RAM\u00d3N Y CAJAL \u201cTIENE QUE CERRAR\u201d, PERO  SEGUIMOS EDUCANDO"},"content":{"rendered":"<p>[vc_row][vc_column][vc_row_inner][vc_column_inner][vc_column_text]<\/p>\n<h2 style=\"text-align: center;\"><strong>RAM\u00d3N Y CAJAL \u201cTIENE QUE CERRAR\u201d, PERO SEGUIMOS EDUCANDO<\/strong><\/h2>\n<p>[\/vc_column_text][\/vc_column_inner][\/vc_row_inner][vc_column_text]Medidas que RAM\u00d3N Y CAJAL toma por el <em>Real Decreto 463\/2020, de 14 de marzo, por el que se declara el estado de alarma,<\/em> y las <em>instrucciones de la Consejer\u00eda de Educaci\u00f3n de Andaluc\u00eda<\/em>, que implican el <strong>cese de la formaci\u00f3n presencial<\/strong> desde el 16 al 27 de marzo de 2020.<\/p>\n<p>&nbsp;<\/p>\n<p>Dicho cese no implica la paralizaci\u00f3n del proceso de ense\u00f1anza aprendizaje, insistiendo al alumnado en la importancia de seguir con sus tareas y actividades formativas v\u00eda online, pues la evaluaci\u00f3n y el trabajo competencial se desarrollar\u00e1 por esta v\u00eda, tal y como se informa a trav\u00e9s de la presente circular.<\/p>\n<p>&nbsp;<\/p>\n<p><strong>PROPUESTAS PEDAG\u00d3GICAS Y PROGRAMACIONES DE AULA<\/strong><\/p>\n<p>A partir de hoy, lunes 16 de marzo, cada equipo docente habilitar\u00e1 espacios de trabajo en nuestras plataformas educativas (Classroom, Moodle u otras), para que el alumnado tenga organizaci\u00f3n semanal de sus diferentes asignaturas y tareas y actividades a realizar durante la suspensi\u00f3n temporal de las clases presenciales. En las mismas se informar\u00e1 de la fecha y forma de entrega de esas tareas, as\u00ed como del c\u00f3mputo de horas de trabajo que cuentan cada una de ellas.<\/p>\n<p>Igualmente, cada profesor informar\u00e1 a su alumnado de las horas y los medios de comunicaci\u00f3n en directo que dispondr\u00e1n para aclarar dudas, explicar conceptos o cualquier otro aspecto que el profesor considere necesario para cumplir con los objetivos propuestos.<\/p>\n<p>&nbsp;<\/p>\n<p><strong>PLAN DE ACTUACI\u00d3N DEL CENTRO DURANTE LA SUSPENSI\u00d3N<\/strong><\/p>\n<ol>\n<li>El periodo de suspensi\u00f3n de las clases es del 16 al 27 de marzo (ambos inclusive). Estaremos atentos a notificar cualquier cambio en el mismo que pudieran llevarse a cabo por instrucciones de la Consejer\u00eda de Educaci\u00f3n.<\/li>\n<li>Tampoco habr\u00e1 ning\u00fan otro tipo de actividad o servicio complementario presencial. Lo que implica que el servicio de transporte queda suspendido hasta nueva fecha.<\/li>\n<li>A la espera de instrucciones, nuestra intenci\u00f3n es la de dar por terminada la 2\u00aa Evaluaci\u00f3n, por lo que los trabajos, actividades y tareas que se empiecen a programar desde el lunes 16 de marzo servir\u00e1n para la 3\u00aa evaluaci\u00f3n, siempre y cuando el profesorado no indique lo contrario para su asignatura espec\u00edficamente.<\/li>\n<li>Durante este periodo se adecuar\u00e1n las programaciones did\u00e1cticas y los programas de estudio para su seguimiento online, de manera que el alumnado seguir\u00e1 realizando actividades de aprendizaje a trav\u00e9s de los diferentes medios. El alumnado no est\u00e1 de vacaciones, ni se para su proceso formativo.<\/li>\n<li>El alumnado de 2\u00ba de ciclos formativos que ha visto paralizada su FCT deber\u00e1, igualmente, seguir las indicaciones en Google Clasroom de sus tareas que les propondr\u00e1n su tutores de FCT. Las mismas deber\u00e1n ir indic\u00e1ndose en su hoja de seguimiento e incluir las horas de trabajo. Igualmente, para el alumnado cuyos centros de trabajo les manden tareas de teletrabajo, deber\u00e1n incluir las mismas en su diario e incluir las horas desempe\u00f1adas. Esto implica que durante estas dos semanas se seguir\u00e1n sumando horas de pr\u00e1cticas que se cumplir\u00e1n con tareas realizadas desde casa,<\/li>\n<li>Es muy importante que el alumnado y sus familias revisen diariamente las plataformas educativas de sus asignaturas, as\u00ed como los medios oficiales de comunicaci\u00f3n del centro para estar al corriente de cualquier novedad.<\/li>\n<li>Igualmente, el equipo directivo del centro y el profesorado estar\u00e1n a su disposici\u00f3n para cuantas dudas se les planteen, a trav\u00e9s de<\/li>\n<\/ol>\n<ul>\n<li style=\"list-style-type: none;\">\n<ul>\n<li>Tel\u00e9fono: 681 262 176 (s\u00f3lo v\u00eda whatsapp)<\/li>\n<li>El correo de la secretar\u00eda de centro: <a href=\"mailto:secretaria@cesramonycajal.com\">secretaria@cesramonycajal.com<\/a><\/li>\n<li>Y los correos oficiales del profesorado del centro<\/li>\n<\/ul>\n<\/li>\n<\/ul>\n<ol start=\"8\">\n<li>Horario de secretar\u00eda: Debido al Real Decreto de alarma la secretar\u00eda el centro debe estar cerrada. Para el proceso de escolarizaci\u00f3n que tenemos abierto, y seg\u00fan la Consejer\u00eda:<\/li>\n<\/ol>\n<ol>\n<li style=\"list-style-type: none;\">\n<ol>\n<li>Los plazos para presentarla, es muy posible que se prorroguen.<\/li>\n<li>No obstante, y por tranquilidad, el centro a trav\u00e9s del correo <a href=\"mailto:secretaria@cesramonycajal.com\">secretaria@cesramonycajal.com<\/a>, dar\u00e1 opci\u00f3n de trasladarle el modelo de solicitud adjunto, rellenarla, escanearla y enviarla a ese mismo correo.<\/li>\n<\/ol>\n<\/li>\n<\/ol>\n<p>&nbsp;<\/p>\n<p>Por \u00faltimo, recordar que es responsabilidad de tod@s proteger a las personas m\u00e1s vulnerables de un posible contagio masivo que colapse nuestro sistema de salud.<\/p>\n<p>Alumnado y familias, no estamos de vacaciones, estamos cooperando como sociedad para paliar un problema que afecta a toda la comunidad, a nuestros vecinos y seres queridos. Aprendemos de cada experiencia y situaci\u00f3n que en la vida enfrentamos, sigamos sumando entre todos para obtener mucho crecimiento, personal y como sociedad, de esta circunstancia que ahora nos ata\u00f1a.<\/p>\n<p>&nbsp;<\/p>\n<p>Gracias a tod@s por vuestra implicaci\u00f3n y compromiso.<\/p>\n<p>#quedateencasa #yoelijoserresponsable #frenalacurva[\/vc_column_text][\/vc_column][\/vc_row]<\/p>\n","protected":false},"excerpt":{"rendered":"<p>[vc_row][vc_column][vc_row_inner][vc_column_inner][vc_column_text] RAM\u00d3N Y CAJAL \u201cTIENE QUE CERRAR\u201d, PERO SEGUIMOS EDUCANDO [\/vc_column_text][\/vc_column_inner][\/vc_row_inner][vc_column_text]Medidas que RAM\u00d3N Y CAJAL toma por el Real Decreto 463\/2020, de 14 de marzo, por el que se declara el estado de alarma, y las instrucciones de la Consejer\u00eda de Educaci\u00f3n de Andaluc\u00eda, que implican el cese de la formaci\u00f3n presencial desde el 16 [&hellip;]<\/p>\n","protected":false},"author":2,"featured_media":7828,"comment_status":"closed","ping_status":"closed","sticky":false,"template":"","format":"standard","meta":{"_et_pb_use_builder":"","_et_pb_old_content":"","_et_gb_content_width":"","footnotes":""},"categories":[3],"tags":[],"class_list":["post-7825","post","type-post","status-publish","format-standard","has-post-thumbnail","hentry","category-noticias"],"_links":{"self":[{"href":"https:\/\/www.test.cesramonycajal.com\/index.php?rest_route=\/wp\/v2\/posts\/7825","targetHints":{"allow":["GET"]}}],"collection":[{"href":"https:\/\/www.test.cesramonycajal.com\/index.php?rest_route=\/wp\/v2\/posts"}],"about":[{"href":"https:\/\/www.test.cesramonycajal.com\/index.php?rest_route=\/wp\/v2\/types\/post"}],"author":[{"embeddable":true,"href":"https:\/\/www.test.cesramonycajal.com\/index.php?rest_route=\/wp\/v2\/users\/2"}],"replies":[{"embeddable":true,"href":"https:\/\/www.test.cesramonycajal.com\/index.php?rest_route=%2Fwp%2Fv2%2Fcomments&post=7825"}],"version-history":[{"count":0,"href":"https:\/\/www.test.cesramonycajal.com\/index.php?rest_route=\/wp\/v2\/posts\/7825\/revisions"}],"wp:featuredmedia":[{"embeddable":true,"href":"https:\/\/www.test.cesramonycajal.com\/index.php?rest_route=\/wp\/v2\/media\/7828"}],"wp:attachment":[{"href":"https:\/\/www.test.cesramonycajal.com\/index.php?rest_route=%2Fwp%2Fv2%2Fmedia&parent=7825"}],"wp:term":[{"taxonomy":"category","embeddable":true,"href":"https:\/\/www.test.cesramonycajal.com\/index.php?rest_route=%2Fwp%2Fv2%2Fcategories&post=7825"},{"taxonomy":"post_tag","embeddable":true,"href":"https:\/\/www.test.cesramonycajal.com\/index.php?rest_route=%2Fwp%2Fv2%2Ftags&post=7825"}],"curies":[{"name":"wp","href":"https:\/\/api.w.org\/{rel}","templated":true}]}}