{"id":7677,"date":"2020-03-04T13:41:13","date_gmt":"2020-03-04T12:41:13","guid":{"rendered":"http:\/\/www.cesramonycajal.com\/?p=7677"},"modified":"2020-03-04T13:41:13","modified_gmt":"2020-03-04T12:41:13","slug":"u-e-d-santa-clotilde-centro-de-mayores","status":"publish","type":"post","link":"https:\/\/www.test.cesramonycajal.com\/?p=7677","title":{"rendered":"U.E.D. SANTA CLOTILDE Centro de Mayores"},"content":{"rendered":"<p>[vc_row][vc_column][vc_row_inner][vc_column_inner][vc_column_text]<\/p>\n<h2 style=\"text-align: center;\"><strong>U.E.D. SANTA CLOTILDE CENTRO DE MAYORES<\/strong><\/h2>\n<p>[\/vc_column_text][\/vc_column_inner][\/vc_row_inner][vc_column_text]<span data-sheets-value=\"{&quot;1&quot;:2,&quot;2&quot;:&quot;Alba Zarzas, t\u00e9cnica asistencial en Santa Clotilde, Centro de Mayores y antigua alumno del CES S. Ram\u00f3n y Cajal (promoci\u00f3n 2015-2017), nos habla de su experiencia tras su formaci\u00f3n en nuestro centro en el ciclo formativo de Atenci\u00f3n a Personas en Situaci\u00f3n de Dependencia.&quot;}\" data-sheets-userformat=\"{&quot;2&quot;:897,&quot;3&quot;:{&quot;1&quot;:0},&quot;10&quot;:1,&quot;11&quot;:4,&quot;12&quot;:0}\">Alba Zarzas, t\u00e9cnica asistencial en Santa Clotilde, Centro de Mayores y antigua alumno del CES S. Ram\u00f3n y Cajal (promoci\u00f3n 2015-2017), nos habla de su experiencia tras su formaci\u00f3n en nuestro centro en el ciclo formativo de Atenci\u00f3n a Personas en Situaci\u00f3n de Dependencia.<\/span><\/p>\n<div class=\"video-container\"><iframe loading=\"lazy\" src=\"https:\/\/www.youtube.com\/embed\/c1QYbRcA86E\" width=\"560\" height=\"315\" frameborder=\"0\" allowfullscreen=\"allowfullscreen\"><\/iframe><\/div>\n<p>[\/vc_column_text][\/vc_column][\/vc_row]<\/p>\n","protected":false},"excerpt":{"rendered":"<p>[vc_row][vc_column][vc_row_inner][vc_column_inner][vc_column_text] U.E.D. SANTA CLOTILDE CENTRO DE MAYORES [\/vc_column_text][\/vc_column_inner][\/vc_row_inner][vc_column_text]Alba Zarzas, t\u00e9cnica asistencial en Santa Clotilde, Centro de Mayores y antigua alumno del CES S. Ram\u00f3n y Cajal (promoci\u00f3n 2015-2017), nos habla de su experiencia tras su formaci\u00f3n en nuestro centro en el ciclo formativo de Atenci\u00f3n a Personas en Situaci\u00f3n de Dependencia. [\/vc_column_text][\/vc_column][\/vc_row]<\/p>\n","protected":false},"author":2,"featured_media":7682,"comment_status":"closed","ping_status":"closed","sticky":false,"template":"","format":"standard","meta":{"_et_pb_use_builder":"","_et_pb_old_content":"","_et_gb_content_width":"","footnotes":""},"categories":[16],"tags":[],"class_list":["post-7677","post","type-post","status-publish","format-standard","has-post-thumbnail","hentry","category-casos-de-exito"],"_links":{"self":[{"href":"https:\/\/www.test.cesramonycajal.com\/index.php?rest_route=\/wp\/v2\/posts\/7677","targetHints":{"allow":["GET"]}}],"collection":[{"href":"https:\/\/www.test.cesramonycajal.com\/index.php?rest_route=\/wp\/v2\/posts"}],"about":[{"href":"https:\/\/www.test.cesramonycajal.com\/index.php?rest_route=\/wp\/v2\/types\/post"}],"author":[{"embeddable":true,"href":"https:\/\/www.test.cesramonycajal.com\/index.php?rest_route=\/wp\/v2\/users\/2"}],"replies":[{"embeddable":true,"href":"https:\/\/www.test.cesramonycajal.com\/index.php?rest_route=%2Fwp%2Fv2%2Fcomments&post=7677"}],"version-history":[{"count":0,"href":"https:\/\/www.test.cesramonycajal.com\/index.php?rest_route=\/wp\/v2\/posts\/7677\/revisions"}],"wp:featuredmedia":[{"embeddable":true,"href":"https:\/\/www.test.cesramonycajal.com\/index.php?rest_route=\/wp\/v2\/media\/7682"}],"wp:attachment":[{"href":"https:\/\/www.test.cesramonycajal.com\/index.php?rest_route=%2Fwp%2Fv2%2Fmedia&parent=7677"}],"wp:term":[{"taxonomy":"category","embeddable":true,"href":"https:\/\/www.test.cesramonycajal.com\/index.php?rest_route=%2Fwp%2Fv2%2Fcategories&post=7677"},{"taxonomy":"post_tag","embeddable":true,"href":"https:\/\/www.test.cesramonycajal.com\/index.php?rest_route=%2Fwp%2Fv2%2Ftags&post=7677"}],"curies":[{"name":"wp","href":"https:\/\/api.w.org\/{rel}","templated":true}]}}