{"id":7675,"date":"2020-03-04T13:39:15","date_gmt":"2020-03-04T12:39:15","guid":{"rendered":"http:\/\/www.cesramonycajal.com\/?p=7675"},"modified":"2020-03-04T13:39:15","modified_gmt":"2020-03-04T12:39:15","slug":"los-patitos-del-genil-centro-de-eduacion-infantil","status":"publish","type":"post","link":"https:\/\/www.test.cesramonycajal.com\/?p=7675","title":{"rendered":"LOS PATITOS DEL GENIL, Centro de Eduaci\u00f3n Infantil"},"content":{"rendered":"<p>[vc_row][vc_column][vc_row_inner][vc_column_inner][vc_column_text]<\/p>\n<h2 style=\"text-align: center;\"><strong>U.E.D. SANTA CLOTILDE CENTRO DE MAYORES<\/strong><\/h2>\n<p>[\/vc_column_text][\/vc_column_inner][\/vc_row_inner][vc_column_text]<span data-sheets-value=\"{&quot;1&quot;:2,&quot;2&quot;:&quot;Inmaculada Jim\u00e9nez, educadora en Los Patitos del Genil, Centro de Educaci\u00f3n Infantil y antigua alumno del CES S. Ram\u00f3n y Cajal (promoci\u00f3n 2007-2008), nos habla de su experiencia tras su formaci\u00f3n en nuestro centro en el ciclo formativo de Eduaci\u00f3n Infantil.&quot;}\" data-sheets-userformat=\"{&quot;2&quot;:897,&quot;3&quot;:{&quot;1&quot;:0},&quot;10&quot;:1,&quot;11&quot;:4,&quot;12&quot;:0}\">Inmaculada Jim\u00e9nez, educadora en Los Patitos del Genil, Centro de Educaci\u00f3n Infantil y antigua alumno del CES S. Ram\u00f3n y Cajal (promoci\u00f3n 2007-2008), nos habla de su experiencia tras su formaci\u00f3n en nuestro centro en el ciclo formativo de Eduaci\u00f3n Infantil.<\/span><\/p>\n<div class=\"video-container\"><iframe loading=\"lazy\" src=\"https:\/\/www.youtube.com\/embed\/c1QYbRcA86E\" width=\"560\" height=\"315\" frameborder=\"0\" allowfullscreen=\"allowfullscreen\"><\/iframe><\/div>\n<p>[\/vc_column_text][\/vc_column][\/vc_row]<\/p>\n","protected":false},"excerpt":{"rendered":"<p>[vc_row][vc_column][vc_row_inner][vc_column_inner][vc_column_text] U.E.D. SANTA CLOTILDE CENTRO DE MAYORES [\/vc_column_text][\/vc_column_inner][\/vc_row_inner][vc_column_text]Inmaculada Jim\u00e9nez, educadora en Los Patitos del Genil, Centro de Educaci\u00f3n Infantil y antigua alumno del CES S. Ram\u00f3n y Cajal (promoci\u00f3n 2007-2008), nos habla de su experiencia tras su formaci\u00f3n en nuestro centro en el ciclo formativo de Eduaci\u00f3n Infantil. [\/vc_column_text][\/vc_column][\/vc_row]<\/p>\n","protected":false},"author":2,"featured_media":7680,"comment_status":"closed","ping_status":"closed","sticky":false,"template":"","format":"standard","meta":{"_et_pb_use_builder":"","_et_pb_old_content":"","_et_gb_content_width":"","footnotes":""},"categories":[16],"tags":[],"class_list":["post-7675","post","type-post","status-publish","format-standard","has-post-thumbnail","hentry","category-casos-de-exito"],"_links":{"self":[{"href":"https:\/\/www.test.cesramonycajal.com\/index.php?rest_route=\/wp\/v2\/posts\/7675","targetHints":{"allow":["GET"]}}],"collection":[{"href":"https:\/\/www.test.cesramonycajal.com\/index.php?rest_route=\/wp\/v2\/posts"}],"about":[{"href":"https:\/\/www.test.cesramonycajal.com\/index.php?rest_route=\/wp\/v2\/types\/post"}],"author":[{"embeddable":true,"href":"https:\/\/www.test.cesramonycajal.com\/index.php?rest_route=\/wp\/v2\/users\/2"}],"replies":[{"embeddable":true,"href":"https:\/\/www.test.cesramonycajal.com\/index.php?rest_route=%2Fwp%2Fv2%2Fcomments&post=7675"}],"version-history":[{"count":0,"href":"https:\/\/www.test.cesramonycajal.com\/index.php?rest_route=\/wp\/v2\/posts\/7675\/revisions"}],"wp:featuredmedia":[{"embeddable":true,"href":"https:\/\/www.test.cesramonycajal.com\/index.php?rest_route=\/wp\/v2\/media\/7680"}],"wp:attachment":[{"href":"https:\/\/www.test.cesramonycajal.com\/index.php?rest_route=%2Fwp%2Fv2%2Fmedia&parent=7675"}],"wp:term":[{"taxonomy":"category","embeddable":true,"href":"https:\/\/www.test.cesramonycajal.com\/index.php?rest_route=%2Fwp%2Fv2%2Fcategories&post=7675"},{"taxonomy":"post_tag","embeddable":true,"href":"https:\/\/www.test.cesramonycajal.com\/index.php?rest_route=%2Fwp%2Fv2%2Ftags&post=7675"}],"curies":[{"name":"wp","href":"https:\/\/api.w.org\/{rel}","templated":true}]}}