{"id":7197,"date":"2020-01-31T08:46:34","date_gmt":"2020-01-31T07:46:34","guid":{"rendered":"http:\/\/www.cesramonycajal.com\/?p=7197"},"modified":"2020-01-31T08:46:34","modified_gmt":"2020-01-31T07:46:34","slug":"talleres-sapame","status":"publish","type":"post","link":"https:\/\/www.test.cesramonycajal.com\/?p=7197","title":{"rendered":"Talleres SAPAME"},"content":{"rendered":"<p>[vc_row][vc_column][vc_row_inner][vc_column_inner][vc_column_text]<\/p>\n<h2 style=\"text-align: center;\"><strong>TALLERES SAPAME<\/strong><\/h2>\n<p>[\/vc_column_text][\/vc_column_inner][\/vc_row_inner][vc_column_text]<\/p>\n<h3><span style=\"font-weight: 400;\">\u201cGenerar utilidad trascendiendo a la Sociedad\u201d<\/span><\/h3>\n<p>&nbsp;<\/p>\n<p><span style=\"font-weight: 400;\">La enfermedad mental sigue llevando aparejadas todav\u00eda en estos tiempos palabras como \u201cexclusi\u00f3n y locura\u201d<\/span><\/p>\n<p><span style=\"font-weight: 400;\">Las personas que sufren enfermedad mental necesitan que los <\/span><span style=\"font-weight: 400;\">escuchen, es b\u00e1sico para tratar de resolver algunos de los problemas que padecen. Nosotros como formadores de los futuros Integradores Sociales y de otras especialidades relacionadas y pertenecientes al departamento de Servicios Socioculturales y a la Comunidad estamos obligados a ense\u00f1ar la realidad a nuestro alumnado, los futuros profesionales.<\/span><\/p>\n<p><span style=\"font-weight: 400;\">Las personas con enfermedad mental cuando acuden al sistema sanitario se encuentran con tratamientos meramente farmacol\u00f3gicos, que no tienen en cuenta el problema de una forma integral.<\/span><\/p>\n<h3><span style=\"font-weight: 400;\">\u201cLa Integraci\u00f3n\u201d<\/span><\/h3>\n<p><span style=\"font-weight: 400;\">Desde Sapame (asociaci\u00f3n que colabora activamente en la formaci\u00f3n de nuestro alumnado desde hace muchos a\u00f1os) abogan por la psicoeducaci\u00f3n hac\u00eda las personas con enfermedad menta, ya que a estas no las ense\u00f1a nadie c\u00f3mo poder afrontar la enfermedad\u2026\u00a0<\/span><\/p>\n<p><b><i>\u201ces vital que el enfermo adem\u00e1s de estar tranquilo debe conseguir tener una vida\u201d<\/i><\/b><\/p>\n<p><span style=\"font-weight: 400;\">Los recursos son insuficientes. Existen las comunidades terap\u00e9uticas y las casas hogar para los que necesitan ese tratamiento, pero est\u00e1n saturadas y las listas de espera son muy largas.\u00a0<\/span><\/p>\n<p><span style=\"font-weight: 400;\">La inserci\u00f3n laboral es muy baja, las empresas no se atreven a contratar a personas discapacitadas a causa de una enfermedad mental. Todav\u00eda hay tab\u00faes y se les\u00a0 relaciona con la locura y la delincuencia. Todo esto a pesar de que los \u00edndices de violencia entre enfermos mentales es menor que en la poblaci\u00f3n en general; realmente se autolesionan m\u00e1s que otra cosa.<\/span><\/p>\n<p><span style=\"font-weight: 400;\">No hay una visi\u00f3n de normalidad sino que el enfermo mental siempre aparece como un rostro oscuro; se obvia a la persona y persiste la enfermedad.<\/span><\/p>\n<p><span style=\"font-weight: 400;\">Los futuros profesionales que formamos deben tener una informaci\u00f3n verdadera y objetiva sobre lo que es la enfermedad mental. Para eso buscamos completar su formaci\u00f3n en este sentido que se relacionen con personas de asociaciones como Sapame. De esta manera se normaliza en ellos el hecho de trabajar con personas con enfermedad mental, le ayuda a reducir los estigmas hac\u00eda ellos gracias contacto directo:\u00a0<\/span><\/p>\n<p><i><span style=\"font-weight: 400;\">\u201cque se relacionen con nosotros y nos conozca, se dar\u00e1n cuenta de que no somos bichos raros\u201d<\/span><\/i><\/p>\n<p>&nbsp;<\/p>\n<div class=\"video-container\"><iframe loading=\"lazy\" src=\"https:\/\/www.youtube.com\/embed\/cfyvFyPFXJM\" width=\"560\" height=\"315\" frameborder=\"0\" allowfullscreen=\"allowfullscreen\"><\/iframe><\/div>\n<p>[\/vc_column_text][\/vc_column][\/vc_row]<\/p>\n","protected":false},"excerpt":{"rendered":"<p>[vc_row][vc_column][vc_row_inner][vc_column_inner][vc_column_text] TALLERES SAPAME [\/vc_column_text][\/vc_column_inner][\/vc_row_inner][vc_column_text] \u201cGenerar utilidad trascendiendo a la Sociedad\u201d &nbsp; La enfermedad mental sigue llevando aparejadas todav\u00eda en estos tiempos palabras como \u201cexclusi\u00f3n y locura\u201d Las personas que sufren enfermedad mental necesitan que los escuchen, es b\u00e1sico para tratar de resolver algunos de los problemas que padecen. Nosotros como formadores de los futuros Integradores [&hellip;]<\/p>\n","protected":false},"author":2,"featured_media":7706,"comment_status":"closed","ping_status":"open","sticky":false,"template":"","format":"standard","meta":{"_et_pb_use_builder":"","_et_pb_old_content":"","_et_gb_content_width":"","footnotes":""},"categories":[3],"tags":[],"class_list":["post-7197","post","type-post","status-publish","format-standard","has-post-thumbnail","hentry","category-noticias"],"_links":{"self":[{"href":"https:\/\/www.test.cesramonycajal.com\/index.php?rest_route=\/wp\/v2\/posts\/7197","targetHints":{"allow":["GET"]}}],"collection":[{"href":"https:\/\/www.test.cesramonycajal.com\/index.php?rest_route=\/wp\/v2\/posts"}],"about":[{"href":"https:\/\/www.test.cesramonycajal.com\/index.php?rest_route=\/wp\/v2\/types\/post"}],"author":[{"embeddable":true,"href":"https:\/\/www.test.cesramonycajal.com\/index.php?rest_route=\/wp\/v2\/users\/2"}],"replies":[{"embeddable":true,"href":"https:\/\/www.test.cesramonycajal.com\/index.php?rest_route=%2Fwp%2Fv2%2Fcomments&post=7197"}],"version-history":[{"count":0,"href":"https:\/\/www.test.cesramonycajal.com\/index.php?rest_route=\/wp\/v2\/posts\/7197\/revisions"}],"wp:featuredmedia":[{"embeddable":true,"href":"https:\/\/www.test.cesramonycajal.com\/index.php?rest_route=\/wp\/v2\/media\/7706"}],"wp:attachment":[{"href":"https:\/\/www.test.cesramonycajal.com\/index.php?rest_route=%2Fwp%2Fv2%2Fmedia&parent=7197"}],"wp:term":[{"taxonomy":"category","embeddable":true,"href":"https:\/\/www.test.cesramonycajal.com\/index.php?rest_route=%2Fwp%2Fv2%2Fcategories&post=7197"},{"taxonomy":"post_tag","embeddable":true,"href":"https:\/\/www.test.cesramonycajal.com\/index.php?rest_route=%2Fwp%2Fv2%2Ftags&post=7197"}],"curies":[{"name":"wp","href":"https:\/\/api.w.org\/{rel}","templated":true}]}}