{"id":6945,"date":"2019-12-12T13:47:09","date_gmt":"2019-12-12T12:47:09","guid":{"rendered":"http:\/\/www.cesramonycajal.com\/?p=6945"},"modified":"2019-12-12T13:47:09","modified_gmt":"2019-12-12T12:47:09","slug":"servicio-de-copisteria-el-aprendizaje-servicio","status":"publish","type":"post","link":"https:\/\/www.test.cesramonycajal.com\/?p=6945","title":{"rendered":"\u201cServicio de Copister\u00eda\u201d &#8211; El aprendizaje-servicio"},"content":{"rendered":"<p>[vc_row][vc_column][vc_row_inner][vc_column_inner][vc_column_text]<\/p>\n<h2 style=\"text-align: center;\"><strong>SERVICIO DE COPISTERIA<\/strong><\/h2>\n<p>[\/vc_column_text][\/vc_column_inner][\/vc_row_inner][vc_column_text]<\/p>\n<h3><span style=\"font-weight: 400;\">\u201cAprender haciendo y aprendizaje dando servicio\u201d<\/span><\/h3>\n<p>&nbsp;<\/p>\n<p><span style=\"font-weight: 400;\">Entendemos que nos movemos en un contexto V.U.C.A (vol\u00e1til, incierto, complejo y ambiguo), en el que los l\u00edmites de nuestra responsabilidad profesional se est\u00e1n ampliando y moviendo hacia nuevos territorios relacionados con la innovaci\u00f3n, la creatividad, las competencias transversales y digitales. Esto nos lleva a replantearnos nuestra labor y con ella nuestra forma de hacer. Llegamos as\u00ed<\/span> <span style=\"font-weight: 400;\">a la idea de elaboraci\u00f3n de este proyecto para la FORMACI\u00d3N PROFESIONAL B\u00c1SICA (<\/span><b>Especialidad en Servicios Administrativos<\/b><span style=\"font-weight: 400;\">)<\/span> <span style=\"font-weight: 400;\">del <\/span><b><i>Aula de Aprendizaje y Servicio \u201cCOPISTER\u00cdA\u201d<\/i><\/b><span style=\"font-weight: 400;\">.<\/span><\/p>\n<p><span style=\"font-weight: 400;\">Nuestro alumnado ya no se centra en conocer aspectos conceptuales como en anta\u00f1o, sino que deben aprender el know how, <\/span><b>\u00abel saber hacer\u00bb<\/b><span style=\"font-weight: 400;\">, saber buscar y seleccionar informaci\u00f3n,\u00a0 el desarrollo de la responsabilidad personal y profesional, el desarrollo de los valores sociales adecuados (solidaridad, inclusi\u00f3n, iniciativa e interdependencia) y la responsabilidad social corporativa (aspectos \u00e9ticos, medioambientales y sociales)<\/span><\/p>\n<p><span style=\"font-weight: 400;\">Por eso desarrollamos este proyecto, en respuesta a las necesidades actuales educativas y sociales que presenta nuestro alumnado, tratando de motivarlos, formarlos y educarlos. Tengamos en cuenta que con ellos la Educaci\u00f3n Secundaria \u201cfracas\u00f3\u201d, por las realidades sociales de este alumnado -absentismo escolar, falta de motivaci\u00f3n, causas judiciales, ausencia de educaci\u00f3n en valores, falta de h\u00e1bitos- .<\/span><\/p>\n<p><span style=\"font-weight: 400;\">Y de esta manera, tratamos de alcanzar el <\/span><b>objetivo esencial<\/b><span style=\"font-weight: 400;\">, que no es otro que tratar de dotar al alumnado del 2\u00ba curso de esta F.P.B. de estrategias, herramientas, recursos, t\u00e9cnicas de un aprendizaje, es decir, formar al profesional a trav\u00e9s de eso que ya empieza a conocerse como el <\/span><b>alumno 4.0. <\/b><span style=\"font-weight: 400;\">\u00a0y que culminar\u00e1 con su aprendizaje en la formaci\u00f3n en el centro de trabajo (F.C.T.)\u00a0<\/span><\/p>\n<p><span style=\"font-weight: 400;\">El resultado final: <\/span><b>aprender servicios administrativos a la vez que prestamos un servicio al resto del centro y de la Comunidad Educativa. <\/b><span style=\"font-weight: 400;\">Constituyen su empresa, la gestionan, se orientan a satisfacer las necesidades de sus clientes, toman decisiones, trabajan en equipo, se autofinancian y un largo etc\u00e9tera.<\/span><\/p>\n<div class=\"video-container\"><iframe loading=\"lazy\" src=\"https:\/\/www.youtube.com\/embed\/7_GVOkdWFSc\" width=\"560\" height=\"315\" frameborder=\"0\" allowfullscreen=\"allowfullscreen\"><\/iframe><\/div>\n<p>[\/vc_column_text][\/vc_column][\/vc_row]<\/p>\n","protected":false},"excerpt":{"rendered":"<p>[vc_row][vc_column][vc_row_inner][vc_column_inner][vc_column_text] SERVICIO DE COPISTERIA [\/vc_column_text][\/vc_column_inner][\/vc_row_inner][vc_column_text] \u201cAprender haciendo y aprendizaje dando servicio\u201d &nbsp; Entendemos que nos movemos en un contexto V.U.C.A (vol\u00e1til, incierto, complejo y ambiguo), en el que los l\u00edmites de nuestra responsabilidad profesional se est\u00e1n ampliando y moviendo hacia nuevos territorios relacionados con la innovaci\u00f3n, la creatividad, las competencias transversales y digitales. Esto nos [&hellip;]<\/p>\n","protected":false},"author":2,"featured_media":7704,"comment_status":"closed","ping_status":"closed","sticky":false,"template":"","format":"standard","meta":{"_et_pb_use_builder":"","_et_pb_old_content":"","_et_gb_content_width":"","footnotes":""},"categories":[3],"tags":[],"class_list":["post-6945","post","type-post","status-publish","format-standard","has-post-thumbnail","hentry","category-noticias"],"_links":{"self":[{"href":"https:\/\/www.test.cesramonycajal.com\/index.php?rest_route=\/wp\/v2\/posts\/6945","targetHints":{"allow":["GET"]}}],"collection":[{"href":"https:\/\/www.test.cesramonycajal.com\/index.php?rest_route=\/wp\/v2\/posts"}],"about":[{"href":"https:\/\/www.test.cesramonycajal.com\/index.php?rest_route=\/wp\/v2\/types\/post"}],"author":[{"embeddable":true,"href":"https:\/\/www.test.cesramonycajal.com\/index.php?rest_route=\/wp\/v2\/users\/2"}],"replies":[{"embeddable":true,"href":"https:\/\/www.test.cesramonycajal.com\/index.php?rest_route=%2Fwp%2Fv2%2Fcomments&post=6945"}],"version-history":[{"count":0,"href":"https:\/\/www.test.cesramonycajal.com\/index.php?rest_route=\/wp\/v2\/posts\/6945\/revisions"}],"wp:featuredmedia":[{"embeddable":true,"href":"https:\/\/www.test.cesramonycajal.com\/index.php?rest_route=\/wp\/v2\/media\/7704"}],"wp:attachment":[{"href":"https:\/\/www.test.cesramonycajal.com\/index.php?rest_route=%2Fwp%2Fv2%2Fmedia&parent=6945"}],"wp:term":[{"taxonomy":"category","embeddable":true,"href":"https:\/\/www.test.cesramonycajal.com\/index.php?rest_route=%2Fwp%2Fv2%2Fcategories&post=6945"},{"taxonomy":"post_tag","embeddable":true,"href":"https:\/\/www.test.cesramonycajal.com\/index.php?rest_route=%2Fwp%2Fv2%2Ftags&post=6945"}],"curies":[{"name":"wp","href":"https:\/\/api.w.org\/{rel}","templated":true}]}}