{"id":6879,"date":"2019-12-02T08:19:27","date_gmt":"2019-12-02T07:19:27","guid":{"rendered":"http:\/\/www.cesramonycajal.com\/?p=6879"},"modified":"2019-12-02T08:19:27","modified_gmt":"2019-12-02T07:19:27","slug":"acompanamiento-e-intervencion-con-mayores","status":"publish","type":"post","link":"https:\/\/www.test.cesramonycajal.com\/?p=6879","title":{"rendered":"Acompa\u00f1amiento e Intervenci\u00f3n con Mayores"},"content":{"rendered":"<p>[vc_row][vc_column][vc_row_inner][vc_column_inner][vc_column_text]<\/p>\n<h2 style=\"text-align: center;\"><strong>\u00a0ACOMPA\u00d1AMIENTO E INTERVENCI\u00d3N CON MAYORES<\/strong><\/h2>\n<p>[\/vc_column_text][\/vc_column_inner][\/vc_row_inner][vc_column_text]<\/p>\n<h3><span style=\"font-weight: 400;\">\u00bfC\u00f3mo cambia el \u201cmundo\u201d?<\/span><\/h3>\n<p><span style=\"font-weight: 400;\">Algunos pensar\u00e1n que el \u201cmundo\u201d cambia gracias a grandes innovaciones que hacen que a partir de ah\u00ed todo sea diferente. Eso puede ser cierto, pero no es del todo as\u00ed. Realmente son las peque\u00f1as innovaciones las que de forma casi imperceptible lo hacen, \u201ccambian el mundo\u201d.<\/span><\/p>\n<p><span style=\"font-weight: 400;\">Y en la educaci\u00f3n, la innovaci\u00f3n educativa est\u00e1 cada d\u00eda m\u00e1s presente. Nosotros en Ram\u00f3n y Cajal la tenemos muy presente, y sabemos que requiere de una b\u00fasqueda constante de estrategias metodol\u00f3gicas orientadas a la capacitaci\u00f3n profesional del alumnado, sobretodo en la Formaci\u00f3n Profesional.\u00a0<\/span><\/p>\n<p><span style=\"font-weight: 400;\">Debemos orientar la mirada a las empresas que nos gu\u00edan y se\u00f1alan los itinerarios formativos que debemos recorrer y para ello se deben tejer s\u00f3lidas bases de colaboraci\u00f3n.<\/span><\/p>\n<p><span style=\"font-weight: 400;\">El Grupo Alfaguara, es el mejor ejemplo posible en este sentido. Nace en el a\u00f1o 2007 con idea de prestar un servicio integral a nuestros mayores y familias. Actualmente cuenta con varias unidades de estancia diurna y residencias, y presta servicio de ayuda a domicilio dando servicio a m\u00e1s de 160 personas diariamente.<\/span><\/p>\n<p><span style=\"font-weight: 400;\">Su compromiso por un modelo de atenci\u00f3n integral centrado en la persona y una metodolog\u00eda de trabajo basada en la innovaci\u00f3n, combinando las m\u00e1s modernas terapias, tratamientos y medios t\u00e9cnicos a trav\u00e9s nuestro amplio equipo de profesionales hacen inevitable que se compartan sinergias.<\/span><\/p>\n<p><span style=\"font-weight: 400;\">Y con esa idea de compartir y fortalecer sinergias nace esta buena pr\u00e1ctica \u00abtranscurricular\u00bb en la que el alumnado de dos especialidades muy distintas como son el ciclo de Higiene Bucodental y el de Atenci\u00f3n a Personas en Situaci\u00f3n de Dependencia a\u00fanan esfuerzos, destrezas y conocimientos para atender a los mayores que desde la UED Nivar y la Residencia M\u00aa Auxiliadora nos visitar\u00e1n a lo largo del Primer y Segundo Trimestre con el fin de concienciar en h\u00e1bitos de vida saludables.<\/span><\/p>\n<div class=\"video-container\"><iframe loading=\"lazy\" src=\"https:\/\/www.youtube.com\/embed\/D9d082s4vQo\" width=\"560\" height=\"315\" frameborder=\"0\" allowfullscreen=\"allowfullscreen\"><\/iframe><\/div>\n<p>[\/vc_column_text][\/vc_column][\/vc_row]<\/p>\n","protected":false},"excerpt":{"rendered":"<p>[vc_row][vc_column][vc_row_inner][vc_column_inner][vc_column_text] \u00a0ACOMPA\u00d1AMIENTO E INTERVENCI\u00d3N CON MAYORES [\/vc_column_text][\/vc_column_inner][\/vc_row_inner][vc_column_text] \u00bfC\u00f3mo cambia el \u201cmundo\u201d? Algunos pensar\u00e1n que el \u201cmundo\u201d cambia gracias a grandes innovaciones que hacen que a partir de ah\u00ed todo sea diferente. Eso puede ser cierto, pero no es del todo as\u00ed. Realmente son las peque\u00f1as innovaciones las que de forma casi imperceptible lo hacen, \u201ccambian [&hellip;]<\/p>\n","protected":false},"author":2,"featured_media":7703,"comment_status":"closed","ping_status":"closed","sticky":false,"template":"","format":"standard","meta":{"_et_pb_use_builder":"","_et_pb_old_content":"","_et_gb_content_width":"","footnotes":""},"categories":[3],"tags":[],"class_list":["post-6879","post","type-post","status-publish","format-standard","has-post-thumbnail","hentry","category-noticias"],"_links":{"self":[{"href":"https:\/\/www.test.cesramonycajal.com\/index.php?rest_route=\/wp\/v2\/posts\/6879","targetHints":{"allow":["GET"]}}],"collection":[{"href":"https:\/\/www.test.cesramonycajal.com\/index.php?rest_route=\/wp\/v2\/posts"}],"about":[{"href":"https:\/\/www.test.cesramonycajal.com\/index.php?rest_route=\/wp\/v2\/types\/post"}],"author":[{"embeddable":true,"href":"https:\/\/www.test.cesramonycajal.com\/index.php?rest_route=\/wp\/v2\/users\/2"}],"replies":[{"embeddable":true,"href":"https:\/\/www.test.cesramonycajal.com\/index.php?rest_route=%2Fwp%2Fv2%2Fcomments&post=6879"}],"version-history":[{"count":0,"href":"https:\/\/www.test.cesramonycajal.com\/index.php?rest_route=\/wp\/v2\/posts\/6879\/revisions"}],"wp:featuredmedia":[{"embeddable":true,"href":"https:\/\/www.test.cesramonycajal.com\/index.php?rest_route=\/wp\/v2\/media\/7703"}],"wp:attachment":[{"href":"https:\/\/www.test.cesramonycajal.com\/index.php?rest_route=%2Fwp%2Fv2%2Fmedia&parent=6879"}],"wp:term":[{"taxonomy":"category","embeddable":true,"href":"https:\/\/www.test.cesramonycajal.com\/index.php?rest_route=%2Fwp%2Fv2%2Fcategories&post=6879"},{"taxonomy":"post_tag","embeddable":true,"href":"https:\/\/www.test.cesramonycajal.com\/index.php?rest_route=%2Fwp%2Fv2%2Ftags&post=6879"}],"curies":[{"name":"wp","href":"https:\/\/api.w.org\/{rel}","templated":true}]}}