{"id":6859,"date":"2019-11-26T14:42:08","date_gmt":"2019-11-26T13:42:08","guid":{"rendered":"http:\/\/www.cesramonycajal.com\/?p=6859"},"modified":"2019-11-26T14:42:08","modified_gmt":"2019-11-26T13:42:08","slug":"practica-campanas-salud-oral","status":"publish","type":"post","link":"https:\/\/www.test.cesramonycajal.com\/?p=6859","title":{"rendered":"Pr\u00e1ctica \u201cCampa\u00f1as Salud Oral\u201d"},"content":{"rendered":"<p>[vc_row][vc_column][vc_row_inner][vc_column_inner][vc_column_text]<\/p>\n<h2 style=\"text-align: center;\"><strong>PR\u00c1CTICA \u201cCAMPA\u00d1AS SALUD ORAL\u201d<\/strong><\/h2>\n<p>[\/vc_column_text][\/vc_column_inner][\/vc_row_inner][vc_column_text]<\/p>\n<h3><span style=\"font-weight: 400;\">Aprender haciendo, haciendo de verdad<\/span><\/h3>\n<p>&nbsp;<\/p>\n<p><span style=\"font-weight: 400;\">El aprendizaje en Formaci\u00f3n Profesional debe ser como en la vida misma un <\/span><b>\u201creto continuo\u201d<\/b><span style=\"font-weight: 400;\">. Y este a\u00f1o en el m\u00f3dulo de Educaci\u00f3n para la Salud Oral del ciclo de Higiene Bucodental volvemos a hacerlo\u2026<\/span><\/p>\n<p><span style=\"font-weight: 400;\">\u00bfCu\u00e1l es el reto?<\/span><\/p>\n<p><span style=\"font-weight: 400;\">El alumnado del <\/span><b>2\u00ba curso de Higiene Bucodental<\/b><span style=\"font-weight: 400;\"> se organiza en 5 grupos de unos 5-6 alumnos\/as cada uno. Los grupos deciden su organizaci\u00f3n, el usuario al que se van a dirigir (grupos de personas desde los 5 a\u00f1os de edad hasta edades adultas e incluso este a\u00f1o tenemos personas con alguna discapacidad de la \u201cFundaci\u00f3n La Pur\u00edsima Concepci\u00f3n\u201d), y c\u00f3mo lo van a planificar y organizar, todo ello teniendo en cuenta los recursos necesarios y las posibles limitaciones.\u00a0<\/span><\/p>\n<p><span style=\"font-weight: 400;\">Nuestros futuros profesionales de esta especialidad trabajan el reto con el objetivo principal de informar de las caries y formas de cepilllado entre los grupos de poblaci\u00f3n seleccionados. Y sobretodo con la <\/span><b>idea de fomentar y motivar a esos grupos de diferentes edades de la importancia de llevar h\u00e1bitos de vida saludable, de tomar sus propias decisiones y de adquirir las habilidades necesarias para mantener una buena higiene dental<\/b><span style=\"font-weight: 400;\">.<\/span><\/p>\n<p><span style=\"font-weight: 400;\">Todo empieza con la realizaci\u00f3n de encuestas para poder marcarnos los objetivos de la intervenci\u00f3n y as\u00ed saber las necesidades reales que tienen nuestros diferentes \u201cgrupos dianas\u201d, y a partir de ah\u00ed, trabajamos para realizar la campa\u00f1a con los recursos y actividades adaptados a cada edad.\u00a0<\/span><\/p>\n<p><span style=\"font-weight: 400;\">Todo este trabajo lo acompa\u00f1amos de exploraciones bucales para detectar caries, sarro y otras enfermedades periodontales, trabajo que tiene dos vertientes, por un lado <\/span><b>nuestros alumnos del ciclo adquieren gran experiencia observando<\/b><span style=\"font-weight: 400;\"> la diversidad de bocas de pacientes, y por otro, <\/span><b>detectamos caries y otras posibles enfermedades<\/b><span style=\"font-weight: 400;\"> a otro alumnado del centro (los m\u00e1s peque\u00f1os) y a los denominados \u201cgrupos diana\u201d.<\/span><\/p>\n<p>&nbsp;<\/p>\n<p><span style=\"font-weight: 400;\">Y todo esto, \u00bfes una experiencia enriquecedora?<\/span><\/p>\n<div class=\"video-container\"><iframe loading=\"lazy\" src=\"https:\/\/www.youtube.com\/embed\/CA8JMZDn-PU\" width=\"560\" height=\"315\" frameborder=\"0\" allowfullscreen=\"allowfullscreen\"><\/iframe><\/div>\n<p>&nbsp;<\/p>\n<div class=\"video-container\"><iframe loading=\"lazy\" src=\"https:\/\/www.youtube.com\/embed\/XROl8GQ3uNk\" width=\"560\" height=\"315\" frameborder=\"0\" allowfullscreen=\"allowfullscreen\"><\/iframe><\/div>\n<p>[\/vc_column_text][\/vc_column][\/vc_row]<\/p>\n","protected":false},"excerpt":{"rendered":"<p>[vc_row][vc_column][vc_row_inner][vc_column_inner][vc_column_text] PR\u00c1CTICA \u201cCAMPA\u00d1AS SALUD ORAL\u201d [\/vc_column_text][\/vc_column_inner][\/vc_row_inner][vc_column_text] Aprender haciendo, haciendo de verdad &nbsp; El aprendizaje en Formaci\u00f3n Profesional debe ser como en la vida misma un \u201creto continuo\u201d. Y este a\u00f1o en el m\u00f3dulo de Educaci\u00f3n para la Salud Oral del ciclo de Higiene Bucodental volvemos a hacerlo\u2026 \u00bfCu\u00e1l es el reto? El alumnado del 2\u00ba [&hellip;]<\/p>\n","protected":false},"author":2,"featured_media":7705,"comment_status":"closed","ping_status":"open","sticky":false,"template":"","format":"standard","meta":{"_et_pb_use_builder":"","_et_pb_old_content":"","_et_gb_content_width":"","footnotes":""},"categories":[3],"tags":[],"class_list":["post-6859","post","type-post","status-publish","format-standard","has-post-thumbnail","hentry","category-noticias"],"_links":{"self":[{"href":"https:\/\/www.test.cesramonycajal.com\/index.php?rest_route=\/wp\/v2\/posts\/6859","targetHints":{"allow":["GET"]}}],"collection":[{"href":"https:\/\/www.test.cesramonycajal.com\/index.php?rest_route=\/wp\/v2\/posts"}],"about":[{"href":"https:\/\/www.test.cesramonycajal.com\/index.php?rest_route=\/wp\/v2\/types\/post"}],"author":[{"embeddable":true,"href":"https:\/\/www.test.cesramonycajal.com\/index.php?rest_route=\/wp\/v2\/users\/2"}],"replies":[{"embeddable":true,"href":"https:\/\/www.test.cesramonycajal.com\/index.php?rest_route=%2Fwp%2Fv2%2Fcomments&post=6859"}],"version-history":[{"count":0,"href":"https:\/\/www.test.cesramonycajal.com\/index.php?rest_route=\/wp\/v2\/posts\/6859\/revisions"}],"wp:featuredmedia":[{"embeddable":true,"href":"https:\/\/www.test.cesramonycajal.com\/index.php?rest_route=\/wp\/v2\/media\/7705"}],"wp:attachment":[{"href":"https:\/\/www.test.cesramonycajal.com\/index.php?rest_route=%2Fwp%2Fv2%2Fmedia&parent=6859"}],"wp:term":[{"taxonomy":"category","embeddable":true,"href":"https:\/\/www.test.cesramonycajal.com\/index.php?rest_route=%2Fwp%2Fv2%2Fcategories&post=6859"},{"taxonomy":"post_tag","embeddable":true,"href":"https:\/\/www.test.cesramonycajal.com\/index.php?rest_route=%2Fwp%2Fv2%2Ftags&post=6859"}],"curies":[{"name":"wp","href":"https:\/\/api.w.org\/{rel}","templated":true}]}}