{"id":51667,"date":"2025-11-07T08:00:18","date_gmt":"2025-11-07T07:00:18","guid":{"rendered":"https:\/\/www.cesramonycajal.com\/?p=51667"},"modified":"2025-11-07T08:00:18","modified_gmt":"2025-11-07T07:00:18","slug":"la-profesionalidad-no-tiene-genero","status":"publish","type":"post","link":"https:\/\/www.test.cesramonycajal.com\/?p=51667","title":{"rendered":"La profesionalidad no tiene g\u00e9nero"},"content":{"rendered":"<p><b>La Profesionalidad No Tiene G\u00e9nero<\/b><\/p>\n<p>&nbsp;<\/p>\n<p><b>\u00bfDeben los pacientes ser atendidos por auxiliares del mismo sexo? Una reflexi\u00f3n desde la \u00e9tica y la formaci\u00f3n profesional.<\/b><\/p>\n<p><span style=\"font-weight: 400;\">En el contexto del ciclo formativo de T\u00e9cnico en Cuidados Auxiliares de Enfermer\u00eda (TCAE), no es raro escuchar entre el alumnado la idea de que, en las tareas de higiene personal como el ba\u00f1o, \u00ablas mujeres deben ser ba\u00f1adas por auxiliares mujeres y los hombres por hombres\u00bb. Esta afirmaci\u00f3n, aunque puede parecer razonable desde un punto de vista cultural o emocional, merece una reflexi\u00f3n m\u00e1s profunda desde la \u00e9tica profesional, la igualdad de g\u00e9nero y los derechos de los pacientes.<\/span><\/p>\n<p>&nbsp;<\/p>\n<p><span style=\"font-weight: 400;\">Esta opini\u00f3n suele estar basada en dos factores principales:<\/span><\/p>\n<ol>\n<li><b> El pudor del paciente o del propio profesional: <\/b><span style=\"font-weight: 400;\">Algunas personas , tanto <\/span>pacientes como auxiliares, pueden sentirse inc\u00f3modas ante la intimidad que implica el aseo personal, especialmente si hay una diferencia de g\u00e9nero.<\/li>\n<li><b> Normas culturales o religiosas:<\/b><span style=\"font-weight: 400;\"> En algunos entornos, hay creencias o normas <\/span>que dictan que la exposici\u00f3n del cuerpo debe limitarse estrictamente a personas del mismo sexo,\u00a0 especialmente en situaciones \u00edntimas.<\/li>\n<\/ol>\n<p><span style=\"font-weight: 400;\">Si bien estas razones pueden parecer comprensibles, es necesario analizarlas con una mirada profesional.<\/span><\/p>\n<p><b>La atenci\u00f3n profesional est\u00e1 por encima del g\u00e9nero<\/b><\/p>\n<p><span style=\"font-weight: 400;\">El cuidado que brinda un TCAE no es un acto personal, sino profesional. No se trata de un v\u00ednculo \u00edntimo entre dos personas, sino de una atenci\u00f3n basada en principios como <\/span><b>la dignidad, la empat\u00eda, la confidencialidad y el respeto.<\/b><\/p>\n<p><span style=\"font-weight: 400;\">El g\u00e9nero del profesional no deber\u00eda condicionar la calidad ni la \u00e9tica del cuidado que se brinda. Asumir que solo una mujer puede cuidar a otra mujer, o un hombre a otro hombre, refuerza estereotipos y limita la visi\u00f3n integral del cuidado.<\/span><\/p>\n<p>&nbsp;<\/p>\n<p><b>\u00bfY si el paciente lo solicita?<\/b><\/p>\n<p><span style=\"font-weight: 400;\">Es cierto que los pacientes tienen derecho a expresar sus preferencias. Si una persona, por razones personales, culturales o religiosas, pide ser atendida por alguien de su mismo sexo, debe ser escuchada y, en la medida de lo posible, respetada. Pero esto no significa que <\/span><b>deba convertirse en una norma generalizada <\/b><span style=\"font-weight: 400;\">ni mucho menos en una obligaci\u00f3n para el profesional o la instituci\u00f3n.<\/span><\/p>\n<p><span style=\"font-weight: 400;\">Adem\u00e1s, en muchos servicios de salud no siempre hay personal disponible del mismo sexo, y retrasar la atenci\u00f3n por este motivo puede perjudicar la salud o la dignidad del paciente.<\/span><\/p>\n<p>&nbsp;<\/p>\n<p><b>Implicaciones \u00e9ticas y educativas<\/b><\/p>\n<p><span style=\"font-weight: 400;\">Cuando el alumnado de TCAE sostiene firmemente esta idea, es necesario abordar el tema desde la formaci\u00f3n \u00e9tica y la reflexi\u00f3n cr\u00edtica. Como futuros profesionales, deben aprender a manejar sus propios prejuicios, incomodidades o ideas preconcebidas, entendiendo que el eje del cuidado no es su opini\u00f3n personal, sino <\/span><b>el bienestar integral del paciente.<\/b><\/p>\n<p><span style=\"font-weight: 400;\">Tambi\u00e9n es importante fomentar la <\/span><b>educaci\u00f3n afectivo-sexual y emocional,<\/b><span style=\"font-weight: 400;\"> para que el alumnado pueda entender la desnudez y el cuerpo desde una perspectiva no sexualizada, respetuosa y humana.<\/span><\/p>\n<p>&nbsp;<\/p>\n<p><b>Conclusi\u00f3n<\/b><\/p>\n<p><span style=\"font-weight: 400;\">La idea de que hombres cuiden a hombres y mujeres a mujeres puede parecer una forma de respeto, pero tambi\u00e9n puede esconder prejuicios, miedos o una visi\u00f3n limitada del cuidado. La formaci\u00f3n de los TCAE debe ir m\u00e1s all\u00e1 de la t\u00e9cnica: debe preparar a profesionales \u00e9ticos, emp\u00e1ticos y con una comprensi\u00f3n amplia de lo que significa cuidar a otro ser humano.<\/span><\/p>\n<p><span style=\"font-weight: 400;\">El respeto verdadero no est\u00e1 en separar por g\u00e9nero, sino en <\/span><b>garantizar un cuidado digno, profesional y libre de discriminaciones.<\/b><\/p>\n<p>&nbsp;<\/p>\n<p><img loading=\"lazy\" decoding=\"async\" class=\"aligncenter wp-image-51668 size-large\" src=\"https:\/\/www.test.cesramonycajal.com\/wp-content\/uploads\/2025\/11\/20251106_122726-min-700x394.jpg\" alt=\"\" width=\"700\" height=\"394\" \/><\/p>\n<p style=\"text-align: right;\"><span style=\"font-weight: 400;\">Yamila Chiri Ballesteros<\/span><\/p>\n<p style=\"text-align: right;\"><span style=\"font-weight: 400;\">Inmaculada Ruiz-Cabello Jim\u00e9nez<\/span><\/p>\n<p style=\"text-align: right;\"><span style=\"font-weight: 400;\">(Coordinadoras del Departamento de Igualdad)<\/span><\/p>\n","protected":false},"excerpt":{"rendered":"<p>La Profesionalidad No Tiene G\u00e9nero &nbsp; \u00bfDeben los pacientes ser atendidos por auxiliares del mismo sexo? Una reflexi\u00f3n desde la \u00e9tica y la formaci\u00f3n profesional. En el contexto del ciclo formativo de T\u00e9cnico en Cuidados Auxiliares de Enfermer\u00eda (TCAE), no es raro escuchar entre el alumnado la idea de que, en las tareas de higiene [&hellip;]<\/p>\n","protected":false},"author":2,"featured_media":51678,"comment_status":"closed","ping_status":"closed","sticky":false,"template":"","format":"standard","meta":{"_et_pb_use_builder":"","_et_pb_old_content":"","_et_gb_content_width":"","footnotes":""},"categories":[3],"tags":[],"class_list":["post-51667","post","type-post","status-publish","format-standard","has-post-thumbnail","hentry","category-noticias"],"_links":{"self":[{"href":"https:\/\/www.test.cesramonycajal.com\/index.php?rest_route=\/wp\/v2\/posts\/51667","targetHints":{"allow":["GET"]}}],"collection":[{"href":"https:\/\/www.test.cesramonycajal.com\/index.php?rest_route=\/wp\/v2\/posts"}],"about":[{"href":"https:\/\/www.test.cesramonycajal.com\/index.php?rest_route=\/wp\/v2\/types\/post"}],"author":[{"embeddable":true,"href":"https:\/\/www.test.cesramonycajal.com\/index.php?rest_route=\/wp\/v2\/users\/2"}],"replies":[{"embeddable":true,"href":"https:\/\/www.test.cesramonycajal.com\/index.php?rest_route=%2Fwp%2Fv2%2Fcomments&post=51667"}],"version-history":[{"count":0,"href":"https:\/\/www.test.cesramonycajal.com\/index.php?rest_route=\/wp\/v2\/posts\/51667\/revisions"}],"wp:featuredmedia":[{"embeddable":true,"href":"https:\/\/www.test.cesramonycajal.com\/index.php?rest_route=\/wp\/v2\/media\/51678"}],"wp:attachment":[{"href":"https:\/\/www.test.cesramonycajal.com\/index.php?rest_route=%2Fwp%2Fv2%2Fmedia&parent=51667"}],"wp:term":[{"taxonomy":"category","embeddable":true,"href":"https:\/\/www.test.cesramonycajal.com\/index.php?rest_route=%2Fwp%2Fv2%2Fcategories&post=51667"},{"taxonomy":"post_tag","embeddable":true,"href":"https:\/\/www.test.cesramonycajal.com\/index.php?rest_route=%2Fwp%2Fv2%2Ftags&post=51667"}],"curies":[{"name":"wp","href":"https:\/\/api.w.org\/{rel}","templated":true}]}}