{"id":50989,"date":"2025-10-23T12:38:25","date_gmt":"2025-10-23T10:38:25","guid":{"rendered":"https:\/\/www.cesramonycajal.com\/?p=50989"},"modified":"2025-10-23T12:38:25","modified_gmt":"2025-10-23T10:38:25","slug":"congreso-fp-basica","status":"publish","type":"post","link":"https:\/\/www.test.cesramonycajal.com\/?p=50989","title":{"rendered":"Congreso FP B\u00e1sica"},"content":{"rendered":"<p><b><img loading=\"lazy\" decoding=\"async\" class=\"aligncenter\" src=\"https:\/\/www.test.cesramonycajal.com\/wp-content\/uploads\/2025\/10\/maxresdefault.jpg\" width=\"366\" height=\"206\" \/><img class=\"alignnone size-medium wp-image-50983\" alt=\"\" \/><\/b><\/p>\n<p><strong>El CES Santiago Ram\u00f3n y Cajal es uno de los centros andaluces seleccionados para presentar su modelo educativo de FP en el congreso nacional de \u201cLa B\u00e1sica En Red\u201d.<\/strong><\/p>\n<p>El CES Santiago Ram\u00f3n y Cajal ha sido seleccionado como ponente para presentar su proyecto \u201cProgressio\u201d en \u201cLa B\u00e1sica En Red\u201d, el mayor evento sobre Ciclos Formativos de Grado B\u00e1sico que organizan las fundaciones Caixabank Dualiza y Empieza Por Educar, y que tendr\u00e1 lugar el pr\u00f3ximo d\u00eda 7 de noviembre de 9.00h 17.00h en CaixaForum Madrid.<\/p>\n<p>La pr\u00e1ctica de referencia puesta en marcha por el centro educativo consiste en un servicio de copister\u00eda gestionado por el alumnado de Grado B\u00e1sico de Servicios Administrativos, concediendo as\u00ed a este alumnado un papel significativo en la cultura escolar.<\/p>\n<p>El congreso La B\u00e1sica en Red es el principal punto de encuentro para profesionales vinculados a los Ciclos Formativos de Grado B\u00e1sico (CFGB), que re\u00fane cada a\u00f1o a m\u00e1s de 300 participantes de la comunidad educativa y social para compartir buenas pr\u00e1cticas aplicadas a todas las dimensiones de la vida escolar en los CFGB.<\/p>\n<p>Durante el congreso, los asistentes pueden descubrir experiencias innovadoras en liderazgo educativo, orientaci\u00f3n acad\u00e9mico-profesional y trabajo colaborativo entre docentes, adem\u00e1s de conectar con otros profesionales que comparten sus mismas inquietudes.<\/p>\n<p>Adem\u00e1s, el congreso fue la semilla para el nacimiento de la plataforma <span style=\"color: #ff0000;\"><a style=\"color: #ff0000;\" href=\"https:\/\/www.labasica.org\/\">www.labasica.org<\/a><\/span>, surgida para dar respuesta a la necesidad de todos los asistentes que demandaban un espacio de contacto com\u00fan donde se pudiera dar continuidad al trabajo realizado en el evento y que facilitara una red de contacto permanente entre todos los asistentes.<\/p>\n<p>A trav\u00e9s de <span style=\"color: #ff0000;\"><a style=\"color: #ff0000;\" href=\"https:\/\/www.labasica.org\/\">labasica.org<\/a><\/span>, los docentes tienen acceso gratuito a cursos, webinars mensuales y visitas de aprendizaje a centros de referencia en la B\u00e1sica. Apenas un a\u00f1o despu\u00e9s de su lanzamiento, la red ya cuenta con miembros en m\u00e1s del 20% de los centros que imparten Grado B\u00e1sico en Espa\u00f1a.<\/p>\n<p>La participaci\u00f3n del CES Santiago Ram\u00f3n y Cajal supone un reconocimiento al trabajo realizado por este centro educativo en una de las etapas formativas m\u00e1s importantes para el alumnado, la que permite recuperar a muchos estudiantes para la continuaci\u00f3n de sus estudios. Representantes del centro se desplazar\u00e1n en noviembre a Madrid para presentarla.<\/p>\n<p>&nbsp;<\/p>\n<p>&nbsp;<\/p>\n<p>&nbsp;<\/p>\n","protected":false},"excerpt":{"rendered":"<p>El CES Santiago Ram\u00f3n y Cajal es uno de los centros andaluces seleccionados para presentar su modelo educativo de FP en el congreso nacional de \u201cLa B\u00e1sica En Red\u201d. El CES Santiago Ram\u00f3n y Cajal ha sido seleccionado como ponente para presentar su proyecto \u201cProgressio\u201d en \u201cLa B\u00e1sica En Red\u201d, el mayor evento sobre Ciclos [&hellip;]<\/p>\n","protected":false},"author":2,"featured_media":51679,"comment_status":"closed","ping_status":"closed","sticky":false,"template":"","format":"standard","meta":{"_et_pb_use_builder":"","_et_pb_old_content":"","_et_gb_content_width":"","footnotes":""},"categories":[3],"tags":[],"class_list":["post-50989","post","type-post","status-publish","format-standard","has-post-thumbnail","hentry","category-noticias"],"_links":{"self":[{"href":"https:\/\/www.test.cesramonycajal.com\/index.php?rest_route=\/wp\/v2\/posts\/50989","targetHints":{"allow":["GET"]}}],"collection":[{"href":"https:\/\/www.test.cesramonycajal.com\/index.php?rest_route=\/wp\/v2\/posts"}],"about":[{"href":"https:\/\/www.test.cesramonycajal.com\/index.php?rest_route=\/wp\/v2\/types\/post"}],"author":[{"embeddable":true,"href":"https:\/\/www.test.cesramonycajal.com\/index.php?rest_route=\/wp\/v2\/users\/2"}],"replies":[{"embeddable":true,"href":"https:\/\/www.test.cesramonycajal.com\/index.php?rest_route=%2Fwp%2Fv2%2Fcomments&post=50989"}],"version-history":[{"count":0,"href":"https:\/\/www.test.cesramonycajal.com\/index.php?rest_route=\/wp\/v2\/posts\/50989\/revisions"}],"wp:featuredmedia":[{"embeddable":true,"href":"https:\/\/www.test.cesramonycajal.com\/index.php?rest_route=\/wp\/v2\/media\/51679"}],"wp:attachment":[{"href":"https:\/\/www.test.cesramonycajal.com\/index.php?rest_route=%2Fwp%2Fv2%2Fmedia&parent=50989"}],"wp:term":[{"taxonomy":"category","embeddable":true,"href":"https:\/\/www.test.cesramonycajal.com\/index.php?rest_route=%2Fwp%2Fv2%2Fcategories&post=50989"},{"taxonomy":"post_tag","embeddable":true,"href":"https:\/\/www.test.cesramonycajal.com\/index.php?rest_route=%2Fwp%2Fv2%2Ftags&post=50989"}],"curies":[{"name":"wp","href":"https:\/\/api.w.org\/{rel}","templated":true}]}}