{"id":49769,"date":"2025-10-06T14:12:10","date_gmt":"2025-10-06T12:12:10","guid":{"rendered":"https:\/\/www.cesramonycajal.com\/?p=49769"},"modified":"2025-10-06T14:12:10","modified_gmt":"2025-10-06T12:12:10","slug":"becas-para-madres-estudiantes-2025","status":"publish","type":"post","link":"https:\/\/www.test.cesramonycajal.com\/?p=49769","title":{"rendered":"Becas para madres estudiantes 2025"},"content":{"rendered":"<p>[vc_row][vc_column][vc_column_text]<\/p>\n<h1 style=\"text-align: center;\"><b>BECAS PARA MADRES ESTUDIANTES 2025<\/b><\/h1>\n<p><b>Requisitos:<\/b><\/p>\n<p><span style=\"font-weight: 400;\">-Ser madre de un <\/span><b>hijo\/a menor de 10 a\u00f1os <\/b><span style=\"font-weight: 400;\">a fecha de 31 de diciembre de 2025.<\/span><\/p>\n<p><span style=\"font-weight: 400;\">-Estar <\/span><b>empadronada<\/b><span style=\"font-weight: 400;\"> en el municipio de Granada<\/span><b> con una antelaci\u00f3n previa de seis meses<\/b><span style=\"font-weight: 400;\"> respecto a la fecha de finalizaci\u00f3n del plazo de solicitud.<\/span><\/p>\n<p><span style=\"font-weight: 400;\">-Cursar estudios de <\/span><b>formaci\u00f3n reglada y no reglada<\/b><span style=\"font-weight: 400;\">, modalidad presencial, a distancia u online<\/span><\/p>\n<p><span style=\"font-weight: 400;\">-La solicitante <\/span><b>deber\u00e1 estar matriculada <\/b><span style=\"font-weight: 400;\">en fecha anterior a la apertura del plazo de solicitud de la Beca para Madres Estudiantes<\/span><\/p>\n<p>&nbsp;<\/p>\n<p><b>Plazo presentaci\u00f3n solicitudes:<\/b><\/p>\n<p><b>Del 30 de septiembre al 23 de octubre de 2025<\/b><\/p>\n<p>&nbsp;<\/p>\n<p><b>Documentaci\u00f3n y solicitud: <span style=\"color: #ff0000;\"><a style=\"color: #ff0000;\" href=\"https:\/\/www.test.cesramonycajal.com\/wp-content\/uploads\/2025\/10\/2025-26-Solicitud-Becas-Madres-Estudiantes.pdf\">Pulse aqu\u00ed<\/a><\/span><\/b><\/p>\n<p><span style=\"font-weight: 400;\">Junto al modelo de solicitud debidamente cumplimentado y firmado (muy importante), deben presentar la documentaci\u00f3n que se indica en la primera p\u00e1gina de la solicitud. En todos los casos es la siguiente:<\/span><\/p>\n<p>&nbsp;<\/p>\n<p><span style=\"font-weight: 400;\">&#8211; DNI\/NIE de la solicitante o de la persona representante si es menor de edad<\/span><\/p>\n<p><span style=\"font-weight: 400;\">\u00a0-Libro de Familia<\/span><\/p>\n<p><span style=\"font-weight: 400;\">&#8211; Certificado de empadronamiento con indicaci\u00f3n de todas las personas inscritas<\/span><\/p>\n<p><span style=\"font-weight: 400;\">&#8211; Matr\u00edcula del curso<\/span><\/p>\n<p><span style=\"font-weight: 400;\">&#8211; Acreditaci\u00f3n del n\u00famero de horas o cr\u00e9ditos del curso<\/span><\/p>\n<p>&nbsp;<\/p>\n<p><span style=\"font-weight: 400;\">Se acreditar\u00e1n las situaciones de discapacidad, monoparentalidad, familia numerosa, cuidadora no profesional o v\u00edctima de violencia de g\u00e9nero.<\/span><\/p>\n<p><i><span style=\"font-weight: 400;\">A diferencia de otros a\u00f1os, no deben presentar designaci\u00f3n de cuenta bancaria (s\u00f3lo lo har\u00e1n quienes sean beneficiarias)<\/span><\/i><\/p>\n<p>&nbsp;<\/p>\n<p><b>Estudios y modalidades de las solicitantes:<\/b><\/p>\n<ol>\n<li><b>a) <\/b><span style=\"font-weight: 400;\">Formaci\u00f3n reglada de bachillerato, formaci\u00f3n profesional, estudios universitarios o escuela oficial de idiomas, siempre que sea impartida por centros p\u00fablicos o privados con reconocimiento oficial, incluyendo la formaci\u00f3n presencial, semipresencial, online o a distancia.<\/span><\/li>\n<li><b>b) <\/b><span style=\"font-weight: 400;\">Formaci\u00f3n no reglada reconocida y homologada por una administraci\u00f3n p\u00fablica. Esta deber\u00e1 ser presencial, acreditando asistencia y aprovechamiento, con una duraci\u00f3n de al menos 250 horas o equivalencia en cr\u00e9ditos ECTS. Queda exceptuada respecto del c\u00f3mputo de horas establecido, la formaci\u00f3n para pruebas de obtenci\u00f3n de titulaciones y de acceso a otros niveles del sistema educativo.<\/span><\/li>\n<\/ol>\n<p>&nbsp;<\/p>\n<p><span style=\"font-weight: 400;\">&#8211; <\/span><b>No ser\u00e1n beneficiarias<\/b> <span style=\"font-weight: 400;\">aquellas solicitantes de formaci\u00f3n no reglada de planes de estudio para el fomento de la ciudadan\u00eda activa que ya lo hayan sido en la convocatoria inmediatamente anterior.<\/span><\/p>\n<p>&nbsp;<\/p>\n<p><b>Consulte la convocatoria completa en<\/b><span style=\"font-weight: 400;\">:<\/span><\/p>\n<p><a href=\"https:\/\/www.granada.org\/inet\/subvenciones.nsf\/wwtod\/CCA55D71E171BBD5C1258D15002319EC?OpenDocument\"><span style=\"font-weight: 400;\">https:\/\/www.granada.org\/inet\/subvenciones.nsf\/wwtod\/CCA55D71E171BBD5C1258D15002319EC?OpenDocument<\/span><\/a><\/p>\n<p>&nbsp;<\/p>\n<p><b>Informaci\u00f3n:\u00a0\u00a0\u00a0\u00a0\u00a0\u00a0\u00a0\u00a0\u00a0\u00a0\u00a0\u00a0\u00a0\u00a0\u00a0\u00a0\u00a0\u00a0\u00a0\u00a0\u00a0\u00a0\u00a0\u00a0\u00a0\u00a0\u00a0\u00a0\u00a0\u00a0\u00a0\u00a0\u00a0\u00a0\u00a0\u00a0\u00a0\u00a0\u00a0\u00a0\u00a0\u00a0\u00a0\u00a0\u00a0\u00a0\u00a0\u00a0\u00a0\u00a0\u00a0\u00a0\u00a0\u00a0\u00a0\u00a0\u00a0\u00a0\u00a0\u00a0\u00a0\u00a0\u00a0\u00a0\u00a0\u00a0\u00a0\u00a0\u00a0\u00a0\u00a0\u00a0\u00a0\u00a0\u00a0\u00a0\u00a0\u00a0\u00a0\u00a0\u00a0\u00a0\u00a0\u00a0\u00a0\u00a0\u00a0\u00a0\u00a0\u00a0\u00a0\u00a0\u00a0\u00a0\u00a0\u00a0\u00a0\u00a0\u00a0\u00a0\u00a0\u00a0\u00a0\u00a0<\/b><\/p>\n<p><span style=\"font-weight: 400;\">Tel\u00e9fono:\u00a0 958 180086 &#8211; <\/span><span style=\"font-weight: 400;\">rosarodriguez@granada.org<\/span><\/p>\n<p><span style=\"font-weight: 400;\">Tel\u00e9fono:\u00a0 958 248116 &#8211; <\/span><span style=\"font-weight: 400;\">servicioigualdad@granada.org<\/span><span style=\"font-weight: 400;\">\u00a0<\/span><\/p>\n<p><img decoding=\"async\" src=\"https:\/\/www.test.cesramonycajal.com\/wp-content\/uploads\/2025\/10\/cartel-becas-madres-min-1.jpg\" \/><\/p>\n<p><img decoding=\"async\" src=\"https:\/\/www.test.cesramonycajal.com\/wp-content\/uploads\/2025\/10\/requisitos-min-1.png\" \/>[\/vc_column_text][\/vc_column][\/vc_row]<\/p>\n","protected":false},"excerpt":{"rendered":"<p>[vc_row][vc_column][vc_column_text] BECAS PARA MADRES ESTUDIANTES 2025 Requisitos: -Ser madre de un hijo\/a menor de 10 a\u00f1os a fecha de 31 de diciembre de 2025. -Estar empadronada en el municipio de Granada con una antelaci\u00f3n previa de seis meses respecto a la fecha de finalizaci\u00f3n del plazo de solicitud. -Cursar estudios de formaci\u00f3n reglada y no [&hellip;]<\/p>\n","protected":false},"author":2,"featured_media":0,"comment_status":"closed","ping_status":"closed","sticky":false,"template":"","format":"standard","meta":{"_et_pb_use_builder":"","_et_pb_old_content":"","_et_gb_content_width":"","footnotes":""},"categories":[3],"tags":[],"class_list":["post-49769","post","type-post","status-publish","format-standard","hentry","category-noticias"],"_links":{"self":[{"href":"https:\/\/www.test.cesramonycajal.com\/index.php?rest_route=\/wp\/v2\/posts\/49769","targetHints":{"allow":["GET"]}}],"collection":[{"href":"https:\/\/www.test.cesramonycajal.com\/index.php?rest_route=\/wp\/v2\/posts"}],"about":[{"href":"https:\/\/www.test.cesramonycajal.com\/index.php?rest_route=\/wp\/v2\/types\/post"}],"author":[{"embeddable":true,"href":"https:\/\/www.test.cesramonycajal.com\/index.php?rest_route=\/wp\/v2\/users\/2"}],"replies":[{"embeddable":true,"href":"https:\/\/www.test.cesramonycajal.com\/index.php?rest_route=%2Fwp%2Fv2%2Fcomments&post=49769"}],"version-history":[{"count":0,"href":"https:\/\/www.test.cesramonycajal.com\/index.php?rest_route=\/wp\/v2\/posts\/49769\/revisions"}],"wp:attachment":[{"href":"https:\/\/www.test.cesramonycajal.com\/index.php?rest_route=%2Fwp%2Fv2%2Fmedia&parent=49769"}],"wp:term":[{"taxonomy":"category","embeddable":true,"href":"https:\/\/www.test.cesramonycajal.com\/index.php?rest_route=%2Fwp%2Fv2%2Fcategories&post=49769"},{"taxonomy":"post_tag","embeddable":true,"href":"https:\/\/www.test.cesramonycajal.com\/index.php?rest_route=%2Fwp%2Fv2%2Ftags&post=49769"}],"curies":[{"name":"wp","href":"https:\/\/api.w.org\/{rel}","templated":true}]}}