{"id":46518,"date":"2025-06-04T07:38:56","date_gmt":"2025-06-04T05:38:56","guid":{"rendered":"https:\/\/www.cesramonycajal.com\/?p=46518"},"modified":"2025-06-04T07:38:56","modified_gmt":"2025-06-04T05:38:56","slug":"una-comunidad-que-siembra-paz","status":"publish","type":"post","link":"https:\/\/www.test.cesramonycajal.com\/?p=46518","title":{"rendered":"El CES S. Ram\u00f3n y Cajal: una comunidad que siembra paz y cosecha cambio"},"content":{"rendered":"<h1 style=\"text-align: center;\"><b>El CES S. Ram\u00f3n y Cajal: una comunidad que siembra paz y cosecha cambio<\/b><\/h1>\n<p><img decoding=\"async\" class=\"size-medium wp-image-46520 aligncenter\" src=\"https:\/\/www.test.cesramonycajal.com\/wp-content\/uploads\/2025\/06\/Logo-RAEEP-color-590x423-copia-1-min-250x179.jpg\" alt=\"\" \/><\/p>\n<p>&nbsp;<\/p>\n<p style=\"text-align: center;\"><span style=\"font-weight: 400;\">A lo largo del curso acad\u00e9mico 2024-2025, el CES S. Ram\u00f3n y Cajal ha formado parte de la Red Andaluza \u201cEscuela: Espacio de Paz\u201d, una iniciativa promovida por la Junta de Andaluc\u00eda que busca impulsar la convivencia positiva, el respeto mutuo y la cultura de paz en los centros educativos andaluces.<\/span><\/p>\n<p>&nbsp;<\/p>\n<p style=\"text-align: center;\"><span style=\"font-weight: 400;\">Nuestro proyecto, titulado \u201cSembrando Paz, Cosechando Cambio\u201d, ha sido la base sobre la que se <\/span><span style=\"font-weight: 400;\">han desarrollado numerosas actividades dirigidas a promover la educaci\u00f3n emocional, el di\u00e1logo constructivo, la inclusi\u00f3n, y el compromiso social entre nuestro alumnado. Este trabajo se ha realizado de manera transversal, implicando a estudiantes de ESO, Bachillerato y Ciclos Formativos, as\u00ed como al conjunto del profesorado y personal del centro.<\/span><\/p>\n<p>&nbsp;<\/p>\n<p style=\"text-align: center;\"><span style=\"font-weight: 400;\">El alumnado ha sido el verdadero protagonista de esta experiencia, no solo como receptor de contenidos, sino como agente activo de cambio. Han dise\u00f1ado campa\u00f1as de concienciaci\u00f3n sobre la paz, la igualdad y la tolerancia, han conmemorado fechas clave como el D\u00eda Internacional contra la Violencia y el Acoso Escolar, el D\u00eda de la Mujer o el D\u00eda Internacional de la Paz, y han difundido estos mensajes a trav\u00e9s de carteles, manifiestos, v\u00eddeos y redes sociales, con gran acogida por parte de la comunidad educativa.<\/span><\/p>\n<p>&nbsp;<\/p>\n<p style=\"text-align: center;\"><span style=\"font-weight: 400;\">\u00abSembrando Paz, Cosechando Cambio\u00bb no solo ha sido una experiencia educativa; ha sido una declaraci\u00f3n de intenciones. Apostamos por una educaci\u00f3n que no solo transmite conocimientos, sino que tambi\u00e9n forma personas conscientes, emp\u00e1ticas y responsables.<\/span><\/p>\n<p>&nbsp;<\/p>\n<p style=\"text-align: center;\"><span style=\"font-weight: 400;\">Desde el CES S. Ram\u00f3n y Cajal, agradecemos el esfuerzo de todo el profesorado implicado, la participaci\u00f3n activa del alumnado y el apoyo de las familias. Seguiremos trabajando con ilusi\u00f3n y compromiso para que la paz no sea solo un contenido, sino una forma de vida compartida en nuestro d\u00eda a d\u00eda.<\/span><\/p>\n<p>&nbsp;<\/p>\n<p style=\"text-align: center;\"><span style=\"font-weight: 400;\">Porque la educaci\u00f3n, cuando se hace con coraz\u00f3n, puede cambiarlo todo.<\/span><\/p>\n<p style=\"text-align: right;\"><span style=\"font-weight: 400;\">Santiago Paquet Hern\u00e1ndez<\/span><\/p>\n<p><img loading=\"lazy\" decoding=\"async\" class=\"aligncenter wp-image-46521 size-large\" src=\"https:\/\/www.test.cesramonycajal.com\/wp-content\/uploads\/2025\/06\/IMG_0719-1-min-700x933.jpg\" alt=\"\" width=\"700\" height=\"933\" \/><\/p>\n","protected":false},"excerpt":{"rendered":"<p>El CES S. Ram\u00f3n y Cajal: una comunidad que siembra paz y cosecha cambio &nbsp; A lo largo del curso acad\u00e9mico 2024-2025, el CES S. Ram\u00f3n y Cajal ha formado parte de la Red Andaluza \u201cEscuela: Espacio de Paz\u201d, una iniciativa promovida por la Junta de Andaluc\u00eda que busca impulsar la convivencia positiva, el respeto [&hellip;]<\/p>\n","protected":false},"author":2,"featured_media":46520,"comment_status":"closed","ping_status":"closed","sticky":false,"template":"","format":"standard","meta":{"_et_pb_use_builder":"","_et_pb_old_content":"","_et_gb_content_width":"","footnotes":""},"categories":[3],"tags":[],"class_list":["post-46518","post","type-post","status-publish","format-standard","has-post-thumbnail","hentry","category-noticias"],"_links":{"self":[{"href":"https:\/\/www.test.cesramonycajal.com\/index.php?rest_route=\/wp\/v2\/posts\/46518","targetHints":{"allow":["GET"]}}],"collection":[{"href":"https:\/\/www.test.cesramonycajal.com\/index.php?rest_route=\/wp\/v2\/posts"}],"about":[{"href":"https:\/\/www.test.cesramonycajal.com\/index.php?rest_route=\/wp\/v2\/types\/post"}],"author":[{"embeddable":true,"href":"https:\/\/www.test.cesramonycajal.com\/index.php?rest_route=\/wp\/v2\/users\/2"}],"replies":[{"embeddable":true,"href":"https:\/\/www.test.cesramonycajal.com\/index.php?rest_route=%2Fwp%2Fv2%2Fcomments&post=46518"}],"version-history":[{"count":0,"href":"https:\/\/www.test.cesramonycajal.com\/index.php?rest_route=\/wp\/v2\/posts\/46518\/revisions"}],"wp:featuredmedia":[{"embeddable":true,"href":"https:\/\/www.test.cesramonycajal.com\/index.php?rest_route=\/wp\/v2\/media\/46520"}],"wp:attachment":[{"href":"https:\/\/www.test.cesramonycajal.com\/index.php?rest_route=%2Fwp%2Fv2%2Fmedia&parent=46518"}],"wp:term":[{"taxonomy":"category","embeddable":true,"href":"https:\/\/www.test.cesramonycajal.com\/index.php?rest_route=%2Fwp%2Fv2%2Fcategories&post=46518"},{"taxonomy":"post_tag","embeddable":true,"href":"https:\/\/www.test.cesramonycajal.com\/index.php?rest_route=%2Fwp%2Fv2%2Ftags&post=46518"}],"curies":[{"name":"wp","href":"https:\/\/api.w.org\/{rel}","templated":true}]}}