{"id":44812,"date":"2025-05-20T08:00:55","date_gmt":"2025-05-20T06:00:55","guid":{"rendered":"https:\/\/www.cesramonycajal.com\/?p=44812"},"modified":"2025-05-20T08:00:55","modified_gmt":"2025-05-20T06:00:55","slug":"perfil-competencial-resolucion-de-problemas","status":"publish","type":"post","link":"https:\/\/www.test.cesramonycajal.com\/?p=44812","title":{"rendered":"Perfil competencial: RESOLUCI\u00d3N DE PROBLEMAS"},"content":{"rendered":"<h2 style=\"text-align: center;\"><strong>Perfil competencial: RESOLUCI\u00d3N DE PROBLEMAS<\/strong><\/h2>\n<p>&nbsp;<\/p>\n<p><span style=\"font-weight: 400;\">Ofrecer habilidades, virtudes y fortalezas a nuestro alumnado es uno de los principales objetivos que nos planteamos desde el CES S. Ram\u00f3n y Cajal. Con este fin, hemos dise\u00f1ado un perfil competencial, formado por 15 habilidades profesionales, con las que esta instituci\u00f3n educativa se siente identificada y mediante las cuales poder ofrecer una formaci\u00f3n m\u00e1s completa y de calidad a la sociedad.<\/span><\/p>\n<p><span style=\"font-weight: 400;\">Vivimos en un entorno educativo y profesional cada vez m\u00e1s exigente, donde la autodisciplina, la gesti\u00f3n del tiempo y la capacidad de resolver problemas de manera aut\u00f3noma, entre otras muchas competencias, son habilidades cada vez m\u00e1s valoradas y demandadas. As\u00ed pues, resulta crucial entender y fomentar estos h\u00e1bitos desde temprana edad.<\/span><\/p>\n<p>&nbsp;<\/p>\n<p style=\"text-align: center;\"><b>RESOLUCI\u00d3N DE PROBLEMAS<\/b><\/p>\n<p>&nbsp;<\/p>\n<p><span style=\"font-weight: 400;\">La octava competencia que queremos abordar este curso es la de<\/span><b> Resoluci\u00f3n de problemas.<\/b><\/p>\n<p><span style=\"font-weight: 400;\">Trabajar la resoluci\u00f3n de problemas en el aula es como darle a los estudiantes una br\u00fajula para moverse por la vida. No se trata solo de aprender a resolver ejercicios, sino de ense\u00f1arles a pensar, a no rendirse ante las dificultades y a confiar en su capacidad para encontrar soluciones. Les ayuda a ver que los errores no son fracasos, sino pasos necesarios para aprender. Adem\u00e1s, cuando buscan soluciones juntos, aprenden a escucharse, a compartir ideas y a crecer en comunidad. Es una forma de convertirlos en personas capaces, creativas y seguras en cualquier situaci\u00f3n que enfrenten.<\/span><\/p>\n<p><span style=\"font-weight: 400;\">Aqu\u00ed se detallan algunas de las razones m\u00e1s importantes por las que es fundamental impulsar esta competencia:<\/span><\/p>\n<ul>\n<li aria-level=\"1\"><b>Preparaci\u00f3n para la vida real: <\/b><span style=\"font-weight: 400;\">la vida est\u00e1 llena de situaciones complejas que requieren encontrar soluciones pr\u00e1cticas. Al trabajar esta competencia, se prepara a los alumnos para enfrentarse a desaf\u00edos cotidianos, laborales y sociales.<\/span><\/li>\n<li aria-level=\"1\"><b>Fomento del aprendizaje significativo: <\/b><span style=\"font-weight: 400;\">resolver problemas hace que el aprendizaje deje de ser solo memorizaci\u00f3n. El aprendizaje significativo hace que los estudiantes entiendan, conecten y apliquen lo que aprenden a su vida real.<\/span><\/li>\n<li aria-level=\"1\"><b>Fomento de la autonom\u00eda: <\/b><span style=\"font-weight: 400;\">es necesario ense\u00f1ar a los estudiantes a pensar por s\u00ed mismos, fomentando la capacidad de proponer ideas originales. Para ello, es necesario ofrecerles una buena formaci\u00f3n y la mayor cantidad de herramientas posibles, con las que buscar soluciones innovadoras.<\/span><\/li>\n<li aria-level=\"1\"><b>Desarrollo del pensamiento l\u00f3gico-cr\u00edtico:<\/b><span style=\"font-weight: 400;\"> la resoluci\u00f3n de problemas implica analizar situaciones, evaluar opciones y tomar decisiones informadas. Los estudiantes deben aprender a cuestionar, proponer soluciones y a no conformarse con la primera respuesta.<\/span><\/li>\n<li aria-level=\"1\"><b>Trabajo en equipo: <\/b><span style=\"font-weight: 400;\">existen problemas que para solucionarlos se requiera de colaboraci\u00f3n, lo que mejora la comunicaci\u00f3n, el respeto por las ideas de otros y la capacidad de negociar soluciones conjuntas.<\/span><\/li>\n<\/ul>\n<ul>\n<li aria-level=\"1\"><b>Desarrollo personal y emocional: <\/b><span style=\"font-weight: 400;\">es importante ense\u00f1ar al alumnado a gestionar la frustraci\u00f3n, a ser persistentes y a ver los errores como una oportunidad para aprender. Progresar en la capacidad para resolver desaf\u00edos permite reforzar la autoestima de uno mismo.<\/span><\/li>\n<\/ul>\n<ul>\n<li aria-level=\"1\"><b>Ciudadan\u00eda activa: <\/b><span style=\"font-weight: 400;\">cabe destacar que un estudiante que sabe resolver problemas es m\u00e1s capaz de participar activamente en su comunidad, proponer mejoras, actuar con criterio y no mostrarse indiferente ante situaciones injustas o dificultades.<\/span><\/li>\n<\/ul>\n<p><b><\/b><img decoding=\"async\" class=\"aligncenter size-large wp-image-44813\" src=\"https:\/\/www.test.cesramonycajal.com\/wp-content\/uploads\/2025\/05\/Copia-de-Resolucion-de-problemas-min-700x700.png\" alt=\"\" \/><\/p>\n","protected":false},"excerpt":{"rendered":"<p>Perfil competencial: RESOLUCI\u00d3N DE PROBLEMAS &nbsp; Ofrecer habilidades, virtudes y fortalezas a nuestro alumnado es uno de los principales objetivos que nos planteamos desde el CES S. Ram\u00f3n y Cajal. Con este fin, hemos dise\u00f1ado un perfil competencial, formado por 15 habilidades profesionales, con las que esta instituci\u00f3n educativa se siente identificada y mediante las [&hellip;]<\/p>\n","protected":false},"author":2,"featured_media":44813,"comment_status":"closed","ping_status":"closed","sticky":false,"template":"","format":"standard","meta":{"_et_pb_use_builder":"","_et_pb_old_content":"","_et_gb_content_width":"","footnotes":""},"categories":[3],"tags":[],"class_list":["post-44812","post","type-post","status-publish","format-standard","has-post-thumbnail","hentry","category-noticias"],"_links":{"self":[{"href":"https:\/\/www.test.cesramonycajal.com\/index.php?rest_route=\/wp\/v2\/posts\/44812","targetHints":{"allow":["GET"]}}],"collection":[{"href":"https:\/\/www.test.cesramonycajal.com\/index.php?rest_route=\/wp\/v2\/posts"}],"about":[{"href":"https:\/\/www.test.cesramonycajal.com\/index.php?rest_route=\/wp\/v2\/types\/post"}],"author":[{"embeddable":true,"href":"https:\/\/www.test.cesramonycajal.com\/index.php?rest_route=\/wp\/v2\/users\/2"}],"replies":[{"embeddable":true,"href":"https:\/\/www.test.cesramonycajal.com\/index.php?rest_route=%2Fwp%2Fv2%2Fcomments&post=44812"}],"version-history":[{"count":0,"href":"https:\/\/www.test.cesramonycajal.com\/index.php?rest_route=\/wp\/v2\/posts\/44812\/revisions"}],"wp:featuredmedia":[{"embeddable":true,"href":"https:\/\/www.test.cesramonycajal.com\/index.php?rest_route=\/wp\/v2\/media\/44813"}],"wp:attachment":[{"href":"https:\/\/www.test.cesramonycajal.com\/index.php?rest_route=%2Fwp%2Fv2%2Fmedia&parent=44812"}],"wp:term":[{"taxonomy":"category","embeddable":true,"href":"https:\/\/www.test.cesramonycajal.com\/index.php?rest_route=%2Fwp%2Fv2%2Fcategories&post=44812"},{"taxonomy":"post_tag","embeddable":true,"href":"https:\/\/www.test.cesramonycajal.com\/index.php?rest_route=%2Fwp%2Fv2%2Ftags&post=44812"}],"curies":[{"name":"wp","href":"https:\/\/api.w.org\/{rel}","templated":true}]}}