{"id":43488,"date":"2025-04-22T08:00:54","date_gmt":"2025-04-22T06:00:54","guid":{"rendered":"https:\/\/www.cesramonycajal.com\/?p=43488"},"modified":"2025-04-22T08:00:54","modified_gmt":"2025-04-22T06:00:54","slug":"perfil-competencial-respetuoso-con-el-medio-ambiente","status":"publish","type":"post","link":"https:\/\/www.test.cesramonycajal.com\/?p=43488","title":{"rendered":"Perfil competencial: respetuoso con el medio ambiente"},"content":{"rendered":"<h2 style=\"text-align: center;\"><strong>Perfil competencial: respetuoso con el medio ambiente<\/strong><\/h2>\n<p><span style=\"font-weight: 400;\">Ofrecer habilidades, virtudes y fortalezas a nuestro alumnado es uno de los principales objetivos que nos planteamos desde el CES S. Ram\u00f3n y Cajal. Con este fin, hemos dise\u00f1ado un perfil competencial, formado por 15 habilidades profesionales, con las que esta instituci\u00f3n educativa se siente identificada y mediante las cuales poder ofrecer una formaci\u00f3n m\u00e1s completa y de calidad a la sociedad.<\/span><br \/>\n<span style=\"font-weight: 400;\">Vivimos en un entorno educativo y profesional cada vez m\u00e1s exigente, donde la autodisciplina, la gesti\u00f3n del tiempo y la capacidad de resolver problemas de manera aut\u00f3noma, entre otras muchas competencias, son habilidades cada vez m\u00e1s valoradas y demandadas. As\u00ed pues, resulta crucial entender y fomentar estos h\u00e1bitos desde temprana edad.<\/span><\/p>\n<p>&nbsp;<\/p>\n<p style=\"text-align: center;\"><b>RESPETUOSO CON EL MEDIOAMBIENTE<\/b><\/p>\n<p><span style=\"font-weight: 400;\">La s\u00e9ptima competencia que queremos abordar este curso es la de<\/span><b> Respetuoso con el medioambiente.<\/b><br \/>\n<span style=\"font-weight: 400;\">Fomentar el valor de ser respetuoso con el medioambiente tiene m\u00faltiples beneficios, tanto a nivel individual como colectivo. No debemos concebir esta competencia como una simple lecci\u00f3n, sino que debemos entenderla como una necesidad urgente. Abordar la sostenibilidad, significa trabajar en una inversi\u00f3n para el futuro de nuestro planeta, as\u00ed como para el progreso de la sociedad. Los estudiantes deben ser capaces de comprender que cada acci\u00f3n cuenta, que su voz y sus decisiones tienen impacto y que se debe actuar con conciencia y responsabilidad. De esta manera, los j\u00f3venes se convierten en agentes de cambio, inspirando a sus familias y comunidades a sumarse a una causa que nos afecta a todos. El concepto es claro: vivir en un entorno limpio y sostenible mejora nuestro bienestar y calidad de vida.<\/span><br \/>\n<span style=\"font-weight: 400;\">Aqu\u00ed se detallan algunas de las razones m\u00e1s importantes por las que es fundamental impulsar esta competencia:<\/span><\/p>\n<ul>\n<li aria-level=\"1\"><b>Conciencia ecol\u00f3gica:<\/b><span style=\"font-weight: 400;\"> la sociedad debe aprender sobre la importancia que tiene cuidar el planeta Tierra y desarrollar h\u00e1bitos sostenibles desde edades tempranas. Fomentar una sensibilidad ambiental nos permite comprender el impacto de nuestras acciones y actuar de manera consecuente.<\/span><\/li>\n<\/ul>\n<ul>\n<li aria-level=\"1\"><b>Desarrollo de valores:<\/b><span style=\"font-weight: 400;\"> promover una filosof\u00eda de vida sostenible, nos permite fomentar aptitudes como: la responsabilidad, el respeto, la empat\u00eda y la solidaridad. Se tratan de valores esenciales para garantizar una convivencia armoniosa con el entorno.<\/span><\/li>\n<\/ul>\n<p><b><\/b><br \/>\n<b><\/b><\/p>\n<ul>\n<li aria-level=\"1\"><b>Impacto positivo en la comunidad: <\/b><span style=\"font-weight: 400;\">educar en torno al respeto hacia el medio ambiente no s\u00f3lo transforma a los estudiantes, sino que, tambi\u00e9n, impacta directamente en la comunidad. Cuando el alumnado pone en pr\u00e1ctica el respeto hacia la naturaleza, lleva esos valores a su hogar y contagia a su entorno. Las familias cambian h\u00e1bitos, los vecinos se involucran y el impacto crece cada vez m\u00e1s. Por tanto, educar en sostenibilidad es sembrar un futuro mejor, y la comunidad entera cosecha los frutos:<\/span><\/li>\n<\/ul>\n<p><b><\/b><br \/>\n<b><\/b><\/p>\n<ul>\n<li aria-level=\"1\"><b>Mejora de la calidad de vida: <\/b><span style=\"font-weight: 400;\">al aprender sobre reciclaje, ahorro energ\u00e9tico y consumo responsable, los estudiantes contribuyen a un entorno m\u00e1s limpio y saludable.\u00a0<\/span><\/li>\n<\/ul>\n<ul>\n<li aria-level=\"1\"><b>Conexi\u00f3n con la naturaleza: <\/b><span style=\"font-weight: 400;\">impulsar una mayor conexi\u00f3n con la naturaleza entre el alumnado es esencial porque les ayuda a desarrollar un sentido de pertenencia y responsabilidad hacia el entorno. Al estar en contacto con la naturaleza, los estudiantes aprenden a valorarla y a comprender su importancia en la vida cotidiana. Adem\u00e1s, esta conexi\u00f3n puede promover el bienestar emocional, reduce el estr\u00e9s y mejora la creatividad.<\/span><\/li>\n<\/ul>\n<p><b><\/b><br \/>\n<b><\/b><\/p>\n<ul>\n<li aria-level=\"1\"><b>Fomento de h\u00e1bitos saludables:<\/b><span style=\"font-weight: 400;\"> implica un impacto directo en el bienestar f\u00edsico y mental de los estudiantes. Los h\u00e1bitos como una buena alimentaci\u00f3n, ejercicio regular y suficiente descanso mejoran la energ\u00eda, la concentraci\u00f3n y el rendimiento acad\u00e9mico. Adem\u00e1s, tambi\u00e9n ense\u00f1a responsabilidad personal y autocuidado, lo que ayuda a los j\u00f3venes a desarrollar una mentalidad positiva.<img decoding=\"async\" class=\"aligncenter size-large wp-image-43490\" src=\"https:\/\/www.test.cesramonycajal.com\/wp-content\/uploads\/2025\/04\/Respetuoso-con-el-Medioambiente-1-min-700x700.png\" alt=\"\" \/><\/span><\/li>\n<\/ul>\n","protected":false},"excerpt":{"rendered":"<p>Perfil competencial: respetuoso con el medio ambiente Ofrecer habilidades, virtudes y fortalezas a nuestro alumnado es uno de los principales objetivos que nos planteamos desde el CES S. Ram\u00f3n y Cajal. Con este fin, hemos dise\u00f1ado un perfil competencial, formado por 15 habilidades profesionales, con las que esta instituci\u00f3n educativa se siente identificada y mediante [&hellip;]<\/p>\n","protected":false},"author":2,"featured_media":43490,"comment_status":"closed","ping_status":"closed","sticky":false,"template":"","format":"standard","meta":{"_et_pb_use_builder":"","_et_pb_old_content":"","_et_gb_content_width":"","footnotes":""},"categories":[3],"tags":[],"class_list":["post-43488","post","type-post","status-publish","format-standard","has-post-thumbnail","hentry","category-noticias"],"_links":{"self":[{"href":"https:\/\/www.test.cesramonycajal.com\/index.php?rest_route=\/wp\/v2\/posts\/43488","targetHints":{"allow":["GET"]}}],"collection":[{"href":"https:\/\/www.test.cesramonycajal.com\/index.php?rest_route=\/wp\/v2\/posts"}],"about":[{"href":"https:\/\/www.test.cesramonycajal.com\/index.php?rest_route=\/wp\/v2\/types\/post"}],"author":[{"embeddable":true,"href":"https:\/\/www.test.cesramonycajal.com\/index.php?rest_route=\/wp\/v2\/users\/2"}],"replies":[{"embeddable":true,"href":"https:\/\/www.test.cesramonycajal.com\/index.php?rest_route=%2Fwp%2Fv2%2Fcomments&post=43488"}],"version-history":[{"count":0,"href":"https:\/\/www.test.cesramonycajal.com\/index.php?rest_route=\/wp\/v2\/posts\/43488\/revisions"}],"wp:featuredmedia":[{"embeddable":true,"href":"https:\/\/www.test.cesramonycajal.com\/index.php?rest_route=\/wp\/v2\/media\/43490"}],"wp:attachment":[{"href":"https:\/\/www.test.cesramonycajal.com\/index.php?rest_route=%2Fwp%2Fv2%2Fmedia&parent=43488"}],"wp:term":[{"taxonomy":"category","embeddable":true,"href":"https:\/\/www.test.cesramonycajal.com\/index.php?rest_route=%2Fwp%2Fv2%2Fcategories&post=43488"},{"taxonomy":"post_tag","embeddable":true,"href":"https:\/\/www.test.cesramonycajal.com\/index.php?rest_route=%2Fwp%2Fv2%2Ftags&post=43488"}],"curies":[{"name":"wp","href":"https:\/\/api.w.org\/{rel}","templated":true}]}}