{"id":41903,"date":"2025-03-11T13:46:52","date_gmt":"2025-03-11T12:46:52","guid":{"rendered":"https:\/\/www.cesramonycajal.com\/?p=41903"},"modified":"2025-03-11T13:46:52","modified_gmt":"2025-03-11T12:46:52","slug":"dia-internacional-de-la-mujer","status":"publish","type":"post","link":"https:\/\/www.test.cesramonycajal.com\/?p=41903","title":{"rendered":"D\u00eda Internacional de la Mujer"},"content":{"rendered":"<h2 style=\"text-align: center;\">D\u00eda Internacional de la Mujer<\/h2>\n<p><span style=\"font-weight: 400;\">La semana pasada vivimos un d\u00eda muy especial con motivo del 8 de marzo, D\u00eda Internacional de la Mujer. Reflexionamos sobre la importancia de la igualdad de g\u00e9nero a trav\u00e9s de diversas actividades en las que particip\u00f3 todo el centro educativo:\u00a0<\/span><\/p>\n<ul>\n<li style=\"font-weight: 400;\" aria-level=\"1\"><span style=\"font-weight: 400;\">Biograf\u00edas de mujeres que han marcado la historia, para inspirarnos con su legado.<\/span><\/li>\n<li style=\"font-weight: 400;\" aria-level=\"1\"><span style=\"font-weight: 400;\">Una c\u00e1psula del tiempo, donde nuestro alumnado ha dejado mensajes sobre sus deseos y compromisos hacia un futuro m\u00e1s equitativo.<\/span><\/li>\n<li style=\"font-weight: 400;\" aria-level=\"1\"><span style=\"font-weight: 400;\">Lectura de nuestro manifiesto, alzando la voz por la igualdad.<\/span><\/li>\n<\/ul>\n<p><span style=\"font-weight: 400;\">Y lo que cada a\u00f1o, en este d\u00eda, sacamos como conclusi\u00f3n es que juntos y d\u00eda a d\u00eda, todos los d\u00edas, trabajando por la igualdad es como vamos a conseguir construir un mundo con m\u00e1s oportunidades para todas y todos.<\/span><\/p>\n<p><span style=\"font-weight: 400;\">Os dejamos a continuaci\u00f3n nuestro \u201cManifiesto 8 de marzo: D\u00eda Internacional de la Mujer\u201d:<\/span><\/p>\n<p>&nbsp;<\/p>\n<p><i><span style=\"font-weight: 400;\">Hoy, 8 de marzo, alzamos la voz para conmemorar el D\u00eda Internacional de la Mujer, una fecha que nos recuerda la lucha incansable de generaciones de mujeres por la igualdad, la justicia y el respeto de sus derechos.<\/span><\/i><\/p>\n<p><i><span style=\"font-weight: 400;\">En nuestro centro, reconocemos que la igualdad de g\u00e9nero no es solo una meta, sino un derecho fundamental. Sabemos que, aunque hemos avanzado, a\u00fan quedan muchas barreras por derribar: la violencia de g\u00e9nero, la brecha salarial, los estereotipos y la discriminaci\u00f3n siguen siendo realidades que afectan a millones de mujeres en el mundo.<\/span><\/i><\/p>\n<p><i><span style=\"font-weight: 400;\">Nos comprometemos a construir un futuro en el que todas las personas, sin importar su g\u00e9nero, tengan las mismas oportunidades. Apostamos por una educaci\u00f3n libre de prejuicios, por el respeto y la sororidad, y por una sociedad donde la voz de las mujeres sea escuchada y valorada.<\/span><\/i><\/p>\n<p><i><span style=\"font-weight: 400;\">Hoy no solo conmemoramos, sino que tambi\u00e9n exigimos. Exigimos que la equidad sea una realidad y no solo una aspiraci\u00f3n. Exigimos un mundo donde ser mujer no signifique enfrentar obst\u00e1culos adicionales.<\/span><\/i><\/p>\n<p><i><span style=\"font-weight: 400;\">Por todas las que lucharon antes que nosotras. Por todas las que luchan hoy. Y por todas las que vendr\u00e1n. Sigamos adelante, juntas y juntos, por un futuro m\u00e1s justo e igualitario.<\/span><\/i><\/p>\n<p>&nbsp;<\/p>\n<p style=\"text-align: right;\"><b>Santiago Paquet Hern\u00e1ndez<\/b><\/p>\n<p style=\"text-align: right;\"><b>Profesor de Pedagog\u00eda Terap\u00e9utica<\/b><\/p>\n<p>&nbsp;<\/p>\n","protected":false},"excerpt":{"rendered":"<p>D\u00eda Internacional de la Mujer La semana pasada vivimos un d\u00eda muy especial con motivo del 8 de marzo, D\u00eda Internacional de la Mujer. Reflexionamos sobre la importancia de la igualdad de g\u00e9nero a trav\u00e9s de diversas actividades en las que particip\u00f3 todo el centro educativo:\u00a0 Biograf\u00edas de mujeres que han marcado la historia, para [&hellip;]<\/p>\n","protected":false},"author":2,"featured_media":41911,"comment_status":"closed","ping_status":"closed","sticky":false,"template":"","format":"standard","meta":{"_et_pb_use_builder":"","_et_pb_old_content":"","_et_gb_content_width":"","footnotes":""},"categories":[3],"tags":[],"class_list":["post-41903","post","type-post","status-publish","format-standard","has-post-thumbnail","hentry","category-noticias"],"_links":{"self":[{"href":"https:\/\/www.test.cesramonycajal.com\/index.php?rest_route=\/wp\/v2\/posts\/41903","targetHints":{"allow":["GET"]}}],"collection":[{"href":"https:\/\/www.test.cesramonycajal.com\/index.php?rest_route=\/wp\/v2\/posts"}],"about":[{"href":"https:\/\/www.test.cesramonycajal.com\/index.php?rest_route=\/wp\/v2\/types\/post"}],"author":[{"embeddable":true,"href":"https:\/\/www.test.cesramonycajal.com\/index.php?rest_route=\/wp\/v2\/users\/2"}],"replies":[{"embeddable":true,"href":"https:\/\/www.test.cesramonycajal.com\/index.php?rest_route=%2Fwp%2Fv2%2Fcomments&post=41903"}],"version-history":[{"count":0,"href":"https:\/\/www.test.cesramonycajal.com\/index.php?rest_route=\/wp\/v2\/posts\/41903\/revisions"}],"wp:featuredmedia":[{"embeddable":true,"href":"https:\/\/www.test.cesramonycajal.com\/index.php?rest_route=\/wp\/v2\/media\/41911"}],"wp:attachment":[{"href":"https:\/\/www.test.cesramonycajal.com\/index.php?rest_route=%2Fwp%2Fv2%2Fmedia&parent=41903"}],"wp:term":[{"taxonomy":"category","embeddable":true,"href":"https:\/\/www.test.cesramonycajal.com\/index.php?rest_route=%2Fwp%2Fv2%2Fcategories&post=41903"},{"taxonomy":"post_tag","embeddable":true,"href":"https:\/\/www.test.cesramonycajal.com\/index.php?rest_route=%2Fwp%2Fv2%2Ftags&post=41903"}],"curies":[{"name":"wp","href":"https:\/\/api.w.org\/{rel}","templated":true}]}}