{"id":41705,"date":"2025-03-12T08:00:43","date_gmt":"2025-03-12T07:00:43","guid":{"rendered":"https:\/\/www.cesramonycajal.com\/?p=41705"},"modified":"2025-03-12T08:00:43","modified_gmt":"2025-03-12T07:00:43","slug":"perfil-competencial-autonomo","status":"publish","type":"post","link":"https:\/\/www.test.cesramonycajal.com\/?p=41705","title":{"rendered":"Perfil competencial: Aut\u00f3nomo"},"content":{"rendered":"<h2 style=\"text-align: center;\">Perfil competencial: Aut\u00f3nomo<\/h2>\n<p><span style=\"font-weight: 400;\">Ofrecer habilidades, virtudes y fortalezas a nuestro alumnado es uno de los principales objetivos que nos planteamos desde el CES S. Ram\u00f3n y Cajal. Con este fin, hemos dise\u00f1ado un perfil competencial, formado por 15 habilidades profesionales, con las que esta instituci\u00f3n educativa se siente identificada y mediante las cuales poder ofrecer una formaci\u00f3n m\u00e1s completa y de calidad a la sociedad.<\/span><\/p>\n<p><span style=\"font-weight: 400;\">Vivimos en un entorno educativo y profesional cada vez m\u00e1s exigente, donde la autodisciplina, la gesti\u00f3n del tiempo y la capacidad de resolver problemas de manera aut\u00f3noma, entre otras muchas competencias, son habilidades cada vez m\u00e1s valoradas y demandadas. As\u00ed pues, resulta crucial entender y fomentar estos h\u00e1bitos desde temprana edad.<\/span><\/p>\n<p style=\"text-align: center;\"><b>AUT\u00d3NOMO<\/b><\/p>\n<p><span style=\"font-weight: 400;\">La sexta competencia que queremos abordar este curso es la de<\/span><b> Aut\u00f3nomo.<\/b><\/p>\n<p><span style=\"font-weight: 400;\">El trabajo aut\u00f3nomo en un Centro Educativo constituye un aspecto clave para fomentar la autodisciplina, la responsabilidad y el pensamiento cr\u00edtico entre el alumnado. Fortalecer esta competencia, desde temprana edad, permite a nuestros j\u00f3venes gestionar mejor su tiempo, desarrollar habilidades de investigaci\u00f3n y mejorar su capacidad de resolver problemas de manera independiente. De esta manera, los estudiantes dejan de ser simples receptores de informaci\u00f3n para convertirse en protagonistas de su aprendizaje. En definitiva, se trata de una habilidad esencial que potencia el desarrollo integral de los estudiantes y los prepara para afrontar con \u00e9xito los retos de la vida.<\/span><\/p>\n<p><span style=\"font-weight: 400;\">Aqu\u00ed se detallan algunas de las razones m\u00e1s importantes por las que es fundamental impulsar esta competencia:<\/span><\/p>\n<ul>\n<li aria-level=\"1\"><b>Toma de decisiones propias:<\/b><span style=\"font-weight: 400;\"> avanzar por voluntad propia potencia la confianza en uno mismo. El trabajo aut\u00f3nomo obliga al alumnado a evaluar opciones, priorizar tareas y asumir la responsabilidad de sus elecciones. Es fundamental prepararlos para enfrentar con seguridad los desaf\u00edos acad\u00e9micos y personales en el futuro.<\/span><\/li>\n<\/ul>\n<p><b><\/b><br \/>\n<b><\/b><\/p>\n<ul>\n<li aria-level=\"1\"><b>Crecimiento personal y profesional:<\/b><span style=\"font-weight: 400;\"> en el \u00e1mbito personal, con la habilidad aut\u00f3noma aprenden a ser m\u00e1s disciplinados, proactivos y resilientes, cualidades clave para su bienestar y desarrollo. Profesionalmente, esta autonom\u00eda los prepara para entornos laborales donde se valora la iniciativa, la autogesti\u00f3n y la capacidad de aprender de forma continua, facilitando su \u00e9xito en el futuro.<\/span><\/li>\n<\/ul>\n<p><b><\/b><br \/>\n<b><\/b><\/p>\n<ul>\n<li aria-level=\"1\"><b>Gesti\u00f3n del tiempo: <\/b><span style=\"font-weight: 400;\">desde temprana edad, resulta fundamental que el alumnado posea herramientas para autogestionar el tiempo, adquiriendo una gran disciplina personal. Evitando depender exclusivamente de la gu\u00eda del profesor, los estudiantes aprenden a planificar su estudio, fijar plazos y evitar posponer sus responsabilidades, lo que mejora su productividad y reduce el estr\u00e9s ante cualquier meta.<\/span><\/li>\n<\/ul>\n<ul>\n<li aria-level=\"1\"><b>Autosuficiencia: <\/b><span style=\"font-weight: 400;\">la autonom\u00eda convierte a los estudiantes en aut\u00e9nticos due\u00f1os de su propio destino. Les permite empoderarse, tomar el control de su formaci\u00f3n y enfrentarse a los retos con toda la actitud. No obstante, la autosuficiencia no es solo una habilidad acad\u00e9mica, es la base de su futuro, tanto personal como profesional.<\/span><\/li>\n<\/ul>\n<p><b><\/b><br \/>\n<b><\/b><\/p>\n<ul>\n<li aria-level=\"1\"><b>Mejora del rendimiento acad\u00e9mico: <\/b><span style=\"font-weight: 400;\">el trabajo aut\u00f3nomo contribuye a reforzar el conocimiento de manera m\u00e1s profunda y significativa, lo que facilita la retenci\u00f3n de la informaci\u00f3n y la aplicaci\u00f3n pr\u00e1ctica de lo aprendido. El alumnado debe sentirse motivado y confiado en su proceso educativo, sinti\u00e9ndose protagonista del mismo.<\/span><\/li>\n<\/ul>\n<p><b><\/b><br \/>\n<b><\/b><\/p>\n<ul>\n<li aria-level=\"1\"><b>Pensamiento cr\u00edtico y creatividad:<\/b><span style=\"font-weight: 400;\"> Desarrollan la capacidad de analizar, cuestionar y generar ideas propias. Una formaci\u00f3n por retos permite enfrentarse a tareas sin respuestas predefinidas. De esta manera, el alumnado aprende a analizar la informaci\u00f3n desde diferentes perspectivas, a tomar decisiones fundamentadas y a no aceptar las cosas tal como son. Este proceso les impulsa a pensar por s\u00ed mismos, a desarrollar su propio juicio y a explorar nuevas ideas, lo que fomenta su capacidad creativa.<\/span><\/li>\n<\/ul>\n<p><img decoding=\"async\" class=\"aligncenter size-large wp-image-41706\" src=\"https:\/\/www.test.cesramonycajal.com\/wp-content\/uploads\/2025\/03\/250303-RAMON-Y-CAJAL-competencia-autonomo-min-700x875.png\" alt=\"\" \/><\/p>\n","protected":false},"excerpt":{"rendered":"<p>Perfil competencial: Aut\u00f3nomo Ofrecer habilidades, virtudes y fortalezas a nuestro alumnado es uno de los principales objetivos que nos planteamos desde el CES S. Ram\u00f3n y Cajal. Con este fin, hemos dise\u00f1ado un perfil competencial, formado por 15 habilidades profesionales, con las que esta instituci\u00f3n educativa se siente identificada y mediante las cuales poder ofrecer [&hellip;]<\/p>\n","protected":false},"author":2,"featured_media":41706,"comment_status":"closed","ping_status":"closed","sticky":false,"template":"","format":"standard","meta":{"_et_pb_use_builder":"","_et_pb_old_content":"","_et_gb_content_width":"","footnotes":""},"categories":[3],"tags":[],"class_list":["post-41705","post","type-post","status-publish","format-standard","has-post-thumbnail","hentry","category-noticias"],"_links":{"self":[{"href":"https:\/\/www.test.cesramonycajal.com\/index.php?rest_route=\/wp\/v2\/posts\/41705","targetHints":{"allow":["GET"]}}],"collection":[{"href":"https:\/\/www.test.cesramonycajal.com\/index.php?rest_route=\/wp\/v2\/posts"}],"about":[{"href":"https:\/\/www.test.cesramonycajal.com\/index.php?rest_route=\/wp\/v2\/types\/post"}],"author":[{"embeddable":true,"href":"https:\/\/www.test.cesramonycajal.com\/index.php?rest_route=\/wp\/v2\/users\/2"}],"replies":[{"embeddable":true,"href":"https:\/\/www.test.cesramonycajal.com\/index.php?rest_route=%2Fwp%2Fv2%2Fcomments&post=41705"}],"version-history":[{"count":0,"href":"https:\/\/www.test.cesramonycajal.com\/index.php?rest_route=\/wp\/v2\/posts\/41705\/revisions"}],"wp:featuredmedia":[{"embeddable":true,"href":"https:\/\/www.test.cesramonycajal.com\/index.php?rest_route=\/wp\/v2\/media\/41706"}],"wp:attachment":[{"href":"https:\/\/www.test.cesramonycajal.com\/index.php?rest_route=%2Fwp%2Fv2%2Fmedia&parent=41705"}],"wp:term":[{"taxonomy":"category","embeddable":true,"href":"https:\/\/www.test.cesramonycajal.com\/index.php?rest_route=%2Fwp%2Fv2%2Fcategories&post=41705"},{"taxonomy":"post_tag","embeddable":true,"href":"https:\/\/www.test.cesramonycajal.com\/index.php?rest_route=%2Fwp%2Fv2%2Ftags&post=41705"}],"curies":[{"name":"wp","href":"https:\/\/api.w.org\/{rel}","templated":true}]}}