{"id":41063,"date":"2025-02-21T08:00:54","date_gmt":"2025-02-21T07:00:54","guid":{"rendered":"https:\/\/www.cesramonycajal.com\/?p=41063"},"modified":"2025-02-21T08:00:54","modified_gmt":"2025-02-21T07:00:54","slug":"aulas-camara-y-accion","status":"publish","type":"post","link":"https:\/\/www.test.cesramonycajal.com\/?p=41063","title":{"rendered":"\u00a1AULAS, C\u00c1MARA Y ACCI\u00d3N!"},"content":{"rendered":"<h1 style=\"text-align: center;\"><span style=\"font-weight: 400;\">\u00a1AULAS, C\u00c1MARA Y ACCI\u00d3N!<\/span><\/h1>\n<p>\u00a1AULAS, C\u00c1MARA Y ACCI\u00d3N!, as\u00ed se llama el proyecto cinematogr\u00e1fico que nuestro centro se enorgullece en presentar. Una iniciativa llevada a cabo por todos los alumnos de la ESO que les ha permitido explorar su creatividad, trabajar en equipo y desarrollar habilidades en el mundo del cine.<\/p>\n<p>Durante varios meses, nuestros alumnos se han convertido en aut\u00e9nticos directores, productores, actores y actrices, trabajando intensamente en la escritura de guiones, ensayos, grabaciones y edici\u00f3n de sus propios cortometrajes. Para lograrlo, en todas las materias que conforman la etapa educativa de secundaria, los profesores han realizado talleres y formaciones con el fin de analizar y relacionar sus asignaturas con el s\u00e9ptimo arte, acercando as\u00ed a nuestros estudiantes al mundo audiovisual que tanto les motiva. Adem\u00e1s, el centro ha contado con la colaboraci\u00f3n de profesionales del sector de la provincia de Granada, donde han experimentado de primera mano lo que implica llevar una idea desde el papel hasta la pantalla. En definitiva, un total de 24 cortos, en los que han mostrado su punto de vista sobre temas sociales que les afecta hoy en d\u00eda: acoso escolar, adicciones juveniles, discriminaci\u00f3n o problemas del medioambiente.<\/p>\n<p>Y, como la ocasi\u00f3n lo merec\u00eda, para cerrar este maravilloso proyecto con broche de oro al m\u00e1s puro estilo de los grandes eventos cinematogr\u00e1ficos y, aprovechando la 39\u00ba edici\u00f3n de los Premios Goya celebrados en nuestra ciudad, Granada, el centro ha organizado una aut\u00e9ntica gala de los Premios cine RyC, en la que no ha faltado detalle, desde la alfombra roja, photocall, c\u00f3ctel de bienvenida, y como no, entrega de premios personalizados.<\/p>\n<p><img decoding=\"async\" class=\"aligncenter size-large wp-image-41064\" src=\"https:\/\/www.test.cesramonycajal.com\/wp-content\/uploads\/2025\/02\/PXL_20250207_090836284-min-700x394.jpg\" alt=\"\" \/><br \/>\nEn el patio de butacas de nuestro sal\u00f3n de actos, la comunidad educativa ha podido disfrutar de la presentaci\u00f3n de los cortometrajes nominados y de la proyecci\u00f3n de los premiados a las cinco categor\u00edas cinematogr\u00e1ficas a las que optaban: mejor guion, mejor ambientaci\u00f3n, mejor actor, mejor actriz y mejor cortometraje. Ha sido muy divertido y emocionante ver c\u00f3mo los ganadores sub\u00edan orgullosos al escenario a recoger su premio y dar su discurso de agradecimiento, mientras sus compa\u00f1eros lo celebraban aplaudiendo con efusividad. La gala de clausura ha contado con brillantes actuaciones llevadas a cabo por estudiantes de la ESO, desde interpretaciones con instrumentos musicales de bandas sonoras cl\u00e1sicas hasta coreograf\u00edas de danza urbana; todo un espect\u00e1culo audiovisual.<\/p>\n<p><img decoding=\"async\" class=\"aligncenter size-large wp-image-41065\" src=\"https:\/\/www.test.cesramonycajal.com\/wp-content\/uploads\/2025\/02\/PXL_20250207_100323803.MP-min-700x394.jpg\" alt=\"\" \/><br \/>\n\u00a1Aulas, c\u00e1mara y acci\u00f3n! Ha sido una aut\u00e9ntica aventura llena de risas, esfuerzo y mucha magia. Nuestros alumnos han demostrado que el talento no tiene l\u00edmites y que, con pasi\u00f3n y trabajo en equipo, los sue\u00f1os pueden hacerse realidad. \u00bfQui\u00e9n sabe? Tal vez en unos a\u00f1os veamos a alguno de ellos recogiendo un premio en la alfombra roja de los Goya. Hasta entonces, seguiremos apostando por iniciativas que fomenten el arte y la creatividad en la educaci\u00f3n.<\/p>\n<p style=\"text-align: right;\">Fdo.: Sophie Fern\u00e1ndez<br \/>\nCoordinadora del Proyecto y profesora de ESO.<\/p>\n","protected":false},"excerpt":{"rendered":"<p>\u00a1AULAS, C\u00c1MARA Y ACCI\u00d3N! \u00a1AULAS, C\u00c1MARA Y ACCI\u00d3N!, as\u00ed se llama el proyecto cinematogr\u00e1fico que nuestro centro se enorgullece en presentar. Una iniciativa llevada a cabo por todos los alumnos de la ESO que les ha permitido explorar su creatividad, trabajar en equipo y desarrollar habilidades en el mundo del cine. Durante varios meses, nuestros [&hellip;]<\/p>\n","protected":false},"author":2,"featured_media":41067,"comment_status":"closed","ping_status":"closed","sticky":false,"template":"","format":"standard","meta":{"_et_pb_use_builder":"","_et_pb_old_content":"","_et_gb_content_width":"","footnotes":""},"categories":[3],"tags":[],"class_list":["post-41063","post","type-post","status-publish","format-standard","has-post-thumbnail","hentry","category-noticias"],"_links":{"self":[{"href":"https:\/\/www.test.cesramonycajal.com\/index.php?rest_route=\/wp\/v2\/posts\/41063","targetHints":{"allow":["GET"]}}],"collection":[{"href":"https:\/\/www.test.cesramonycajal.com\/index.php?rest_route=\/wp\/v2\/posts"}],"about":[{"href":"https:\/\/www.test.cesramonycajal.com\/index.php?rest_route=\/wp\/v2\/types\/post"}],"author":[{"embeddable":true,"href":"https:\/\/www.test.cesramonycajal.com\/index.php?rest_route=\/wp\/v2\/users\/2"}],"replies":[{"embeddable":true,"href":"https:\/\/www.test.cesramonycajal.com\/index.php?rest_route=%2Fwp%2Fv2%2Fcomments&post=41063"}],"version-history":[{"count":0,"href":"https:\/\/www.test.cesramonycajal.com\/index.php?rest_route=\/wp\/v2\/posts\/41063\/revisions"}],"wp:featuredmedia":[{"embeddable":true,"href":"https:\/\/www.test.cesramonycajal.com\/index.php?rest_route=\/wp\/v2\/media\/41067"}],"wp:attachment":[{"href":"https:\/\/www.test.cesramonycajal.com\/index.php?rest_route=%2Fwp%2Fv2%2Fmedia&parent=41063"}],"wp:term":[{"taxonomy":"category","embeddable":true,"href":"https:\/\/www.test.cesramonycajal.com\/index.php?rest_route=%2Fwp%2Fv2%2Fcategories&post=41063"},{"taxonomy":"post_tag","embeddable":true,"href":"https:\/\/www.test.cesramonycajal.com\/index.php?rest_route=%2Fwp%2Fv2%2Ftags&post=41063"}],"curies":[{"name":"wp","href":"https:\/\/api.w.org\/{rel}","templated":true}]}}