{"id":40101,"date":"2025-01-13T08:00:13","date_gmt":"2025-01-13T07:00:13","guid":{"rendered":"https:\/\/www.cesramonycajal.com\/?p=40101"},"modified":"2025-01-13T08:00:13","modified_gmt":"2025-01-13T07:00:13","slug":"perfil-competencial-del-alumnado-comunicacion-oral-y-escrita","status":"publish","type":"post","link":"https:\/\/www.test.cesramonycajal.com\/?p=40101","title":{"rendered":"Perfil competencial del alumnado: Comunicaci\u00f3n oral y escrita"},"content":{"rendered":"<h1 style=\"text-align: center;\">Perfil competencial del alumnado: Comunicaci\u00f3n oral y escrita<\/h1>\n<p><span style=\"font-weight: 400;\">Ofrecer habilidades, virtudes y fortalezas a nuestro alumnado es uno de los principales objetivos que nos planteamos desde el CES S. Ram\u00f3n y Cajal. Con este fin, hemos dise\u00f1ado un perfil competencial, formado por 15 habilidades profesionales, con las que esta instituci\u00f3n educativa se siente identificada y mediante las cuales poder ofrecer una formaci\u00f3n m\u00e1s completa y de calidad a la sociedad.<\/span><\/p>\n<p><span style=\"font-weight: 400;\">Vivimos en un entorno educativo y profesional cada vez m\u00e1s exigente, donde la autodisciplina, la gesti\u00f3n del tiempo y la capacidad de resolver problemas de manera aut\u00f3noma, entre otras muchas competencias, son habilidades cada vez m\u00e1s valoradas y demandadas. As\u00ed pues, resulta crucial entender y fomentar estos h\u00e1bitos desde temprana edad.<\/span><\/p>\n<p><b>COMUNICACI\u00d3N ORAL Y ESCRITA<\/b><\/p>\n<p><span style=\"font-weight: 400;\">La tercera competencia que queremos abordar este curso es la de<\/span><b> Comunicaci\u00f3n oral y escrita.<\/b><\/p>\n<p><span style=\"font-weight: 400;\">La comunicaci\u00f3n es la base de la educaci\u00f3n, la chispa que enciende el aprendizaje real en un centro educativo. Hablamos de una herramienta esencial que permite la transmisi\u00f3n efectiva de conocimientos, favorece el desarrollo de habilidades cr\u00edticas y promueve la interacci\u00f3n y colaboraci\u00f3n entre estudiantes y docentes. A trav\u00e9s de la expresi\u00f3n clara de ideas, los estudiantes no solo aprenden a argumentar y persuadir, sino que tambi\u00e9n desarrollan su pensamiento cr\u00edtico al debatir y compartir perspectivas. Adem\u00e1s, la comunicaci\u00f3n fortalece las relaciones en el aula, creando un ambiente de confianza que potencia el proceso educativo. En conjunto, estas habilidades son fundamentales para enfrentar con firmeza y creatividad los desaf\u00edos de un mundo en constante cambio.<\/span><\/p>\n<p><span style=\"font-weight: 400;\">Aqu\u00ed se detallan algunas de las razones m\u00e1s importantes por las que es fundamental impulsar esta competencia:<\/span><\/p>\n<ol>\n<li style=\"font-weight: 400;\" aria-level=\"1\"><b>Transmisi\u00f3n de conocimientos<\/b><span style=\"font-weight: 400;\">: permite transmitir conceptos complejos de manera accesible, asegurando un aprendizaje m\u00e1s efectivo. La relaci\u00f3n de los conocimientos te\u00f3ricos con situaciones pr\u00e1cticas y reales ayuda a entender la relevancia de lo que se aprende. Esto hace que el conocimiento sea m\u00e1s significativo y duradero.<\/span><\/li>\n<li style=\"font-weight: 400;\" aria-level=\"1\"><b>Interacci\u00f3n y colaboraci\u00f3n<\/b><span style=\"font-weight: 400;\">: la comunicaci\u00f3n anima a los estudiantes a involucrarse en el aula, a compartir sus perspectivas y colaborar con sus compa\u00f1eros, promoviendo un ambiente de aprendizaje inclusivo y din\u00e1mico. El debate, por ejemplo, es una herramienta efectiva para que los estudiantes confronten ideas opuestas, desarrollen argumentos s\u00f3lidos y aprendan a defender sus posiciones. Esto fomenta el respeto por perspectivas distintas y mejora su capacidad para argumentar con fundamentos.<\/span><\/li>\n<li style=\"font-weight: 400;\" aria-level=\"1\"><b>Evaluaci\u00f3n del aprendizaje<\/b><span style=\"font-weight: 400;\">: la comunicaci\u00f3n es una herramienta de la evaluaci\u00f3n. El desarrollo de ensayos, pruebas escritas y presentaciones permite evaluar no solo el conocimiento del alumnado, sino tambi\u00e9n su habilidad para comunicar de manera efectiva.<\/span><\/li>\n<li style=\"font-weight: 400;\" aria-level=\"1\"><b>Fomento del pensamiento cr\u00edtico<\/b><span style=\"font-weight: 400;\">: para emprender el pensamiento cr\u00edtico en el aula, hay que transformar el espacio de trabajo en un campo de ideas vibrantes y cuestionamientos audaces. Hacer preguntas abiertas, animar al debate y resolver problemas complejos no solo impulsa al alumnado a profundizar en sus ideas, sino que tambi\u00e9n les ense\u00f1a a analizarlas con rigor y creatividad. Adem\u00e1s, crear un ambiente seguro, donde los estudiantes reflexionen sobre sus propios procesos y errores, los fortalece para enfrentar cualquier situaci\u00f3n con una mentalidad cr\u00edtica, abierta y aut\u00f3noma.<\/span><\/li>\n<li style=\"font-weight: 400;\" aria-level=\"1\"><b>Construcci\u00f3n de relaciones<\/b><span style=\"font-weight: 400;\">: la creaci\u00f3n de un v\u00ednculo social cordial constituye la base para conseguir un ambiente donde las personas se sientan seguras, valoradas y motivadas. Una buena comunicaci\u00f3n genera un ambiente de confianza y cooperaci\u00f3n, lo que mejora la calidad del aprendizaje.<\/span><\/li>\n<li style=\"font-weight: 400;\" aria-level=\"1\"><b>Resoluci\u00f3n de conflictos:<\/b><span style=\"font-weight: 400;\"> comunicar de manera efectiva y respetuosa es clave para resolver disputas o malentendidos en el lugar de trabajo. Escuchar y expresar opiniones de manera clara y asertiva promueve un ambiente educativo y laboral armonioso.<\/span><\/li>\n<\/ol>\n<p><img loading=\"lazy\" decoding=\"async\" class=\"aligncenter wp-image-40104\" src=\"https:\/\/www.test.cesramonycajal.com\/wp-content\/uploads\/2025\/01\/Fondo-blanco-min-700x700.png\" alt=\"\" width=\"264\" height=\"264\" \/><\/p>\n","protected":false},"excerpt":{"rendered":"<p>Perfil competencial del alumnado: Comunicaci\u00f3n oral y escrita Ofrecer habilidades, virtudes y fortalezas a nuestro alumnado es uno de los principales objetivos que nos planteamos desde el CES S. Ram\u00f3n y Cajal. Con este fin, hemos dise\u00f1ado un perfil competencial, formado por 15 habilidades profesionales, con las que esta instituci\u00f3n educativa se siente identificada y [&hellip;]<\/p>\n","protected":false},"author":2,"featured_media":40102,"comment_status":"closed","ping_status":"closed","sticky":false,"template":"","format":"standard","meta":{"_et_pb_use_builder":"","_et_pb_old_content":"","_et_gb_content_width":"","footnotes":""},"categories":[3],"tags":[],"class_list":["post-40101","post","type-post","status-publish","format-standard","has-post-thumbnail","hentry","category-noticias"],"_links":{"self":[{"href":"https:\/\/www.test.cesramonycajal.com\/index.php?rest_route=\/wp\/v2\/posts\/40101","targetHints":{"allow":["GET"]}}],"collection":[{"href":"https:\/\/www.test.cesramonycajal.com\/index.php?rest_route=\/wp\/v2\/posts"}],"about":[{"href":"https:\/\/www.test.cesramonycajal.com\/index.php?rest_route=\/wp\/v2\/types\/post"}],"author":[{"embeddable":true,"href":"https:\/\/www.test.cesramonycajal.com\/index.php?rest_route=\/wp\/v2\/users\/2"}],"replies":[{"embeddable":true,"href":"https:\/\/www.test.cesramonycajal.com\/index.php?rest_route=%2Fwp%2Fv2%2Fcomments&post=40101"}],"version-history":[{"count":0,"href":"https:\/\/www.test.cesramonycajal.com\/index.php?rest_route=\/wp\/v2\/posts\/40101\/revisions"}],"wp:featuredmedia":[{"embeddable":true,"href":"https:\/\/www.test.cesramonycajal.com\/index.php?rest_route=\/wp\/v2\/media\/40102"}],"wp:attachment":[{"href":"https:\/\/www.test.cesramonycajal.com\/index.php?rest_route=%2Fwp%2Fv2%2Fmedia&parent=40101"}],"wp:term":[{"taxonomy":"category","embeddable":true,"href":"https:\/\/www.test.cesramonycajal.com\/index.php?rest_route=%2Fwp%2Fv2%2Fcategories&post=40101"},{"taxonomy":"post_tag","embeddable":true,"href":"https:\/\/www.test.cesramonycajal.com\/index.php?rest_route=%2Fwp%2Fv2%2Ftags&post=40101"}],"curies":[{"name":"wp","href":"https:\/\/api.w.org\/{rel}","templated":true}]}}