{"id":3984,"date":"2019-02-27T10:34:18","date_gmt":"2019-02-27T09:34:18","guid":{"rendered":"http:\/\/www.cesramonycajal.com\/?p=3984"},"modified":"2019-02-27T10:34:18","modified_gmt":"2019-02-27T09:34:18","slug":"proyecto-trinacional","status":"publish","type":"post","link":"https:\/\/www.test.cesramonycajal.com\/?p=3984","title":{"rendered":"Proyecto trinacional"},"content":{"rendered":"<p>[vc_row][vc_column][vc_column_text]<\/p>\n<h2 style=\"text-align: center;\"><strong>Proyecto Trinacional amparado por la Oficina <\/strong><\/h2>\n<h2 style=\"text-align: center;\"><strong>Franco Alemana por la Juventud (OFAJ)<\/strong><\/h2>\n<p><strong>\u00a0<\/strong><\/p>\n<p>Bueno, pues ya se ha acabado oficialmente. Atr\u00e1s quedan muchas horas de trabajo y preparaci\u00f3n y muchas horas de aprendizaje y por qu\u00e9 no decirlo disfrute.<\/p>\n<p>Aunque hayamos terminado este precioso Proyecto, siempre quedar\u00e1 algo en nuestros corazones:<\/p>\n<ul>\n<li>Para el alumnado aparte de la parte emocional, las nuevas amistades, las vivencias que pasar\u00e1n a formar parte de ellos mismos, se llevan en sus \u201cmochilas\u201d nuevas percepciones de su futura labor profesional, la que ejercer\u00e1n como Integradores Sociales y Animadores Socioculturales.<\/li>\n<li>Para el centro Santiago Ram\u00f3n y Cajal la primera experiencia con un Proyecto Internacional Triling\u00fce. Parece algo que pudiera ser vano o balad\u00ed. Pero creerme una actividad de esta \u00edndole cambia las cosas: genera nuevas percepciones, establece una cultura de \u201capertura de centro\u201d, de que no estamos solos en esto de los Servicios a la Comunidad\u2026 Y todo esto enriquece enormemente al claustro de un centro educativo.<\/li>\n<\/ul>\n<p>\u00bfEn qu\u00e9 ha consistido este Proyecto trinacional? Pues que mejor que echar un vistazo a su propio t\u00edtulo: <strong>Identidades y pr\u00e1cticas en evoluci\u00f3n. Comparaci\u00f3n de las culturas profesionales en trabajo social Alemania\/Espa\u00f1a\/Francia. <\/strong><\/p>\n<p>A partir de ah\u00ed y utilizando el viejo refr\u00e1n franc\u00e9s, <strong>\u201c\u00a1los viajes forman a la juventud!\u201d<\/strong>, podemos decir que en efecto, los encuentros favorecen cambios en las representaciones, las percepciones, abren nuevos horizontes. Todav\u00eda j\u00f3venes y como un fruto en flor, necesitamos alimentarnos de las diferencias, oponernos a menudo, escuchar a veces y sobre todo no\u00a0 aferrarnos a nuestras convicciones. Un viaje es un tiempo \u201centre dos\u201d y a menudo, por no decir constantemente, trae consigo experiencias y descubrimientos.<\/p>\n<p>En el centro de cualquier viaje, de todas las movilidades se encuentra la cuesti\u00f3n de la formaci\u00f3n como eje central. Desplazarse en el espacio y en el tiempo, puede que permita con m\u00e1s agudeza, con m\u00e1s delicadeza, dise\u00f1ar las l\u00edneas de su propia posici\u00f3n profesional.<\/p>\n<p>Aqu\u00ed se encuentra <strong>la base de este proyecto<\/strong>: salir al encuentro de otros profesionales del sector social, ir al encuentro de diferentes pr\u00e1cticas, diferentes concepciones, diferentes temporalidades; conocer algunos pensamientos, ideas, creencias y desplazarse para conocer mejor su propia experiencia. En una frase, viajar para encontrar su sitio.<\/p>\n<p>Este Proyecto <strong>lleg\u00f3 a su fin<\/strong> tras dos cursos acad\u00e9micos y el pasado viernes 15 de febrero recibimos desde Francia la visita de su coordinador <strong>Sherif. <\/strong>El resultado, aqu\u00ed lo ten\u00e9is, si es que algo as\u00ed se puede resumir en algo tan breve.<\/p>\n<p>Gracias Sheriff y gracias Carmen.<\/p>\n<p>El Director del Centro.<\/p>\n<a class=\"wp-embedded-video\" href=\"\">&quot;https:\/\/www.test.cesramonycajal.com\/wp-content\/uploads\/2019\/02\/Copy<\/a>\n<p>\u00a0<\/p>\n<p>[embeddoc url=&quot;https:\/\/www.test.cesramonycajal.com\/wp-content\/uploads\/2019\/02\/Carta-alumna-2o-IS.pdf&quot; download=&quot;all&quot; text=&quot;Descargar&quot;][\/vc_column_text][\/vc_column][\/vc_row]<\/p>\n","protected":false},"excerpt":{"rendered":"<p>[vc_row][vc_column][vc_column_text] Proyecto Trinacional amparado por la Oficina Franco Alemana por la Juventud (OFAJ) \u00a0 Bueno, pues ya se ha acabado oficialmente. Atr\u00e1s quedan muchas horas de trabajo y preparaci\u00f3n y muchas horas de aprendizaje y por qu\u00e9 no decirlo disfrute. Aunque hayamos terminado este precioso Proyecto, siempre quedar\u00e1 algo en nuestros corazones: Para el alumnado [&hellip;]<\/p>\n","protected":false},"author":2,"featured_media":3982,"comment_status":"closed","ping_status":"open","sticky":false,"template":"","format":"standard","meta":{"_et_pb_use_builder":"","_et_pb_old_content":"","_et_gb_content_width":"","footnotes":""},"categories":[3],"tags":[],"class_list":["post-3984","post","type-post","status-publish","format-standard","has-post-thumbnail","hentry","category-noticias"],"_links":{"self":[{"href":"https:\/\/www.test.cesramonycajal.com\/index.php?rest_route=\/wp\/v2\/posts\/3984","targetHints":{"allow":["GET"]}}],"collection":[{"href":"https:\/\/www.test.cesramonycajal.com\/index.php?rest_route=\/wp\/v2\/posts"}],"about":[{"href":"https:\/\/www.test.cesramonycajal.com\/index.php?rest_route=\/wp\/v2\/types\/post"}],"author":[{"embeddable":true,"href":"https:\/\/www.test.cesramonycajal.com\/index.php?rest_route=\/wp\/v2\/users\/2"}],"replies":[{"embeddable":true,"href":"https:\/\/www.test.cesramonycajal.com\/index.php?rest_route=%2Fwp%2Fv2%2Fcomments&post=3984"}],"version-history":[{"count":0,"href":"https:\/\/www.test.cesramonycajal.com\/index.php?rest_route=\/wp\/v2\/posts\/3984\/revisions"}],"wp:featuredmedia":[{"embeddable":true,"href":"https:\/\/www.test.cesramonycajal.com\/index.php?rest_route=\/wp\/v2\/media\/3982"}],"wp:attachment":[{"href":"https:\/\/www.test.cesramonycajal.com\/index.php?rest_route=%2Fwp%2Fv2%2Fmedia&parent=3984"}],"wp:term":[{"taxonomy":"category","embeddable":true,"href":"https:\/\/www.test.cesramonycajal.com\/index.php?rest_route=%2Fwp%2Fv2%2Fcategories&post=3984"},{"taxonomy":"post_tag","embeddable":true,"href":"https:\/\/www.test.cesramonycajal.com\/index.php?rest_route=%2Fwp%2Fv2%2Ftags&post=3984"}],"curies":[{"name":"wp","href":"https:\/\/api.w.org\/{rel}","templated":true}]}}