{"id":39522,"date":"2024-12-12T15:04:28","date_gmt":"2024-12-12T14:04:28","guid":{"rendered":"https:\/\/www.cesramonycajal.com\/?p=39522"},"modified":"2024-12-12T15:04:28","modified_gmt":"2024-12-12T14:04:28","slug":"perfil-competencial-respuestas-eticas-accion-social-y-empatia","status":"publish","type":"post","link":"https:\/\/www.test.cesramonycajal.com\/?p=39522","title":{"rendered":"Perfil competencial. Respuestas \u00c9ticas. Acci\u00f3n social y empat\u00eda"},"content":{"rendered":"<p>&nbsp;<\/p>\n<p><span style=\"font-weight: 400;\">Ofrecer habilidades, virtudes y fortalezas a nuestro alumnado es uno de los principales objetivos que nos planteamos desde el CES S. Ram\u00f3n y Cajal. Con este fin, hemos dise\u00f1ado un perfil competencial, formado por 15 habilidades profesionales, con las que esta instituci\u00f3n educativa se siente identificada y mediante las cuales poder ofrecer una formaci\u00f3n m\u00e1s completa y de calidad a la sociedad.<\/span><\/p>\n<p><span style=\"font-weight: 400;\">Vivimos en un entorno educativo y profesional cada vez m\u00e1s exigente, donde la autodisciplina, la gesti\u00f3n del tiempo y la capacidad de resolver problemas de manera aut\u00f3noma, entre otras muchas competencias, son habilidades cada vez m\u00e1s valoradas y demandadas. As\u00ed pues, resulta crucial entender y fomentar estos h\u00e1bitos desde temprana edad.<\/span><\/p>\n<h3 style=\"text-align: center;\"><b>RESPUESTAS \u00c9TICAS. ACCI\u00d3N SOCIAL Y EMPAT\u00cdA<\/b><\/h3>\n<p><span style=\"font-weight: 400;\">La tercera competencia que queremos abordar este curso es la de<\/span><b> Respuestas \u00c9ticas. Acci\u00f3n social y empat\u00eda.<\/b><\/p>\n<p><span style=\"font-weight: 400;\">El compromiso social resulta fundamental para construir comunidades m\u00e1s solidarias y justas. Sus acciones implican actividades que buscan abordar problemas sociales y promover el cambio, fomentando la conciencia sobre las desigualdades y creando un sentido de solidaridad entre las personas. Por otro lado, permite comprender y compartir las emociones de los dem\u00e1s, lo que motiva a las personas a involucrarse en iniciativas que ayudan a quienes lo necesitan.<\/span><\/p>\n<p><span style=\"font-weight: 400;\">Aqu\u00ed se detallan algunas de las razones m\u00e1s importantes por las que es fundamental impulsar esta competencia:<\/span><\/p>\n<ol>\n<li><b>Fomento de un ambiente de respeto<\/b><span style=\"font-weight: 400;\">: es importante promover un ambiente de respeto y dignidad. Cuando las personas act\u00faan de manera \u00e9tica, se establece un clima de confianza que facilita el aprendizaje y la colaboraci\u00f3n<\/span><\/li>\n<li><b>Toma de decisiones<\/b><span style=\"font-weight: 400;\">: la \u00e9tica nos gu\u00eda en la toma de decisiones y en la realizaci\u00f3n de acciones, ayud\u00e1ndonos a discernir entre lo correcto y lo incorrecto. Esto es fundamental en un mundo donde las decisiones pueden tener un impacto significativo en la vida de otros.\u00a0<\/span><\/li>\n<li><b>Responsabilidad social y conciencia colectiva<\/b><span style=\"font-weight: 400;\">: debemos ser responsables de nuestras acciones, fomentando un sentido de deber hacia los dem\u00e1s y el entorno.<\/span><\/li>\n<li><b>Solidaridad<\/b><span style=\"font-weight: 400;\">: la acci\u00f3n social crea un sentido de comunidad y solidaridad. Al trabajar juntos por un objetivo com\u00fan, las personas desarrollan lazos m\u00e1s fuertes y un sentido de pertenencia.<\/span><\/li>\n<li><b>Empoderamiento: <\/b><span style=\"font-weight: 400;\">participar en acciones sociales empodera a las personas, d\u00e1ndoles un sentido de pertenencia y la capacidad de influir en su contexto. Esto puede llevar a un mayor compromiso c\u00edvico y a la participaci\u00f3n en la democracia.<\/span><\/li>\n<li><span style=\"font-weight: 400;\"> \u00a0 \u00a0 <\/span><b>Reducci\u00f3n de conflictos<\/b><span style=\"font-weight: 400;\">: Al practicar la empat\u00eda, es m\u00e1s probable que busquemos soluciones pac\u00edficas a los conflictos. Comprender las perspectivas de los dem\u00e1s puede ayudar a encontrar puntos en com\u00fan y resolver diferencias.<\/span><\/li>\n<li><span style=\"font-weight: 400;\"> \u00a0 \u00a0 <\/span><b>Promoci\u00f3n de la inclusi\u00f3n y la diversidad<\/b><span style=\"font-weight: 400;\">: resulta imprescindible fomentar un enfoque inclusivo que valore la diversidad. Esto ayuda a crear un mundo donde todos se sientan valorados y respetados, independientemente de su origen, cultura o capacidades.<\/span><\/li>\n<li><span style=\"font-weight: 400;\"> \u00a0 \u00a0 <\/span><b>Mejora del rendimiento acad\u00e9mico y laboral:<\/b><span style=\"font-weight: 400;\"> un ambiente basado en principios \u00e9ticos puede mejorar el rendimiento acad\u00e9mico y laboral de las personas. Los estudiantes que se sienten seguros y respetados son m\u00e1s propensos a participar activamente en su aprendizaje y a alcanzar su m\u00e1ximo.<\/span><\/li>\n<\/ol>\n<p>&nbsp;<\/p>\n","protected":false},"excerpt":{"rendered":"<p>&nbsp; Ofrecer habilidades, virtudes y fortalezas a nuestro alumnado es uno de los principales objetivos que nos planteamos desde el CES S. Ram\u00f3n y Cajal. Con este fin, hemos dise\u00f1ado un perfil competencial, formado por 15 habilidades profesionales, con las que esta instituci\u00f3n educativa se siente identificada y mediante las cuales poder ofrecer una formaci\u00f3n [&hellip;]<\/p>\n","protected":false},"author":2,"featured_media":39523,"comment_status":"closed","ping_status":"closed","sticky":false,"template":"","format":"standard","meta":{"_et_pb_use_builder":"","_et_pb_old_content":"","_et_gb_content_width":"","footnotes":""},"categories":[3],"tags":[],"class_list":["post-39522","post","type-post","status-publish","format-standard","has-post-thumbnail","hentry","category-noticias"],"_links":{"self":[{"href":"https:\/\/www.test.cesramonycajal.com\/index.php?rest_route=\/wp\/v2\/posts\/39522","targetHints":{"allow":["GET"]}}],"collection":[{"href":"https:\/\/www.test.cesramonycajal.com\/index.php?rest_route=\/wp\/v2\/posts"}],"about":[{"href":"https:\/\/www.test.cesramonycajal.com\/index.php?rest_route=\/wp\/v2\/types\/post"}],"author":[{"embeddable":true,"href":"https:\/\/www.test.cesramonycajal.com\/index.php?rest_route=\/wp\/v2\/users\/2"}],"replies":[{"embeddable":true,"href":"https:\/\/www.test.cesramonycajal.com\/index.php?rest_route=%2Fwp%2Fv2%2Fcomments&post=39522"}],"version-history":[{"count":0,"href":"https:\/\/www.test.cesramonycajal.com\/index.php?rest_route=\/wp\/v2\/posts\/39522\/revisions"}],"wp:featuredmedia":[{"embeddable":true,"href":"https:\/\/www.test.cesramonycajal.com\/index.php?rest_route=\/wp\/v2\/media\/39523"}],"wp:attachment":[{"href":"https:\/\/www.test.cesramonycajal.com\/index.php?rest_route=%2Fwp%2Fv2%2Fmedia&parent=39522"}],"wp:term":[{"taxonomy":"category","embeddable":true,"href":"https:\/\/www.test.cesramonycajal.com\/index.php?rest_route=%2Fwp%2Fv2%2Fcategories&post=39522"},{"taxonomy":"post_tag","embeddable":true,"href":"https:\/\/www.test.cesramonycajal.com\/index.php?rest_route=%2Fwp%2Fv2%2Ftags&post=39522"}],"curies":[{"name":"wp","href":"https:\/\/api.w.org\/{rel}","templated":true}]}}