{"id":38936,"date":"2024-11-08T13:01:23","date_gmt":"2024-11-08T12:01:23","guid":{"rendered":"https:\/\/www.cesramonycajal.com\/?p=38936"},"modified":"2024-11-08T13:01:23","modified_gmt":"2024-11-08T12:01:23","slug":"inteligencia-artificial-hacia-una-nueva-era-en-la-revolucion-de-la-ensenanza","status":"publish","type":"post","link":"https:\/\/www.test.cesramonycajal.com\/?p=38936","title":{"rendered":"Inteligencia artificial &#8211; Hacia una nueva era en la revoluci\u00f3n de la ense\u00f1anza"},"content":{"rendered":"<h2 style=\"text-align: center;\"><strong>Inteligencia <\/strong><strong>Arti\ufb01cial en la Educaci\u00f3n Superior<\/strong><\/h2>\n<h2 style=\"text-align: center;\"><strong>Hacia <\/strong><strong>una nueva era en la revoluci\u00f3n de la ense\u00f1anza<\/strong><\/h2>\n<p>&nbsp;<\/p>\n<p><strong>R<\/strong><strong>esumen<\/strong><\/p>\n<p>La \u00a0inteligencia \u00a0arti\ufb01cial\u00a0 \u00a0(IA) \u00a0est\u00e1 \u00a0transformando \u00a0r\u00e1pidamente diversos \u00a0sectores,\u00a0 y \u00a0la \u00a0formaci\u00f3n profesional\u00a0 no es la \u00a0excepci\u00f3n. Este art\u00edculo \u00a0explora c\u00f3mo la \u00a0IA representa una revoluci\u00f3n en la ense\u00f1anza dentro de los Centros de formaci\u00f3n profesional, optimizando tiempos para los docentes, facilitando la gesti\u00f3n educativa y permitiendo la creaci\u00f3n de contenido de calidad a una velocidad sin precedentes. La IA est\u00e1 estableciendo un nuevo paradigma educativo que, al superar las limitaciones tradicionales, permite personalizar\u00a0 y mejorar la experiencia de aprendizaje para los estudiantes de formaci\u00f3n profesional. Todo un reto, \u00bfno crees?<\/p>\n<p>&nbsp;<\/p>\n<p><strong>Introducci\u00f3n<\/strong><\/p>\n<p>La integraci\u00f3n de herramientas de inteligencia arti\ufb01cial \u00a0en el \u00e1mbito educativo est\u00e1 generando cambios signi\ufb01cativos \u00a0en la formaci\u00f3n profesional, impulsando una nueva forma en la que la ense\u00f1anza y el aprendizaje son m\u00e1s accesibles, personalizados y e\ufb01cientes. Desde la mejora de los sistemas de gesti\u00f3n y evaluaci\u00f3n hasta el apoyo en la creaci\u00f3n de contenido y el an\u00e1lisis de grandes cantidades de datos acad\u00e9micos, la IA est\u00e1 facilitando una transformaci\u00f3n profunda que promete revolucionar la educaci\u00f3n en todos los aspectos.<\/p>\n<p>&nbsp;<\/p>\n<p><strong>La revoluci\u00f3n en la ense\u00f1anza y el aprendizaje<\/strong><\/p>\n<p>Hist\u00f3ricamente, la \u00a0ense\u00f1anza en los \u00a0Centros \u00a0de formaci\u00f3n profesional \u00a0se ha\u00a0 basado en modelos presenciales y curr\u00edculos est\u00e1ticos. Con el avance de la IA, estos modelos est\u00e1n evolucionando hacia m\u00e9todos que priorizan el aprendizaje personalizado, el an\u00e1lisis \u00a0de datos en tiempo real y la adaptabilidad, adem\u00e1s claro est\u00e1 de una serie de competencias blandas que ahora ser\u00e1n necesarias para gestionar este reto, tener capacidad de adaptaci\u00f3n y pensamiento cr\u00edtico ser\u00e1n dos fundamentales.<\/p>\n<p>Herramientas como los sistemas de tutor\u00eda \u00a0inteligentes pueden identi\ufb01car \u00e1reas de debilidad en los estudiantes, ofreciendo material adicional o sugerencias para mejorar su rendimiento acad\u00e9mico. Esta personalizaci\u00f3n del aprendizaje es un cambio de paradigma signi\ufb01cativo que permite a los estudiantes avanzar a su propio ritmo y recibir apoyo, optimizando el tiempo y los recursos disponibles.<\/p>\n<p>&nbsp;<\/p>\n<p><strong>Optimizaci\u00f3n del tiempo <\/strong><strong>y apoyo a los docentes<\/strong><\/p>\n<p>Una de las \u00e1reas donde la IA ha demostrado un impacto notable es en la optimizaci\u00f3n del tiempo de los docentes. La\u00a0 correcci\u00f3n autom\u00e1tica \u00a0de ex\u00e1menes, la \u00a0evaluaci\u00f3n de tareas \u00a0y la \u00a0retroalimentaci\u00f3n instant\u00e1nea son algunos de los bene\ufb01cios que permiten que los profesores se enfoquen en actividades de mayor valor a\u00f1adido, como el dise\u00f1o de experiencias de aprendizaje y la investigaci\u00f3n. La IA permite tambi\u00e9n la automatizaci\u00f3n de tareas administrativas, liberando a los docentes de estas cargas para quepuedan centrarse\u00a0 en el desarrollo \u00a0de sus \u00a0estudiantes y la creaci\u00f3n de materiales educativos m\u00e1s innovadores. \u00a1Menuda maravilla!<\/p>\n<p>&nbsp;<\/p>\n<p><strong>Gesti\u00f3n y creaci\u00f3n de contenido educativo<\/strong><\/p>\n<p>La gesti\u00f3n de grandes vol\u00famenes de datos se ha convertido en un desaf\u00edo para los Centros \u00a0de formaci\u00f3n profesional. Herramientas de IA ayudan a las instituciones a organizar y analizar datos en tiempo real, lo que les permite tomar decisiones informadas sobre la gesti\u00f3n de recursos, el seguimiento acad\u00e9mico y la optimizaci\u00f3n de los programas formativos. Por otro lado, la creaci\u00f3n de contenido educativo es otra \u00e1rea en la que la IA juega un papel esencial. Plataformas de IA pueden generar cuestionarios, actividades pr\u00e1cticas\u00a0 y material \u00a0did\u00e1ctico en funci\u00f3n de los objetivos de aprendizaje propuestos y el nivel de di\ufb01cultad requerido. Esto permite que el contenido educativo se ajuste din\u00e1micamente a las necesidades de los estudiantes.<\/p>\n<p>&nbsp;<\/p>\n<p><strong>Nuevo paradigma: Educaci\u00f3n basada <\/strong><strong>en datos<\/strong><\/p>\n<p>El uso de la IA en la formaci\u00f3n profesional representa un cambio hacia una educaci\u00f3n, donde cada aspecto del proceso educativo puede ser\u00a0 medido, analizado y mejorado. Los sistemas de an\u00e1lisis predictivo permiten a las instituciones prever problemas de deserci\u00f3n, anticiparse a las necesidades de los estudiantes y proponer estrategias de intervenci\u00f3n temprana. Este enfoque basado en datos no solo ayuda a mejorar el \u00e9xito acad\u00e9mico de los estudiantes, sino que tambi\u00e9n promueve una educaci\u00f3n inclusiva y accesible para todos, adapt\u00e1ndose a distintos estilos y ritmos de aprendizaje.<\/p>\n<p>&nbsp;<\/p>\n<p><strong>Implicaciones \u00e9<\/strong><strong>ticas y el futuro de la IA en la formaci\u00f3n profesional<\/strong><\/p>\n<p>A pesar de sus \u00a0bene\ufb01cios, la \u00a0implementaci\u00f3n de la IA en la formaci\u00f3n profesional plantea ciertos desaf\u00edos \u00e9ticos que deben ser abordados. La privacidad y la seguridad de los datos de los estudiantes, el riesgo de sesgos en los \u00a0algoritmos\u00a0 y la \u00a0necesidad de garantizar \u00a0que la tecnolog\u00eda se utilice para complementar y no reemplazar, el papel de los docentes son consideraciones fundamentales. A medida que los Centros de formaci\u00f3n profesional adoptan estas tecnolog\u00edas, es crucial desarrollar pol\u00edticas que protejan los derechos de los estudiantes y aseguren un uso \u00e9tico de la IA.<\/p>\n<p>&nbsp;<\/p>\n<p><strong>Conclusiones<\/strong><\/p>\n<p>La inteligencia arti\ufb01cial \u00a0est\u00e1 abriendo las puertas a una nueva era en la formaci\u00f3n profesional, donde la personalizaci\u00f3n, la e\ufb01ciencia y la adaptabilidad son los pilares de un sistema educativo m\u00e1s inclusivo y efectivo. Al optimizar el tiempo de los docentes, mejorar la gesti\u00f3n educativa y facilitar la creaci\u00f3n de contenido, la IA est\u00e1 permitiendo que la ense\u00f1anza y el aprendizaje se adapten a las demandas de una sociedad en constante cambio. Sin embargo, para aprovechar al m\u00e1ximo estas innovaciones, es esencial que se implementen con una visi\u00f3n \u00e9tica y responsable, que mantenga el bienestar y el desarrollo integral de los estudiantes como objetivo principal.<\/p>\n<p style=\"text-align: right;\"><strong>Autor: Enrique Ru\u00edz-Cabello Moles<\/strong><\/p>\n<p style=\"text-align: right;\"><a href=\"https:\/\/x.com\/Conecta13\"><strong>@conecta13<\/strong><\/a><\/p>\n","protected":false},"excerpt":{"rendered":"<p>Inteligencia Arti\ufb01cial en la Educaci\u00f3n Superior Hacia una nueva era en la revoluci\u00f3n de la ense\u00f1anza &nbsp; Resumen La \u00a0inteligencia \u00a0arti\ufb01cial\u00a0 \u00a0(IA) \u00a0est\u00e1 \u00a0transformando \u00a0r\u00e1pidamente diversos \u00a0sectores,\u00a0 y \u00a0la \u00a0formaci\u00f3n profesional\u00a0 no es la \u00a0excepci\u00f3n. Este art\u00edculo \u00a0explora c\u00f3mo la \u00a0IA representa una revoluci\u00f3n en la ense\u00f1anza dentro de los Centros de formaci\u00f3n profesional, optimizando [&hellip;]<\/p>\n","protected":false},"author":2,"featured_media":38941,"comment_status":"closed","ping_status":"closed","sticky":false,"template":"","format":"standard","meta":{"_et_pb_use_builder":"","_et_pb_old_content":"","_et_gb_content_width":"","footnotes":""},"categories":[3],"tags":[],"class_list":["post-38936","post","type-post","status-publish","format-standard","has-post-thumbnail","hentry","category-noticias"],"_links":{"self":[{"href":"https:\/\/www.test.cesramonycajal.com\/index.php?rest_route=\/wp\/v2\/posts\/38936","targetHints":{"allow":["GET"]}}],"collection":[{"href":"https:\/\/www.test.cesramonycajal.com\/index.php?rest_route=\/wp\/v2\/posts"}],"about":[{"href":"https:\/\/www.test.cesramonycajal.com\/index.php?rest_route=\/wp\/v2\/types\/post"}],"author":[{"embeddable":true,"href":"https:\/\/www.test.cesramonycajal.com\/index.php?rest_route=\/wp\/v2\/users\/2"}],"replies":[{"embeddable":true,"href":"https:\/\/www.test.cesramonycajal.com\/index.php?rest_route=%2Fwp%2Fv2%2Fcomments&post=38936"}],"version-history":[{"count":0,"href":"https:\/\/www.test.cesramonycajal.com\/index.php?rest_route=\/wp\/v2\/posts\/38936\/revisions"}],"wp:featuredmedia":[{"embeddable":true,"href":"https:\/\/www.test.cesramonycajal.com\/index.php?rest_route=\/wp\/v2\/media\/38941"}],"wp:attachment":[{"href":"https:\/\/www.test.cesramonycajal.com\/index.php?rest_route=%2Fwp%2Fv2%2Fmedia&parent=38936"}],"wp:term":[{"taxonomy":"category","embeddable":true,"href":"https:\/\/www.test.cesramonycajal.com\/index.php?rest_route=%2Fwp%2Fv2%2Fcategories&post=38936"},{"taxonomy":"post_tag","embeddable":true,"href":"https:\/\/www.test.cesramonycajal.com\/index.php?rest_route=%2Fwp%2Fv2%2Ftags&post=38936"}],"curies":[{"name":"wp","href":"https:\/\/api.w.org\/{rel}","templated":true}]}}