{"id":38756,"date":"2024-11-04T14:25:16","date_gmt":"2024-11-04T13:25:16","guid":{"rendered":"https:\/\/www.cesramonycajal.com\/?p=38756"},"modified":"2024-11-04T14:25:16","modified_gmt":"2024-11-04T13:25:16","slug":"perfil-competencial-capacidad-de-adaptacion","status":"publish","type":"post","link":"https:\/\/www.test.cesramonycajal.com\/?p=38756","title":{"rendered":"Perfil competencial \u2013 Capacidad de Adaptaci\u00f3n"},"content":{"rendered":"<h1 style=\"text-align: center;\">Capacidad de Adaptaci\u00f3n<\/h1>\n<p><span style=\"font-weight: 400;\">Ofrecer habilidades, virtudes y fortalezas a nuestro alumnado es uno de los principales objetivos que nos planteamos desde el CES S. Ram\u00f3n y Cajal. Con este fin, hemos dise\u00f1ado un perfil competencial, formado por 15 habilidades profesionales, con las que esta instituci\u00f3n educativa se siente identificada y mediante las cuales poder ofrecer una formaci\u00f3n m\u00e1s completa y de calidad a la sociedad.<\/span><\/p>\n<p><span style=\"font-weight: 400;\">Vivimos en un entorno educativo y profesional cada vez m\u00e1s exigente, donde la autodisciplina, la gesti\u00f3n del tiempo y la capacidad de resolver problemas de manera aut\u00f3noma, entre otras muchas competencias, son habilidades cada vez m\u00e1s valoradas y demandadas. As\u00ed pues, resulta crucial entender y fomentar estos h\u00e1bitos desde temprana edad.<\/span><\/p>\n<p><b>CAPACIDAD DE ADAPTACI\u00d3N<\/b><\/p>\n<p><span style=\"font-weight: 400;\">La segunda competencia que queremos abordar este curso es la<\/span><b> Capacidad de Adaptaci\u00f3n.\u00a0<\/b><\/p>\n<p><span style=\"font-weight: 400;\">Est\u00e1 es una habilidad fundamental para el \u00e9xito y la supervivencia en un mundo tan din\u00e1mico y complejo, como en el que vivimos. Hablamos de una competencia que facilita el desarrollo personal y profesional del alumnado, mejora las relaciones interpersonales y abre puertas a nuevas oportunidades. Adem\u00e1s, brinda herramientas para manejar el estr\u00e9s y garantiza mantener la competitividad en diversos \u00e1mbitos.<\/span><\/p>\n<p><span style=\"font-weight: 400;\">Algunas de las razones m\u00e1s importantes por las que es fundamental impulsar esta competencia, son:<\/span><\/p>\n<ol>\n<li style=\"font-weight: 400;\" aria-level=\"1\"><b>Entorno educativo din\u00e1mico<\/b><span style=\"font-weight: 400;\">: Las condiciones educativas, m\u00e9todos de ense\u00f1anza y tecnolog\u00edas cambian constantemente. Los estudiantes deben ser capaces de adaptarse a estos cambios para maximizar su aprendizaje y mantenerse al d\u00eda con las nuevas tendencias y herramientas educativas.<\/span><\/li>\n<li style=\"font-weight: 400;\" aria-level=\"1\"><b>Desarrollo de habilidades de vida<\/b><span style=\"font-weight: 400;\">: La adaptaci\u00f3n es una habilidad vital que se extiende m\u00e1s all\u00e1 del entorno acad\u00e9mico. Los estudiantes que son capaces de adaptarse f\u00e1cilmente a diferentes situaciones est\u00e1n mejor preparados para enfrentar desaf\u00edos en su vida personal y profesional.<\/span><\/li>\n<li style=\"font-weight: 400;\" aria-level=\"1\"><b>Resiliencia<\/b><span style=\"font-weight: 400;\">: Los estudiantes que se adaptan bien suelen ser m\u00e1s resilientes, es decir, son capaces de recuperarse r\u00e1pidamente de las adversidades. Esto es importante para su bienestar emocional y mental, ya que les permite manejar el estr\u00e9s y la incertidumbre de manera m\u00e1s efectiva.<\/span><\/li>\n<li style=\"font-weight: 400;\" aria-level=\"1\"><b>Preparaci\u00f3n para el futuro laboral<\/b><span style=\"font-weight: 400;\">: El mundo laboral actual y futuro requiere profesionales flexibles y capaces de adaptarse r\u00e1pidamente a nuevas situaciones, tecnolog\u00edas y roles. La capacidad de adaptaci\u00f3n es muy valorada por los empleadores y puede ser un diferenciador importante en el mercado laboral.<\/span><\/li>\n<li style=\"font-weight: 400;\" aria-level=\"1\"><b>Mejora del Rendimiento Acad\u00e9mico<\/b><span style=\"font-weight: 400;\">: La adaptaci\u00f3n permite a los estudiantes ajustar sus estrategias de estudio y t\u00e9cnicas de aprendizaje para satisfacer mejor las demandas de sus cursos y ex\u00e1menes, lo que puede conducir a un mejor rendimiento acad\u00e9mico.<\/span><\/li>\n<li style=\"font-weight: 400;\" aria-level=\"1\"><b>Creatividad e Innovaci\u00f3n<\/b><span style=\"font-weight: 400;\">: La capacidad de adaptarse fomenta una mentalidad abierta y flexible, lo que puede conducir a una mayor creatividad e innovaci\u00f3n. Los estudiantes que se adaptan bien son m\u00e1s propensos a explorar nuevas ideas y soluciones a problemas complejos.<\/span><\/li>\n<li style=\"font-weight: 400;\" aria-level=\"1\"><b>Interacci\u00f3n Social<\/b><span style=\"font-weight: 400;\">: La adaptaci\u00f3n facilita una mejor interacci\u00f3n social y colaboraci\u00f3n con compa\u00f1eros y profesores, ya que permite a los estudiantes ajustarse a diferentes personalidades y estilos de trabajo, promoviendo un entorno de aprendizaje m\u00e1s inclusivo y colaborativo.<\/span><\/li>\n<\/ol>\n","protected":false},"excerpt":{"rendered":"<p>Capacidad de Adaptaci\u00f3n Ofrecer habilidades, virtudes y fortalezas a nuestro alumnado es uno de los principales objetivos que nos planteamos desde el CES S. Ram\u00f3n y Cajal. Con este fin, hemos dise\u00f1ado un perfil competencial, formado por 15 habilidades profesionales, con las que esta instituci\u00f3n educativa se siente identificada y mediante las cuales poder ofrecer [&hellip;]<\/p>\n","protected":false},"author":2,"featured_media":38757,"comment_status":"closed","ping_status":"closed","sticky":false,"template":"","format":"standard","meta":{"_et_pb_use_builder":"","_et_pb_old_content":"","_et_gb_content_width":"","footnotes":""},"categories":[3],"tags":[],"class_list":["post-38756","post","type-post","status-publish","format-standard","has-post-thumbnail","hentry","category-noticias"],"_links":{"self":[{"href":"https:\/\/www.test.cesramonycajal.com\/index.php?rest_route=\/wp\/v2\/posts\/38756","targetHints":{"allow":["GET"]}}],"collection":[{"href":"https:\/\/www.test.cesramonycajal.com\/index.php?rest_route=\/wp\/v2\/posts"}],"about":[{"href":"https:\/\/www.test.cesramonycajal.com\/index.php?rest_route=\/wp\/v2\/types\/post"}],"author":[{"embeddable":true,"href":"https:\/\/www.test.cesramonycajal.com\/index.php?rest_route=\/wp\/v2\/users\/2"}],"replies":[{"embeddable":true,"href":"https:\/\/www.test.cesramonycajal.com\/index.php?rest_route=%2Fwp%2Fv2%2Fcomments&post=38756"}],"version-history":[{"count":0,"href":"https:\/\/www.test.cesramonycajal.com\/index.php?rest_route=\/wp\/v2\/posts\/38756\/revisions"}],"wp:featuredmedia":[{"embeddable":true,"href":"https:\/\/www.test.cesramonycajal.com\/index.php?rest_route=\/wp\/v2\/media\/38757"}],"wp:attachment":[{"href":"https:\/\/www.test.cesramonycajal.com\/index.php?rest_route=%2Fwp%2Fv2%2Fmedia&parent=38756"}],"wp:term":[{"taxonomy":"category","embeddable":true,"href":"https:\/\/www.test.cesramonycajal.com\/index.php?rest_route=%2Fwp%2Fv2%2Fcategories&post=38756"},{"taxonomy":"post_tag","embeddable":true,"href":"https:\/\/www.test.cesramonycajal.com\/index.php?rest_route=%2Fwp%2Fv2%2Ftags&post=38756"}],"curies":[{"name":"wp","href":"https:\/\/api.w.org\/{rel}","templated":true}]}}