{"id":38572,"date":"2024-10-21T13:14:49","date_gmt":"2024-10-21T11:14:49","guid":{"rendered":"https:\/\/www.cesramonycajal.com\/?p=38572"},"modified":"2024-10-21T13:14:49","modified_gmt":"2024-10-21T11:14:49","slug":"semana-blanca","status":"publish","type":"post","link":"https:\/\/www.test.cesramonycajal.com\/?p=38572","title":{"rendered":"Semana Blanca en Sierra Nevada con el CES S. Ram\u00f3n y Cajal"},"content":{"rendered":"<h1 style=\"text-align: center;\">Semana Blanca en Sierra Nevada con el CES S. Ram\u00f3n y Cajal<\/h1>\n<p><span style=\"font-weight: 400;\">Desde el Departamento de Actividades F\u00edsicas y Deportivas del CES S. Ram\u00f3n y Cajal, consideramos que teniendo la posibilidad tan cercana de poder disfrutar de nuestra maravillosa Sierra Nevada, debemos aprovechar la oportunidad y por ello queremos ofrecer esta actividad, la cual consideramos muy enriquecedora tanto a nivel personal como formativo.\u00a0<\/span><\/p>\n<p><b>OBJETIVOS<\/b><span style=\"font-weight: 400;\">:<\/span><\/p>\n<ul>\n<li style=\"font-weight: 400;\" aria-level=\"1\"><span style=\"font-weight: 400;\">Facilitar el acercamiento a los alumnos al mundo de la nieve de la mejor forma posible: esquiando.<\/span><\/li>\n<li style=\"font-weight: 400;\" aria-level=\"1\"><span style=\"font-weight: 400;\">Fomentar la aparici\u00f3n de conductas positivas y de respeto en el uso l\u00fadico de la naturaleza.<\/span><\/li>\n<li style=\"font-weight: 400;\" aria-level=\"1\"><span style=\"font-weight: 400;\">Potenciar mediante esta salida extraescolar, el conocimiento del Parque Nacional de Sierra Nevada, para una mejor adquisici\u00f3n de conceptos de nuestra comunidad aut\u00f3noma.<\/span><\/li>\n<li style=\"font-weight: 400;\" aria-level=\"1\"><span style=\"font-weight: 400;\">Practicar deporte al aire libre y mejorar las relaciones entre los distintos miembros de la comunidad educativa que van a participar en la actividad.<\/span><\/li>\n<\/ul>\n<p><b><img loading=\"lazy\" decoding=\"async\" class=\"aligncenter wp-image-38573\" src=\"https:\/\/www.test.cesramonycajal.com\/wp-content\/uploads\/2024\/10\/esqui-sierra-nevada.jpeg\" alt=\"\" width=\"720\" height=\"480\" srcset=\"https:\/\/www.test.cesramonycajal.com\/wp-content\/uploads\/2024\/10\/esqui-sierra-nevada.jpeg 8256w, https:\/\/www.test.cesramonycajal.com\/wp-content\/uploads\/2024\/10\/esqui-sierra-nevada-300x200.jpeg 300w, https:\/\/www.test.cesramonycajal.com\/wp-content\/uploads\/2024\/10\/esqui-sierra-nevada-768x512.jpeg 768w, https:\/\/www.test.cesramonycajal.com\/wp-content\/uploads\/2024\/10\/esqui-sierra-nevada-1024x683.jpeg 1024w, https:\/\/www.test.cesramonycajal.com\/wp-content\/uploads\/2024\/10\/esqui-sierra-nevada-1536x1024.jpeg 1536w, https:\/\/www.test.cesramonycajal.com\/wp-content\/uploads\/2024\/10\/esqui-sierra-nevada-1080x720.jpeg 1080w\" sizes=\"(max-width: 720px) 100vw, 720px\" \/><\/b><\/p>\n<p><b>La actividad se trata de lo siguiente: CURSO DE ESQU\u00cd\/SNOW<\/b><\/p>\n<ul>\n<li style=\"font-weight: 400;\" aria-level=\"1\"><span style=\"font-weight: 400;\">3 d\u00edas de esqu\u00ed\/snow en Sierra Nevada\u00a0<\/span><\/li>\n<li style=\"font-weight: 400;\" aria-level=\"1\"><span style=\"font-weight: 400;\">Fechas: 15, 16 y 17 de Enero de 2025.\u00a0<\/span><\/li>\n<li style=\"font-weight: 400;\" aria-level=\"1\"><span style=\"font-weight: 400;\">Subiendo y bajando todos los d\u00edas de la estaci\u00f3n en autob\u00fas. Hora de salida 8:30 desde el CES Ram\u00f3n y Cajal, hora de regreso aproximadamente 17:30 h.\u00a0<\/span><\/li>\n<li style=\"font-weight: 400;\" aria-level=\"1\"><span style=\"font-weight: 400;\">Incluido en el precio:\u00a0<\/span>\n<ul>\n<li style=\"list-style-type: none;\">\n<ul>\n<li style=\"font-weight: 400;\" aria-level=\"2\"><span style=\"font-weight: 400;\">4 horas diarias de clases de esqu\u00ed\/Snow con Monitores Titulados.<\/span><\/li>\n<li style=\"font-weight: 400;\" aria-level=\"2\"><span style=\"font-weight: 400;\">Grupos para las clases de 8 personas por niveles.\u00a0<\/span><\/li>\n<li style=\"font-weight: 400;\" aria-level=\"2\"><span style=\"font-weight: 400;\">Forfait para poder acceder a todos los remontes\u00a0<\/span><\/li>\n<li style=\"font-weight: 400;\" aria-level=\"2\"><span style=\"font-weight: 400;\">Equipamiento completo de esqu\u00ed\/snow\u00a0 (tablas, bastones,botas y casco)<\/span><\/li>\n<li style=\"font-weight: 400;\" aria-level=\"2\"><span style=\"font-weight: 400;\">Seguro de Responsabilidad Civil y Rescate.<\/span><\/li>\n<li style=\"font-weight: 400;\" aria-level=\"2\"><span style=\"font-weight: 400;\">Local de apoyo en la estaci\u00f3n.<\/span><\/li>\n<li style=\"font-weight: 400;\" aria-level=\"2\"><span style=\"font-weight: 400;\">Guardaesqu\u00eds.<\/span><\/li>\n<li style=\"font-weight: 400;\" aria-level=\"2\"><span style=\"font-weight: 400;\">Transporte ida y vuelta (autob\u00fas).<\/span><b><img decoding=\"async\" class=\"aligncenter size-large wp-image-38574\" src=\"https:\/\/www.test.cesramonycajal.com\/wp-content\/uploads\/2024\/10\/snow-sierra-nevada-700x467.jpeg\" alt=\"\" \/><\/b><\/li>\n<\/ul>\n<\/li>\n<\/ul>\n<p><b>\u00a0<\/b><\/li>\n<\/ul>\n<p><b>MATERIAL QUE DEBE APORTAR EL ALUMNO:<\/b><\/p>\n<ul>\n<li style=\"font-weight: 400;\" aria-level=\"1\"><span style=\"font-weight: 400;\">Pantalones impermeables o en el mejor de los casos, pantalones espec\u00edficos para la nieve.<\/span><\/li>\n<li style=\"font-weight: 400;\" aria-level=\"1\"><span style=\"font-weight: 400;\">Guantes y chaquet\u00f3n.<\/span><\/li>\n<li style=\"font-weight: 400;\" aria-level=\"1\"><span style=\"font-weight: 400;\">Barra de protecci\u00f3n labial y crema protectora factor alto +50.<\/span><\/li>\n<li style=\"font-weight: 400;\" aria-level=\"1\"><span style=\"font-weight: 400;\">Gafas de sol.<\/span><\/li>\n<li style=\"font-weight: 400;\" aria-level=\"1\"><span style=\"font-weight: 400;\">Comida y bebida (bocadillos, sandwich, pasta, dulces, fruta + agua).<\/span><\/li>\n<\/ul>\n<p><b>PRECIO DE LA ACTIVIDAD CON TODO LO DETALLADO ANTERIORMENTE INCLUIDO:<\/b><\/p>\n<p><b>-ALUMNOS DE 16 A\u00d1OS O MENOS = 230 EUROS\u00a0<\/b><\/p>\n<p><b>-ALUMNOS MAYORES DE 16 A\u00d1OS = 245 EUROS<\/b><\/p>\n<p><b>-PLAZAS LIMITADAS: 50 PLAZAS M\u00c1XIMO!! NO TE QUEDES SIN LA TUYA.<\/b><\/p>\n<p><b>FORMA DE PAGO:\u00a0<\/b><\/p>\n<p><b>INGRESO A : <\/b><span style=\"font-weight: 400;\">CC <\/span><span style=\"font-weight: 400;\">ES84 3023 0119 5511 9000 9801 &#8211; CAJA RURAL<\/span><\/p>\n<p><b>CONCEPTO: <\/b><span style=\"font-weight: 400;\">SEMANA BLANCA+NOMBRE ALUMNO+CURSO<\/span><b>\u00a0<\/b><\/p>\n<p><b>Opci\u00f3n A: <\/b><span style=\"font-weight: 400;\">1 Sola cuota abonada con la ficha de inscripci\u00f3n. (230 o 245 EUROS)<\/span><\/p>\n<p><b>Opci\u00f3n B:<\/b><span style=\"font-weight: 400;\"> 3 C\u00f3modas cuotas sin intereses:<\/span><\/p>\n<ol>\n<li style=\"font-weight: 400;\" aria-level=\"1\"><span style=\"font-weight: 400;\">30 o 45 euros (depende de la edad) abonada con la ficha de inscripci\u00f3n.<\/span><\/li>\n<li style=\"font-weight: 400;\" aria-level=\"1\"><span style=\"font-weight: 400;\">100 Euros antes del 30 de noviembre<\/span><\/li>\n<li style=\"font-weight: 400;\" aria-level=\"1\"><span style=\"font-weight: 400;\">100 Euros antes del 20 de Diciembre<\/span><\/li>\n<\/ol>\n<p><span style=\"color: #ff0000;\"><a style=\"color: #ff0000;\" href=\"https:\/\/www.test.cesramonycajal.com\/wp-content\/uploads\/2024\/10\/inscripcion_semana_blanca.pdf\">Descarga pulsando aqu\u00ed la HOJA DE INSCRIPCI\u00d3N<\/a><\/span><\/p>\n<table style=\"width: 89.0612%;\">\n<tbody>\n<tr>\n<td style=\"width: 0.814996%;\" colspan=\"2\"><b>Entregar hoja de inscripci\u00f3n a: <\/b><span style=\"font-weight: 400;\">jesusroche@cesramonycajal.com<\/span><\/p>\n<p><b>ACTIVIDAD ORGANIZADA CON: ENJOYSPORT <\/b><span style=\"font-weight: 400;\">EMPRESA DE TURISMO ACTIVO AUTORIZADA POR LA JUNTA DE ANDALUC\u00cdA N\u00ba REGISTRO: AT\/GR\/00163<\/span><\/td>\n<\/tr>\n<\/tbody>\n<\/table>\n","protected":false},"excerpt":{"rendered":"<p>Semana Blanca en Sierra Nevada con el CES S. Ram\u00f3n y Cajal Desde el Departamento de Actividades F\u00edsicas y Deportivas del CES S. Ram\u00f3n y Cajal, consideramos que teniendo la posibilidad tan cercana de poder disfrutar de nuestra maravillosa Sierra Nevada, debemos aprovechar la oportunidad y por ello queremos ofrecer esta actividad, la cual consideramos [&hellip;]<\/p>\n","protected":false},"author":2,"featured_media":38574,"comment_status":"closed","ping_status":"closed","sticky":false,"template":"","format":"standard","meta":{"_et_pb_use_builder":"","_et_pb_old_content":"","_et_gb_content_width":"","footnotes":""},"categories":[3],"tags":[],"class_list":["post-38572","post","type-post","status-publish","format-standard","has-post-thumbnail","hentry","category-noticias"],"_links":{"self":[{"href":"https:\/\/www.test.cesramonycajal.com\/index.php?rest_route=\/wp\/v2\/posts\/38572","targetHints":{"allow":["GET"]}}],"collection":[{"href":"https:\/\/www.test.cesramonycajal.com\/index.php?rest_route=\/wp\/v2\/posts"}],"about":[{"href":"https:\/\/www.test.cesramonycajal.com\/index.php?rest_route=\/wp\/v2\/types\/post"}],"author":[{"embeddable":true,"href":"https:\/\/www.test.cesramonycajal.com\/index.php?rest_route=\/wp\/v2\/users\/2"}],"replies":[{"embeddable":true,"href":"https:\/\/www.test.cesramonycajal.com\/index.php?rest_route=%2Fwp%2Fv2%2Fcomments&post=38572"}],"version-history":[{"count":0,"href":"https:\/\/www.test.cesramonycajal.com\/index.php?rest_route=\/wp\/v2\/posts\/38572\/revisions"}],"wp:featuredmedia":[{"embeddable":true,"href":"https:\/\/www.test.cesramonycajal.com\/index.php?rest_route=\/wp\/v2\/media\/38574"}],"wp:attachment":[{"href":"https:\/\/www.test.cesramonycajal.com\/index.php?rest_route=%2Fwp%2Fv2%2Fmedia&parent=38572"}],"wp:term":[{"taxonomy":"category","embeddable":true,"href":"https:\/\/www.test.cesramonycajal.com\/index.php?rest_route=%2Fwp%2Fv2%2Fcategories&post=38572"},{"taxonomy":"post_tag","embeddable":true,"href":"https:\/\/www.test.cesramonycajal.com\/index.php?rest_route=%2Fwp%2Fv2%2Ftags&post=38572"}],"curies":[{"name":"wp","href":"https:\/\/api.w.org\/{rel}","templated":true}]}}