{"id":3841,"date":"2019-01-29T07:40:30","date_gmt":"2019-01-29T06:40:30","guid":{"rendered":"http:\/\/www.cesramonycajal.com\/?p=3841"},"modified":"2019-01-29T07:40:30","modified_gmt":"2019-01-29T06:40:30","slug":"rehabilitacion-energetica","status":"publish","type":"post","link":"https:\/\/www.test.cesramonycajal.com\/?p=3841","title":{"rendered":"Rehabilitaci\u00f3n energ\u00e9tica"},"content":{"rendered":"<p>[vc_row][vc_column][vc_row_inner][vc_column_inner][vc_column_text]<\/p>\n<h2 style=\"text-align: center;\"><strong>\u00a0REHABILITACI\u00d3N ENERG\u00c9TICA<\/strong><\/h2>\n<p>[\/vc_column_text][\/vc_column_inner][\/vc_row_inner][vc_column_text]<img decoding=\"async\" class=\"aligncenter size-large wp-image-3912\" src=\"https:\/\/www.test.cesramonycajal.com\/wp-content\/uploads\/2019\/01\/1-1-700x496.png\" alt=\"\" \/><\/p>\n<p>PROYECTO REHABILITACI\u00d3N ENERG\u00c9TICA CES S. RAM\u00d3N Y CAJAL<\/p>\n<p style=\"text-align: left;\">Gracias al apoyo financiero de la Uni\u00f3n Europea (FEDER) y al Programa PAREER+ crece hemos podido realizar la mejora energ\u00e9tica de nuestro edificio e instalaciones.<\/p>\n<p style=\"text-align: left;\">Como centro educativo de formaci\u00f3n profesional y adem\u00e1s concertado, no podemos dejar a un lado nuestro compromiso con la Econom\u00eda Sostenible. Estamos comprometidos con el Medio Ambiente, pero sobre todo lo estamos con nuestro alumnado presente y futuro, y para eso lo \u00fanico que se puede hacer es gestionar los recursos p\u00fablicos que nos facilita la Administraci\u00f3n, para seguir prestando el servicio con las mayores garant\u00edas posibles.<\/p>\n<p style=\"text-align: left;\">Y as\u00ed en nuestro 40 aniversario que se cumple en este 2019 no pod\u00edamos dejar pasar la oportunidad de mostraros c\u00f3mo ha quedado el centro tras el esfuerzo realizado. Y adem\u00e1s, aprovechamos la ocasi\u00f3n para agradecer su trabajo a las empresas colaboradoras que han hecho posible este trabajo, y muy especialmente al IDAE como organismo gestor del apoyo financiero FEDER de la UE, que sin el mismo no hubiera sido posible haber acometido este proyecto de rehabilitaci\u00f3n energ\u00e9tica.<\/p>\n<p>\u00a1A continuaci\u00f3n detallamos y os mostramos como ha quedado todo!<\/p>\n<ul>\n<li>Se ha mejorado la envolvente t\u00e9rmica del edificio sustituyendo los cerramientos a modo de corredera de aluminio por otros de PVC con sistema oscilobatiente que son mucho m\u00e1s eficientes.<\/li>\n<li>Se han sustituido las luminarias existentes de tubos fluorescentes y l\u00e1mparas incandescentes por luminarias eficientes de bajo consumo de tecnolog\u00eda LED.<\/li>\n<li>Se ha sustituido la antigua caldera de gasoil por una nueva de Biomasa.<\/li>\n<li>Gracias a la ejecuci\u00f3n de este proyecto hemos pasado de una calificaci\u00f3n energ\u00e9tica \u00abC\u00bb en emisiones de CO2 a una calificaci\u00f3n energ\u00e9tica final \u00abA\u00bb, siendo en la pr\u00e1ctica el edificio nulo en emisiones de CO2 km2\/a\u00f1o.<\/li>\n<\/ul>\n<p><a href=\"https:\/\/www.test.cesramonycajal.com\/wp-content\/uploads\/2019\/01\/ENLACE-WEB.pdf\">Si quiere ver el documento completo pulse aqu\u00ed<\/a><\/p>\n<p>[\/vc_column_text][\/vc_column][\/vc_row]<\/p>\n","protected":false},"excerpt":{"rendered":"<p>[vc_row][vc_column][vc_row_inner][vc_column_inner][vc_column_text] \u00a0REHABILITACI\u00d3N ENERG\u00c9TICA [\/vc_column_text][\/vc_column_inner][\/vc_row_inner][vc_column_text] PROYECTO REHABILITACI\u00d3N ENERG\u00c9TICA CES S. RAM\u00d3N Y CAJAL Gracias al apoyo financiero de la Uni\u00f3n Europea (FEDER) y al Programa PAREER+ crece hemos podido realizar la mejora energ\u00e9tica de nuestro edificio e instalaciones. Como centro educativo de formaci\u00f3n profesional y adem\u00e1s concertado, no podemos dejar a un lado nuestro compromiso con [&hellip;]<\/p>\n","protected":false},"author":2,"featured_media":3847,"comment_status":"closed","ping_status":"closed","sticky":false,"template":"","format":"standard","meta":{"_et_pb_use_builder":"","_et_pb_old_content":"","_et_gb_content_width":"","footnotes":""},"categories":[3],"tags":[],"class_list":["post-3841","post","type-post","status-publish","format-standard","has-post-thumbnail","hentry","category-noticias"],"_links":{"self":[{"href":"https:\/\/www.test.cesramonycajal.com\/index.php?rest_route=\/wp\/v2\/posts\/3841","targetHints":{"allow":["GET"]}}],"collection":[{"href":"https:\/\/www.test.cesramonycajal.com\/index.php?rest_route=\/wp\/v2\/posts"}],"about":[{"href":"https:\/\/www.test.cesramonycajal.com\/index.php?rest_route=\/wp\/v2\/types\/post"}],"author":[{"embeddable":true,"href":"https:\/\/www.test.cesramonycajal.com\/index.php?rest_route=\/wp\/v2\/users\/2"}],"replies":[{"embeddable":true,"href":"https:\/\/www.test.cesramonycajal.com\/index.php?rest_route=%2Fwp%2Fv2%2Fcomments&post=3841"}],"version-history":[{"count":0,"href":"https:\/\/www.test.cesramonycajal.com\/index.php?rest_route=\/wp\/v2\/posts\/3841\/revisions"}],"wp:featuredmedia":[{"embeddable":true,"href":"https:\/\/www.test.cesramonycajal.com\/index.php?rest_route=\/wp\/v2\/media\/3847"}],"wp:attachment":[{"href":"https:\/\/www.test.cesramonycajal.com\/index.php?rest_route=%2Fwp%2Fv2%2Fmedia&parent=3841"}],"wp:term":[{"taxonomy":"category","embeddable":true,"href":"https:\/\/www.test.cesramonycajal.com\/index.php?rest_route=%2Fwp%2Fv2%2Fcategories&post=3841"},{"taxonomy":"post_tag","embeddable":true,"href":"https:\/\/www.test.cesramonycajal.com\/index.php?rest_route=%2Fwp%2Fv2%2Ftags&post=3841"}],"curies":[{"name":"wp","href":"https:\/\/api.w.org\/{rel}","templated":true}]}}