{"id":37336,"date":"2024-10-07T07:37:18","date_gmt":"2024-10-07T05:37:18","guid":{"rendered":"https:\/\/www.cesramonycajal.com\/?p=37336"},"modified":"2024-10-07T07:37:18","modified_gmt":"2024-10-07T05:37:18","slug":"perfil-competencial-trabajo-individual","status":"publish","type":"post","link":"https:\/\/www.test.cesramonycajal.com\/?p=37336","title":{"rendered":"Perfil competencial &#8211; H\u00e1bitos de trabajo individual"},"content":{"rendered":"<h1 style=\"text-align: center;\">Perfil competencial RyC &#8211; H\u00e1bitos de trabajo individual<\/h1>\n<p><span style=\"font-weight: 400;\">Ofrecer habilidades, virtudes y fortalezas a nuestro alumnado es uno de los principales objetivos que nos planteamos desde el CES S. Ram\u00f3n y Cajal. Con este fin, hemos dise\u00f1ado un perfil competencial, formado por 15 habilidades profesionales, con las que esta instituci\u00f3n educativa se siente identificada y mediante las cuales poder ofrecer una formaci\u00f3n m\u00e1s completa y de calidad a la sociedad.<\/span><\/p>\n<p><span style=\"font-weight: 400;\">Vivimos en un entorno educativo y profesional cada vez m\u00e1s exigente, donde la autodisciplina, la gesti\u00f3n del tiempo y la capacidad de resolver problemas de manera aut\u00f3noma, entre otras muchas competencias, son habilidades cada vez m\u00e1s valoradas y demandadas. As\u00ed pues, resulta crucial entender y fomentar estos h\u00e1bitos desde temprana edad.<\/span><\/p>\n<p>&nbsp;<\/p>\n<h4 style=\"text-align: center;\"><b>H\u00c1BITOS DE TRABAJO INDIVIDUAL<\/b><\/h4>\n<p><span style=\"font-weight: 400;\">La primera competencia que queremos abordar este curso es la de<\/span><b> H\u00e1bitos de Trabajo Individual. <\/b><span style=\"font-weight: 400;\">Est\u00e1 es una habilidad que contribuye al desarrollo integral del alumnado. Hablamos de una competencia crucial para poder potenciar tanto el desarrollo personal, como el \u00e9xito acad\u00e9mico y futuro profesional de nuestros j\u00f3venes. Los preparan para enfrentar con \u00e9xito los desaf\u00edos de la vida y el trabajo, fomentando habilidades y actitudes que son esenciales para su desarrollo integral.<\/span><\/p>\n<p><span style=\"font-weight: 400;\">Aqu\u00ed se detallan algunas de las razones m\u00e1s importantes por las que es fundamental impulsar esta competencia, H\u00e1bitos de Trabajo Individual:<\/span><\/p>\n<ol>\n<li style=\"font-weight: 400;\" aria-level=\"1\"><b>Fomento de la autonom\u00eda y la independencia<\/b><span style=\"font-weight: 400;\">: Ayuda a los estudiantes a volverse autosuficientes y a confiar en sus propias habilidades para completar tareas y resolver problemas sin depender constantemente de otros.<\/span><\/li>\n<li style=\"font-weight: 400;\" aria-level=\"1\"><b>Desarrollo de la autodisciplina<\/b><span style=\"font-weight: 400;\">: Promueve la autodisciplina y la gesti\u00f3n del tiempo, habilidades esenciales para cumplir con los plazos y mantener la productividad en cualquier contexto.<\/span><\/li>\n<li style=\"font-weight: 400;\" aria-level=\"1\"><b>Mejora de la concentraci\u00f3n y el enfoque<\/b><span style=\"font-weight: 400;\">: Trabajar de manera individual permite a los estudiantes concentrarse mejor en las tareas, lo que puede llevar a una mayor comprensi\u00f3n y retenci\u00f3n de la informaci\u00f3n.<\/span><\/li>\n<li style=\"font-weight: 400;\" aria-level=\"1\"><b>Fomento de la responsabilidad personal<\/b><span style=\"font-weight: 400;\">: Los estudiantes aprenden a asumir la responsabilidad de su propio aprendizaje y rendimiento, entendiendo que su \u00e9xito depende en gran medida de su propio esfuerzo y dedicaci\u00f3n.<\/span><\/li>\n<li style=\"font-weight: 400;\" aria-level=\"1\"><b>Desarrollo de habilidades de resoluci\u00f3n de problemas<\/b><span style=\"font-weight: 400;\">: Trabajar de manera individual desaf\u00eda a los estudiantes a encontrar soluciones por s\u00ed mismos, lo que fomenta el pensamiento cr\u00edtico y las habilidades de resoluci\u00f3n de problemas.<\/span><\/li>\n<li style=\"font-weight: 400;\" aria-level=\"1\"><b>Preparaci\u00f3n para el futuro<\/b><span style=\"font-weight: 400;\">: La capacidad de trabajar de manera efectiva de forma independiente es una habilidad muy valorada en el mundo laboral, donde la autonom\u00eda y la iniciativa son altamente apreciadas.<\/span><\/li>\n<li style=\"font-weight: 400;\" aria-level=\"1\"><b>Refuerzo del aprendizaje<\/b><span style=\"font-weight: 400;\">: La pr\u00e1ctica individual refuerza lo aprendido en el aula, permitiendo a los estudiantes consolidar y aplicar los conocimientos adquiridos.<\/span><\/li>\n<li style=\"font-weight: 400;\" aria-level=\"1\"><b>Fomento de la confianza en uno mismo<\/b><span style=\"font-weight: 400;\">: Completar tareas y superar desaf\u00edos por s\u00ed mismos incrementa la confianza en sus propias capacidades y competencias.<\/span><\/li>\n<li style=\"font-weight: 400;\" aria-level=\"1\"><b>Adaptabilidad y flexibilidad<\/b><span style=\"font-weight: 400;\">: Aprender a trabajar solo tambi\u00e9n fomenta la adaptabilidad y la flexibilidad, ya que los estudiantes deben encontrar diversas formas de abordar y resolver tareas sin depender de otros.<\/span><\/li>\n<li style=\"font-weight: 400;\" aria-level=\"1\"><b>Desarrollo del sentido de logro<\/b><span style=\"font-weight: 400;\">: Completar tareas de manera independiente proporciona un sentido de logro y satisfacci\u00f3n personal, lo que puede motivar a los estudiantes a seguir esforz\u00e1ndose y super\u00e1ndose.<\/span><\/li>\n<\/ol>\n<p style=\"text-align: right;\"><span style=\"font-weight: 400;\">Equipo directivo.<\/span><\/p>\n<table style=\"border-collapse: collapse; width: 100%;\">\n<tbody>\n<tr>\n<td style=\"width: 33.3333%;\"><img loading=\"lazy\" decoding=\"async\" class=\"aligncenter wp-image-1956 size-medium\" src=\"https:\/\/www.test.cesramonycajal.com\/wp-content\/uploads\/2018\/07\/Logo-peque%C3%B1o-noticias-250x223.jpg\" alt=\"\" width=\"250\" height=\"223\" \/><\/td>\n<td style=\"width: 33.3333%;\"><img loading=\"lazy\" decoding=\"async\" class=\"aligncenter wp-image-37337 size-large\" src=\"https:\/\/www.test.cesramonycajal.com\/wp-content\/uploads\/2024\/10\/Habitos-de-trabajo-individual-Blanco-700x700.png\" alt=\"\" width=\"700\" height=\"700\" \/><\/td>\n<td style=\"width: 33.3333%;\"><img loading=\"lazy\" decoding=\"async\" class=\"aligncenter wp-image-29164 size-full\" src=\"https:\/\/www.test.cesramonycajal.com\/wp-content\/uploads\/2023\/10\/Dibujo-sin-titulo-2-e1728299576699.png\" alt=\"\" width=\"300\" height=\"236\" \/><\/td>\n<\/tr>\n<\/tbody>\n<\/table>\n","protected":false},"excerpt":{"rendered":"<p>Perfil competencial RyC &#8211; H\u00e1bitos de trabajo individual Ofrecer habilidades, virtudes y fortalezas a nuestro alumnado es uno de los principales objetivos que nos planteamos desde el CES S. Ram\u00f3n y Cajal. Con este fin, hemos dise\u00f1ado un perfil competencial, formado por 15 habilidades profesionales, con las que esta instituci\u00f3n educativa se siente identificada y [&hellip;]<\/p>\n","protected":false},"author":2,"featured_media":37483,"comment_status":"closed","ping_status":"closed","sticky":false,"template":"","format":"standard","meta":{"_et_pb_use_builder":"","_et_pb_old_content":"","_et_gb_content_width":"","footnotes":""},"categories":[3],"tags":[],"class_list":["post-37336","post","type-post","status-publish","format-standard","has-post-thumbnail","hentry","category-noticias"],"_links":{"self":[{"href":"https:\/\/www.test.cesramonycajal.com\/index.php?rest_route=\/wp\/v2\/posts\/37336","targetHints":{"allow":["GET"]}}],"collection":[{"href":"https:\/\/www.test.cesramonycajal.com\/index.php?rest_route=\/wp\/v2\/posts"}],"about":[{"href":"https:\/\/www.test.cesramonycajal.com\/index.php?rest_route=\/wp\/v2\/types\/post"}],"author":[{"embeddable":true,"href":"https:\/\/www.test.cesramonycajal.com\/index.php?rest_route=\/wp\/v2\/users\/2"}],"replies":[{"embeddable":true,"href":"https:\/\/www.test.cesramonycajal.com\/index.php?rest_route=%2Fwp%2Fv2%2Fcomments&post=37336"}],"version-history":[{"count":0,"href":"https:\/\/www.test.cesramonycajal.com\/index.php?rest_route=\/wp\/v2\/posts\/37336\/revisions"}],"wp:featuredmedia":[{"embeddable":true,"href":"https:\/\/www.test.cesramonycajal.com\/index.php?rest_route=\/wp\/v2\/media\/37483"}],"wp:attachment":[{"href":"https:\/\/www.test.cesramonycajal.com\/index.php?rest_route=%2Fwp%2Fv2%2Fmedia&parent=37336"}],"wp:term":[{"taxonomy":"category","embeddable":true,"href":"https:\/\/www.test.cesramonycajal.com\/index.php?rest_route=%2Fwp%2Fv2%2Fcategories&post=37336"},{"taxonomy":"post_tag","embeddable":true,"href":"https:\/\/www.test.cesramonycajal.com\/index.php?rest_route=%2Fwp%2Fv2%2Ftags&post=37336"}],"curies":[{"name":"wp","href":"https:\/\/api.w.org\/{rel}","templated":true}]}}