{"id":32412,"date":"2024-05-15T11:44:30","date_gmt":"2024-05-15T09:44:30","guid":{"rendered":"https:\/\/www.cesramonycajal.com\/?p=32412"},"modified":"2024-05-15T11:44:30","modified_gmt":"2024-05-15T09:44:30","slug":"taller-soft-skills","status":"publish","type":"post","link":"https:\/\/www.test.cesramonycajal.com\/?p=32412","title":{"rendered":"TALLER SOFT SKILLS"},"content":{"rendered":"<h3 style=\"text-align: center;\"><strong>TALLER SOFT SKILLS<\/strong><\/h3>\n<p><span style=\"font-weight: 400;\">\u00a1Una experiencia enriquecedora para nuestros estudiantes! Los ciclos formativos de grado superior de <\/span><b>Administraci\u00f3n de Sistemas Inform\u00e1ticos en Red <\/b><span style=\"font-weight: 400;\">y de grado medio en <\/span><b>Gesti\u00f3n Administrativa <\/b><span style=\"font-weight: 400;\">han tenido la suerte de participar en un <\/span><b>curso\/taller sobre Soft Skills<\/b><span style=\"font-weight: 400;\">, una iniciativa proporcionada por la <\/span><b>C\u00e1mara de Comercio de Granada<\/b><span style=\"font-weight: 400;\">.<\/span><\/p>\n<p><span style=\"font-weight: 400;\">Durante un total de <\/span><b>12 horas <\/b><span style=\"font-weight: 400;\">distribuidas en <\/span><b>tres jornadas<\/b><span style=\"font-weight: 400;\">, nuestros estudiantes se sumergieron en un viaje de aprendizaje centrado en el desarrollo de habilidades fundamentales para su crecimiento personal y profesional. Guiados por <\/span><b>Bego\u00f1a<\/b><span style=\"font-weight: 400;\">, una ponente muy motivadora y experta en la materia, exploraron conceptos y pr\u00e1cticas relacionadas con la <\/span><b>Comunicaci\u00f3n y el Trabajo en Equipo<\/b><span style=\"font-weight: 400;\">, <\/span><b>la Inteligencia Emocional, la Flexibilidad y Adaptaci\u00f3n al Cambio<\/b><span style=\"font-weight: 400;\">, as\u00ed como <\/span><b>la Empleabilidad<\/b><span style=\"font-weight: 400;\">.<\/span><\/p>\n<p><span style=\"font-weight: 400;\">La participaci\u00f3n activa y el entusiasmo de nuestros alumnos fueron palpables en cada sesi\u00f3n. Comprendieron la importancia vital de estas habilidades en el mundo laboral actual y futuro, as\u00ed como en su vida cotidiana. Desde la capacidad de comunicarse eficazmente hasta la habilidad para adaptarse r\u00e1pidamente a entornos cambiantes, cada lecci\u00f3n fue una oportunidad para crecer y mejorar.<\/span><\/p>\n<p><span style=\"font-weight: 400;\"><img decoding=\"async\" class=\"aligncenter size-large wp-image-32415\" src=\"https:\/\/www.test.cesramonycajal.com\/wp-content\/uploads\/2024\/05\/trabajo_en_grupo_taller_softskills.jpg-700x438.jpeg\" alt=\"\" \/>Han trabajado diferentes situaciones en las que ten\u00edan que enfrentarse a su propia forma de resolver conflictos, abordar entrevistas de trabajo o desarrollar perfiles profesionales, aprendiendo de sus fortalezas y analizando cu\u00e1les podr\u00edan ser sus debilidades.<\/span><\/p>\n<p><span style=\"font-weight: 400;\">Ahora, armados con un conjunto m\u00e1s amplio de habilidades, nuestros estudiantes est\u00e1n mejor preparados para enfrentar los desaf\u00edos del mundo laboral y contribuir de manera significativa a sus futuras organizaciones. Agradecemos a la C\u00e1mara de Comercio por brindarnos esta valiosa oportunidad de aprendizaje y crecimiento.<\/span><\/p>\n<p><img decoding=\"async\" class=\"aligncenter size-large wp-image-32416\" src=\"https:\/\/www.test.cesramonycajal.com\/wp-content\/uploads\/2024\/05\/participantes_taller_softskills-700x539.jpg\" alt=\"\" \/><\/p>\n","protected":false},"excerpt":{"rendered":"<p>TALLER SOFT SKILLS \u00a1Una experiencia enriquecedora para nuestros estudiantes! Los ciclos formativos de grado superior de Administraci\u00f3n de Sistemas Inform\u00e1ticos en Red y de grado medio en Gesti\u00f3n Administrativa han tenido la suerte de participar en un curso\/taller sobre Soft Skills, una iniciativa proporcionada por la C\u00e1mara de Comercio de Granada. Durante un total de [&hellip;]<\/p>\n","protected":false},"author":2,"featured_media":32419,"comment_status":"closed","ping_status":"closed","sticky":false,"template":"","format":"standard","meta":{"_et_pb_use_builder":"","_et_pb_old_content":"","_et_gb_content_width":"","footnotes":""},"categories":[3],"tags":[],"class_list":["post-32412","post","type-post","status-publish","format-standard","has-post-thumbnail","hentry","category-noticias"],"_links":{"self":[{"href":"https:\/\/www.test.cesramonycajal.com\/index.php?rest_route=\/wp\/v2\/posts\/32412","targetHints":{"allow":["GET"]}}],"collection":[{"href":"https:\/\/www.test.cesramonycajal.com\/index.php?rest_route=\/wp\/v2\/posts"}],"about":[{"href":"https:\/\/www.test.cesramonycajal.com\/index.php?rest_route=\/wp\/v2\/types\/post"}],"author":[{"embeddable":true,"href":"https:\/\/www.test.cesramonycajal.com\/index.php?rest_route=\/wp\/v2\/users\/2"}],"replies":[{"embeddable":true,"href":"https:\/\/www.test.cesramonycajal.com\/index.php?rest_route=%2Fwp%2Fv2%2Fcomments&post=32412"}],"version-history":[{"count":0,"href":"https:\/\/www.test.cesramonycajal.com\/index.php?rest_route=\/wp\/v2\/posts\/32412\/revisions"}],"wp:featuredmedia":[{"embeddable":true,"href":"https:\/\/www.test.cesramonycajal.com\/index.php?rest_route=\/wp\/v2\/media\/32419"}],"wp:attachment":[{"href":"https:\/\/www.test.cesramonycajal.com\/index.php?rest_route=%2Fwp%2Fv2%2Fmedia&parent=32412"}],"wp:term":[{"taxonomy":"category","embeddable":true,"href":"https:\/\/www.test.cesramonycajal.com\/index.php?rest_route=%2Fwp%2Fv2%2Fcategories&post=32412"},{"taxonomy":"post_tag","embeddable":true,"href":"https:\/\/www.test.cesramonycajal.com\/index.php?rest_route=%2Fwp%2Fv2%2Ftags&post=32412"}],"curies":[{"name":"wp","href":"https:\/\/api.w.org\/{rel}","templated":true}]}}