{"id":31351,"date":"2024-04-04T17:00:34","date_gmt":"2024-04-04T15:00:34","guid":{"rendered":"https:\/\/www.cesramonycajal.com\/?p=31351"},"modified":"2024-04-04T17:00:34","modified_gmt":"2024-04-04T15:00:34","slug":"conoce-el-ciclo-de-tranporte-y-logistica-con-lanjatrans-s-l","status":"publish","type":"post","link":"https:\/\/www.test.cesramonycajal.com\/?p=31351","title":{"rendered":"Conoce el ciclo de Tranporte y Log\u00edstica con Lanjatrans S.L."},"content":{"rendered":"<h2 style=\"text-align: center;\">Conoce el ciclo de Tranporte y Log\u00edstica con Lanjatrans S.L.<\/h2>\n<p><span style=\"font-weight: 400;\">Como buena pr\u00e1ctica departamental, el equipo docente del ciclo de Transporte y Log\u00edstica, hemos organizado una actividad de visualizaci\u00f3n del mismo a la que han asistido pr\u00e1cticamente todos los ciclos de primer curso de la tarde, como son: Imagen para el <a href=\"https:\/\/www.test.cesramonycajal.com\/las-mejores-pastillas-para-la-ereccion\/\" rel=\"noopener noreferrer\">Diagn\u00f3stico y Medicina Nuclear<\/a>, Atenci\u00f3n a Personas en Situaci\u00f3n de Dependencia, Actividades Comerciales, T\u00e9cnico en Auxiliar de Enfermer\u00eda, Integraci\u00f3n Social, Transporte y Log\u00edstica y tambi\u00e9n algunos alumnos de segundo a\u00f1o, porque el resto se encuentra en estos momentos realizando las pr\u00e1cticas en empresas.<\/span><br \/>\n<span style=\"font-weight: 400;\">Dicha actividad ha tenido dos eventos distintos. El primero de ellos, se ha llevado a cabo en el sal\u00f3n de actos, donde se ha expuesto la trayectoria del ciclo de Transporte y Log\u00edstica desde que en 2001 Ram\u00f3n y Cajal fue el primer centro docente de Granada y, casi tambi\u00e9n, de los primeros en Andaluc\u00eda en implantar el ciclo formativo de grado superior de Gesti\u00f3n del Transporte y actualmente de Transporte y Log\u00edstica.<\/span><br \/>\n<span style=\"font-weight: 400;\"><img loading=\"lazy\" decoding=\"async\" alt=\"\" class=\"aligncenter wp-image-31356\" height=\"605\" src=\"https:\/\/www.test.cesramonycajal.com\/wp-content\/uploads\/2024\/04\/PXL_20240403_141338083-min-700x930.jpg\" width=\"456\"\/><\/span><br \/>\n<span style=\"font-weight: 400;\">Se ha considerado esencial que nuestros alumnos conozcan cu\u00e1l es la oferta educativa del CES S. Ram\u00f3n y Cajal, no solo en relaci\u00f3n a las modalidades de ciclos que se imparten, sino tambi\u00e9n, qu\u00e9 se estudia en cada ciclo, cu\u00e1les son las competencias generales que se pretenden conseguir, c\u00f3mo se estructuran los ciclos, cu\u00e1l es el perfil profesional que queremos conseguir de los alumnos, cu\u00e1l es el que nos est\u00e1 demandando las empresas, cu\u00e1les son las salidas profesionales que tienen y cu\u00e1les son las empresas que demanda a estos profesionales.\u00a0\u00a0<\/span><br \/>\n<span style=\"font-weight: 400;\">Con ello, creo que potenciamos nuestros ciclos y, por ende, nuestro centro, creando una cantera interna porque hay alumnos de Ciclos Formativos de Grado B\u00e1sico, Grado Medio y Grado Superior que pueden seguir con nosotros pasando de CFGB a GM y de \u00e9ste a GS o incluso los de GS hacer otro ciclo de GS como complemento formativo, tal y como ocurre frecuentemente.<\/span><br \/>\n<span style=\"font-weight: 400;\">De esta forma, nuestro alumnado, al conocer mejor nuestra oferta de ciclos formativos, puede informar mejor a conocidos cuando sobre qu\u00e9 se puede estudiar en CES S. Ram\u00f3n y Cajal. De hecho, en las encuestas que hacemos, hay un porcentaje considerable de alumnos que se matriculan con nosotros porque se lo han recomendado personas que han estudiado tambi\u00e9n aqu\u00ed. Esto fomenta tambi\u00e9n nuestra cantera externa.<\/span><br \/>\n<span style=\"font-weight: 400;\">Para que los alumnos no recuerden esta actividad como una mera charla de marketing propio, el segundo evento ha consistido en traer a la puerta de entrada del centro dos cabezas tractoras totalmente nuevas incorporadas a su flota por la empresa Lanjatrans, S.L, donde se han podido subir los alumnos al puesto de conducci\u00f3n y se les ha explicado las caracter\u00edsticas t\u00e9cnicas, motorizaciones, tac\u00f3grafo, seguimiento de flota, etc.<\/span><br \/>\n<span style=\"font-weight: 400;\"><img decoding=\"async\" alt=\"\" class=\"aligncenter size-large wp-image-31355\" src=\"https:\/\/www.test.cesramonycajal.com\/wp-content\/uploads\/2024\/04\/PXL_20240403_150850783-min-700x930.jpg\"\/><\/span><br \/>\n<span style=\"font-weight: 400;\">Desde aqu\u00ed hago un reconocimiento y agradecimiento a esta empresa por la predisposici\u00f3n, inter\u00e9s y magn\u00edfica colaboraci\u00f3n mostrada desde el momento en el que planteamos esta idea a su gerente, D. Antonio David Mingorance Montes, y su director de operaciones, D. Rafael Porcel Requena.<\/span><br \/>\n<span style=\"font-weight: 400;\">Como conclusi\u00f3n, se puede decir que esta actividad ha conseguido el fin que pretend\u00eda que es la difusi\u00f3n y visualizaci\u00f3n de todos los ciclos del CES S. Ram\u00f3n y Cajal entre nuestro alumnado. Prueba de ello, es que se ha tenido que a\u00f1adir asientos adicionales en el sal\u00f3n de actos para dar cabida a todos los asistentes, sobrepasando el 100% de la capacidad del mismo y nuestras expectativas.<\/span><\/p>\n<p>\u00a0<\/p>\n<p style=\"text-align: right;\"><span style=\"font-weight: 400;\">Guillermo Esteban Garc\u00eda<\/span><\/p>\n","protected":false},"excerpt":{"rendered":"<p>Conoce el ciclo de Tranporte y Log\u00edstica con Lanjatrans S.L. Como buena pr\u00e1ctica departamental, el equipo docente del ciclo de Transporte y Log\u00edstica, hemos organizado una actividad de visualizaci\u00f3n del mismo a la que han asistido pr\u00e1cticamente todos los ciclos de primer curso de la tarde, como son: Imagen para el Diagn\u00f3stico y Medicina Nuclear, [&hellip;]<\/p>\n","protected":false},"author":2,"featured_media":31360,"comment_status":"closed","ping_status":"closed","sticky":false,"template":"","format":"standard","meta":{"_et_pb_use_builder":"","_et_pb_old_content":"","_et_gb_content_width":"","footnotes":""},"categories":[3],"tags":[],"class_list":["post-31351","post","type-post","status-publish","format-standard","has-post-thumbnail","hentry","category-noticias"],"_links":{"self":[{"href":"https:\/\/www.test.cesramonycajal.com\/index.php?rest_route=\/wp\/v2\/posts\/31351","targetHints":{"allow":["GET"]}}],"collection":[{"href":"https:\/\/www.test.cesramonycajal.com\/index.php?rest_route=\/wp\/v2\/posts"}],"about":[{"href":"https:\/\/www.test.cesramonycajal.com\/index.php?rest_route=\/wp\/v2\/types\/post"}],"author":[{"embeddable":true,"href":"https:\/\/www.test.cesramonycajal.com\/index.php?rest_route=\/wp\/v2\/users\/2"}],"replies":[{"embeddable":true,"href":"https:\/\/www.test.cesramonycajal.com\/index.php?rest_route=%2Fwp%2Fv2%2Fcomments&post=31351"}],"version-history":[{"count":0,"href":"https:\/\/www.test.cesramonycajal.com\/index.php?rest_route=\/wp\/v2\/posts\/31351\/revisions"}],"wp:featuredmedia":[{"embeddable":true,"href":"https:\/\/www.test.cesramonycajal.com\/index.php?rest_route=\/wp\/v2\/media\/31360"}],"wp:attachment":[{"href":"https:\/\/www.test.cesramonycajal.com\/index.php?rest_route=%2Fwp%2Fv2%2Fmedia&parent=31351"}],"wp:term":[{"taxonomy":"category","embeddable":true,"href":"https:\/\/www.test.cesramonycajal.com\/index.php?rest_route=%2Fwp%2Fv2%2Fcategories&post=31351"},{"taxonomy":"post_tag","embeddable":true,"href":"https:\/\/www.test.cesramonycajal.com\/index.php?rest_route=%2Fwp%2Fv2%2Ftags&post=31351"}],"curies":[{"name":"wp","href":"https:\/\/api.w.org\/{rel}","templated":true}]}}