{"id":31059,"date":"2024-03-20T17:00:49","date_gmt":"2024-03-20T16:00:49","guid":{"rendered":"https:\/\/www.cesramonycajal.com\/?p=31059"},"modified":"2024-03-20T17:00:49","modified_gmt":"2024-03-20T16:00:49","slug":"competencias-esenciales-cajal-pro","status":"publish","type":"post","link":"https:\/\/www.test.cesramonycajal.com\/?p=31059","title":{"rendered":"Competencias esenciales \u00abCajal Pro\u00bb"},"content":{"rendered":"<p style=\"text-align: center;\"><span style=\"font-size: 24px;\"><b>COMPETENCIAS ESENCIALES \u201cCAJAL PRO\u201d<\/b><\/span><\/p>\n<p style=\"text-align: center;\"><span style=\"font-size: 24px;\"><b>\u00a1DEPARTAMENTO CAJAL PROFESIONAL!<\/b><\/span><\/p>\n<p>&nbsp;<\/p>\n<p><span style=\"font-weight: 400;\">Desde nuestro Departamento de Orientaci\u00f3n Profesional, <\/span><b>CAJAL PRO<\/b><span style=\"font-weight: 400;\">, estamos trabajando en elementos que consideramos fundamentales para nuestro alumnado y para su correcta<\/span><b> formaci\u00f3n y acompa\u00f1amiento hac\u00eda su inserci\u00f3n en el mercado de trabajo<\/b><span style=\"font-weight: 400;\">.<\/span><\/p>\n<p><span style=\"font-weight: 400;\">Cada uno de nosotros, cada uno de nuestros alumnos y alumnas, tienen unas caracter\u00edsticas que lo hacen \u00fanico, que lo hacen diferente, y nuestra obligaci\u00f3n como centro de Formaci\u00f3n Profesional es contemplar en el proceso madurativo y formativo de nuestro alumnado, es decir, en su camino hac\u00eda la vida profesional, las <\/span><b>diferencias individuales y atenderlas correctamente.\u00a0<\/b><\/p>\n<p><span style=\"font-weight: 400;\">En nuestro centro, hemos decidido dar un paso adelante, y estamos trabajando en la <\/span><b>instrumentalizaci\u00f3n<\/b><span style=\"font-weight: 400;\"> y en la <\/span><b>innovaci\u00f3n <\/b><span style=\"font-weight: 400;\">de nuestro servicio educativo, para que a lo largo del mismo nuestro alumnado adquiera esas <\/span><b>competencias <\/b><span style=\"font-weight: 400;\">que son <\/span><b>esenciales <\/b><span style=\"font-weight: 400;\">en su<\/span><b> futuro personal, social y profesional.<\/b><\/p>\n<p><span style=\"font-weight: 400;\">Y no es algo balad\u00ed esto. Y tampoco es algo sencillo, pero hemos llegado a la conclusi\u00f3n de que es y debe ser una de nuestras principales obligaciones. En la sociedad actual, por diversos factores, los cuales no vamos a citar y analizar, venimos percibiendo que: el alumnado de F.P. cada vez es m\u00e1s inmaduro, cada vez tiene las cosas menos claras, cada vez su grado de desempe\u00f1o es menor,&#8230; Y eso, de manera muy resumida, nos est\u00e1 llevando en los centros educativos a alcanzar niveles de preparaci\u00f3n cada vez menos \u201cambiciosos\u201d en t\u00e9rminos de profesionalidad, y de cara a cuando ese alumnado termina insert\u00e1ndose en el mercado laboral.<\/span><\/p>\n<p><span style=\"font-weight: 400;\">No es un problema de contenidos, ni de saberes, es un <\/span><b>problema de actitud<\/b><span style=\"font-weight: 400;\">, que hace que aprender a desarrollar las destrezas esenciales, o incluso b\u00e1sicas, que vamos a necesitar, o que van a necesitar en el futuro no lo estemos consiguiendo en t\u00e9rminos generales del propio sistema de Formaci\u00f3n Profesional. Y en este sentido, como empresa dedicada a la educaci\u00f3n y como centro educativo, podemos conformarnos con decir, o incluso excusar:<\/span><b> \u201ces que estas generaciones son diferentes\u201d. <\/b><span style=\"font-weight: 400;\">Y eso es verdad, el contexto, su contexto es y ser\u00e1 diferente y van a necesitar saber hacer cosas diferentes. Pero eso no debe hacernos obviar y poner el foco en, qu\u00e9 es lo <\/span><b>que van a necesitar y c\u00f3mo lo podemos y debemos ense\u00f1ar. \u00a1Es nuestra obligaci\u00f3n!\u00a0<\/b><\/p>\n<p><span style=\"font-weight: 400;\">Y es que los centros de Formaci\u00f3n Profesional estamos <\/span><b>entre las empresas<\/b><span style=\"font-weight: 400;\">, el tejido productivo, la generaci\u00f3n de riqueza y de prosperidad, y <\/span><b>las personas<\/b><span style=\"font-weight: 400;\"> que har\u00e1n o podr\u00e1n hacer posible tal cosa. Y eso, vuelvo a repetir, <\/span><b>no es balad\u00ed.<\/b><\/p>\n<p><span style=\"font-weight: 400;\">\u00bfY qu\u00e9 estamos haciendo? \u00bfQu\u00e9 hemos decidido que debemos trabajar? En nuestra cooperativa &#8211;<\/span><b>TEAR<\/b><span style=\"font-weight: 400;\">-, en nuestro centro educativo -el Santiago Ram\u00f3n y Cajal- el claustro de personas socias estamos en un <\/span><b>proceso de reflexi\u00f3n y pensamiento a nivel de innovaci\u00f3n pedag\u00f3gica y metodol\u00f3gica,<\/b><span style=\"font-weight: 400;\"> que queremos que nos posibilite poder ense\u00f1ar a nuestro alumnado esas destrezas esenciales, esas <\/span><b>competencias esenciales, <\/b><span style=\"font-weight: 400;\">que demanda y que les van a demandar la sociedad y el mundo que les espera. Por ah\u00ed las llaman coloquialmente \u201ccompetencias blandas\u201d, \u201csoft skills\u201d, incluso \u201cbusiness skills\u201d, pero nosotros hemos escogido el t\u00e9rmino <\/span><b>esencial, <\/b><span style=\"font-weight: 400;\">porque eso es lo que son, o eso es lo que van a ser.<\/span><\/p>\n<p><span style=\"font-weight: 400;\">\u00bfY cu\u00e1les son? \u00bfSon est\u00e1ticas? \u00bfC\u00f3mo ense\u00f1arlas? \u00bfC\u00f3mo evaluarlas? Pues en eso estamos, en un proceso de siembra, siendo conocedores de que los entornos son muy cambiantes y vol\u00e1tiles, y que el camino para tangibilizar aspectos de este tipo requieren de esfuerzos para poder obtener o alcanzar resultados, que no son de car\u00e1cter cortoplacista, pero que har\u00e1n que nuestro alumnado sea capaz de adaptarse mucho mejor a su futura realidad, que nuestras empresas colaboradoras encontrar\u00e1n en nuestro alumnado a sus futuros profesionales, y que esto har\u00e1 que nuestra labor y desempe\u00f1o tenga mucho m\u00e1s sentido, que si no pensamos en estos aspectos inherentes a la <\/span><b>orientaci\u00f3n profesional<\/b><span style=\"font-weight: 400;\"> de <\/span><b>nuestro alumnado<\/b><span style=\"font-weight: 400;\">. En definitiva, ayudarles en su <\/span><b>camino para ser <\/b><span style=\"font-weight: 400;\">unos verdaderos <\/span><b>pro<\/b><span style=\"font-weight: 400;\"><strong>fesionales<\/strong>.<\/span><\/p>\n<p><span style=\"font-weight: 400;\">Y tras dos trimestres de reuniones y trabajo, aqu\u00ed tenemos en forma de nube de palabras, un primer <\/span><b>borrador de perfil competencial,<\/b><span style=\"font-weight: 400;\"> que nos permitir\u00e1 empezar a instrumentalizar toda esta innovaci\u00f3n y <\/span><b>propuesta de diferenciaci\u00f3n, valor a\u00f1adido y utilidad, <\/b><span style=\"font-weight: 400;\">a partir del curso escolar pr\u00f3ximo, 2024-2025.\u00a0<\/span><\/p>\n<p><img decoding=\"async\" class=\"aligncenter size-large wp-image-31062\" src=\"https:\/\/www.test.cesramonycajal.com\/wp-content\/uploads\/2024\/03\/NUBE-DE-PALABRAS-PRO.-PERFIL-COMPETENCIAL-1-logo-700x700.png\" alt=\"\" \/><\/p>\n<p style=\"text-align: right;\"><b>Fdo.: Javier Mart\u00ednez Morilla<\/b><\/p>\n<p style=\"text-align: right;\"><b>Dpto. de Orientaci\u00f3n Profesional<\/b><\/p>\n<p>&nbsp;<\/p>\n","protected":false},"excerpt":{"rendered":"<p>COMPETENCIAS ESENCIALES \u201cCAJAL PRO\u201d \u00a1DEPARTAMENTO CAJAL PROFESIONAL! &nbsp; Desde nuestro Departamento de Orientaci\u00f3n Profesional, CAJAL PRO, estamos trabajando en elementos que consideramos fundamentales para nuestro alumnado y para su correcta formaci\u00f3n y acompa\u00f1amiento hac\u00eda su inserci\u00f3n en el mercado de trabajo. Cada uno de nosotros, cada uno de nuestros alumnos y alumnas, tienen unas caracter\u00edsticas [&hellip;]<\/p>\n","protected":false},"author":2,"featured_media":29164,"comment_status":"closed","ping_status":"closed","sticky":false,"template":"","format":"standard","meta":{"_et_pb_use_builder":"","_et_pb_old_content":"","_et_gb_content_width":"","footnotes":""},"categories":[20,3],"tags":[],"class_list":["post-31059","post","type-post","status-publish","format-standard","has-post-thumbnail","hentry","category-cajal-pro","category-noticias"],"_links":{"self":[{"href":"https:\/\/www.test.cesramonycajal.com\/index.php?rest_route=\/wp\/v2\/posts\/31059","targetHints":{"allow":["GET"]}}],"collection":[{"href":"https:\/\/www.test.cesramonycajal.com\/index.php?rest_route=\/wp\/v2\/posts"}],"about":[{"href":"https:\/\/www.test.cesramonycajal.com\/index.php?rest_route=\/wp\/v2\/types\/post"}],"author":[{"embeddable":true,"href":"https:\/\/www.test.cesramonycajal.com\/index.php?rest_route=\/wp\/v2\/users\/2"}],"replies":[{"embeddable":true,"href":"https:\/\/www.test.cesramonycajal.com\/index.php?rest_route=%2Fwp%2Fv2%2Fcomments&post=31059"}],"version-history":[{"count":0,"href":"https:\/\/www.test.cesramonycajal.com\/index.php?rest_route=\/wp\/v2\/posts\/31059\/revisions"}],"wp:featuredmedia":[{"embeddable":true,"href":"https:\/\/www.test.cesramonycajal.com\/index.php?rest_route=\/wp\/v2\/media\/29164"}],"wp:attachment":[{"href":"https:\/\/www.test.cesramonycajal.com\/index.php?rest_route=%2Fwp%2Fv2%2Fmedia&parent=31059"}],"wp:term":[{"taxonomy":"category","embeddable":true,"href":"https:\/\/www.test.cesramonycajal.com\/index.php?rest_route=%2Fwp%2Fv2%2Fcategories&post=31059"},{"taxonomy":"post_tag","embeddable":true,"href":"https:\/\/www.test.cesramonycajal.com\/index.php?rest_route=%2Fwp%2Fv2%2Ftags&post=31059"}],"curies":[{"name":"wp","href":"https:\/\/api.w.org\/{rel}","templated":true}]}}