{"id":29260,"date":"2023-11-27T13:00:21","date_gmt":"2023-11-27T12:00:21","guid":{"rendered":"https:\/\/www.cesramonycajal.com\/?p=29260"},"modified":"2023-11-27T13:00:21","modified_gmt":"2023-11-27T12:00:21","slug":"ecoconciencia-en-accion-cuida-el-planeta-reduce-tu-huella","status":"publish","type":"post","link":"https:\/\/www.test.cesramonycajal.com\/?p=29260","title":{"rendered":"Ecoconciencia en acci\u00f3n: Cuida el Planeta, reduce tu huella."},"content":{"rendered":"<h2 style=\"text-align: center;\">Ecoconciencia en acci\u00f3n: Cuida el Planeta, reduce tu huella.<\/h2>\n<p><span style=\"font-weight: 400;\">El pasado 17 de noviembre el alumnado del ciclo de grado superior en Qu\u00edmica y Salud Ambiental de 1\u00ba ofrecieron una charla titulada: \u00abEcoconciencia en Acci\u00f3n: Cuida el Planeta, Reduce tu Huella\u00bb. Esta abordaba la importancia de la ecoconciencia y el cuidado del medio ambiente. Presentaron conceptos como la huella de carbono, destacando actividades cotidianas que contribuyen a ella y ofreciendo sugerencias para reducirla. Se abordaron temas como el ciclo de vida de los productos, enfatizando la necesidad de considerar la sostenibilidad en todas las etapas, el proceso de gesti\u00f3n de residuos, explicado detalladamente, con \u00e9nfasis en la reducci\u00f3n, reutilizaci\u00f3n y reciclaje. Adem\u00e1s, se centraron en ejemplos pr\u00e1cticos de c\u00f3mo los materiales reciclados se transforman en nuevos productos perfectos para su uso.<\/span><\/p>\n<p><span style=\"font-weight: 400;\"><img decoding=\"async\" class=\"aligncenter size-large wp-image-29265\" src=\"https:\/\/www.test.cesramonycajal.com\/wp-content\/uploads\/2023\/11\/59D979F2-12F7-4BF1-A855-43EDDCED86B7_1_105_c-min-700x525.jpeg\" alt=\"\" \/>En resumen, la presentaci\u00f3n proporcion\u00f3 una visi\u00f3n integral de la ecoconciencia, desde la identificaci\u00f3n de la huella ambiental hasta las pr\u00e1cticas m\u00e1s concretas para cuidar el planeta.\u00a0<\/span><\/p>\n<p><span style=\"font-weight: 400;\">A continuaci\u00f3n os dejamos una breve reflexi\u00f3n sobre este tema que, esperamos, os haga que pensar:\u00a0<\/span><\/p>\n<p><span style=\"font-weight: 400;\">\u00abMedioambiente. Palabra que nos invita, incita e impacienta. Concepto que recobra sentido CON la acci\u00f3n del hombre, del individuo, de la persona, del ser, en definitiva, del sujeto con poder.\u00a0<\/span><\/p>\n<p><span style=\"font-weight: 400;\">Un poder que va m\u00e1s all\u00e1 de la mera presentaci\u00f3n de un paisaje oto\u00f1al, de una captura de ensue\u00f1o, de una mirada al mar\u2026\u00a0<\/span><\/p>\n<p><span style=\"font-weight: 400;\">Un abrazo a la hora de la intervenci\u00f3n nunca est\u00e1 de m\u00e1s si se considerara como lo que es; una expresi\u00f3n con todo su significado y esplendor.\u00a0<\/span><\/p>\n<p><span style=\"font-weight: 400;\">De ti, de \u00e9l, de ella, de elle, de todos, de todas, de todes, por igual; porque no cabe distinci\u00f3n alguna aqu\u00ed de si qui\u00e9n osa a \u201cdesprestigiarlo o marginarlo\u201d es tal cual persona porque no cabe discriminaci\u00f3n alguna de si te sientes o no de Espa\u00f1a, de China, de Francia o de Inglaterra. Porque se debe entender, atender y acoger como lo que es: preciado tesoro planetario que aunque sin pies, sin patas, avanza en un sentido inimaginable, a peor. A peor por la acci\u00f3n del ser humano y su mal quehacer, su poca conciencia o inconsciencia, su poca predisposici\u00f3n a cuidarlo obrando del peor modo posible, echando chicles al suelo, pisando un papel sin recogerlo, conduciendo a \u201ctodo trapo\u201d sin problema m\u00e1s que el de \u201ccu\u00e1nta potencia tiene mi carro\u201d.\u00a0<\/span><\/p>\n<p><span style=\"font-weight: 400;\">Seamos m\u00e1s cuidadosos con \u00e9l, con ello, pues este concepto, es impersonal y del todo se debiera tratar, como si se tratara de nuestra m\u00e1s preciada amistad\u00bb<\/span><\/p>\n<p><img decoding=\"async\" class=\"aligncenter size-large wp-image-29264\" src=\"https:\/\/www.test.cesramonycajal.com\/wp-content\/uploads\/2023\/11\/E7339C91-B103-4034-9995-806E184C92B9_1_105_c-min-700x525.jpeg\" alt=\"\" \/><\/p>\n<p style=\"text-align: right;\"><span style=\"font-weight: 400;\">Victoria Ru\u00edz Ru\u00edz<\/span><\/p>\n<p style=\"text-align: right;\"><span style=\"font-weight: 400;\">Paloma Mart\u00ednez-Carrasco Vallecillo<\/span><\/p>\n","protected":false},"excerpt":{"rendered":"<p>Ecoconciencia en acci\u00f3n: Cuida el Planeta, reduce tu huella. El pasado 17 de noviembre el alumnado del ciclo de grado superior en Qu\u00edmica y Salud Ambiental de 1\u00ba ofrecieron una charla titulada: \u00abEcoconciencia en Acci\u00f3n: Cuida el Planeta, Reduce tu Huella\u00bb. Esta abordaba la importancia de la ecoconciencia y el cuidado del medio ambiente. Presentaron [&hellip;]<\/p>\n","protected":false},"author":2,"featured_media":29262,"comment_status":"closed","ping_status":"closed","sticky":false,"template":"","format":"standard","meta":{"_et_pb_use_builder":"","_et_pb_old_content":"","_et_gb_content_width":"","footnotes":""},"categories":[3],"tags":[],"class_list":["post-29260","post","type-post","status-publish","format-standard","has-post-thumbnail","hentry","category-noticias"],"_links":{"self":[{"href":"https:\/\/www.test.cesramonycajal.com\/index.php?rest_route=\/wp\/v2\/posts\/29260","targetHints":{"allow":["GET"]}}],"collection":[{"href":"https:\/\/www.test.cesramonycajal.com\/index.php?rest_route=\/wp\/v2\/posts"}],"about":[{"href":"https:\/\/www.test.cesramonycajal.com\/index.php?rest_route=\/wp\/v2\/types\/post"}],"author":[{"embeddable":true,"href":"https:\/\/www.test.cesramonycajal.com\/index.php?rest_route=\/wp\/v2\/users\/2"}],"replies":[{"embeddable":true,"href":"https:\/\/www.test.cesramonycajal.com\/index.php?rest_route=%2Fwp%2Fv2%2Fcomments&post=29260"}],"version-history":[{"count":0,"href":"https:\/\/www.test.cesramonycajal.com\/index.php?rest_route=\/wp\/v2\/posts\/29260\/revisions"}],"wp:featuredmedia":[{"embeddable":true,"href":"https:\/\/www.test.cesramonycajal.com\/index.php?rest_route=\/wp\/v2\/media\/29262"}],"wp:attachment":[{"href":"https:\/\/www.test.cesramonycajal.com\/index.php?rest_route=%2Fwp%2Fv2%2Fmedia&parent=29260"}],"wp:term":[{"taxonomy":"category","embeddable":true,"href":"https:\/\/www.test.cesramonycajal.com\/index.php?rest_route=%2Fwp%2Fv2%2Fcategories&post=29260"},{"taxonomy":"post_tag","embeddable":true,"href":"https:\/\/www.test.cesramonycajal.com\/index.php?rest_route=%2Fwp%2Fv2%2Ftags&post=29260"}],"curies":[{"name":"wp","href":"https:\/\/api.w.org\/{rel}","templated":true}]}}