{"id":29143,"date":"2023-10-27T13:00:14","date_gmt":"2023-10-27T11:00:14","guid":{"rendered":"https:\/\/www.cesramonycajal.com\/?p=29143"},"modified":"2023-10-27T13:00:14","modified_gmt":"2023-10-27T11:00:14","slug":"si-eres-cajal-eres-pro","status":"publish","type":"post","link":"https:\/\/www.test.cesramonycajal.com\/?p=29143","title":{"rendered":"Si eres Cajal, eres Pro"},"content":{"rendered":"<p style=\"text-align: center;\"><b>3, 2, 1\u2026 \u00a1\u00a1\u00a1BIENVENIDOS\/AS A CAJAL PRO!!!<\/b><\/p>\n<p style=\"text-align: center;\"><b>SI ERES CAJAL, ERES PRO<\/b><\/p>\n<p>&nbsp;<\/p>\n<p><span style=\"font-weight: 400;\">El pasado d\u00eda 19 de octubre de 2023, dimos el pistoletazo de salida al nuevo departamento de <\/span><b>Orientaci\u00f3n Profesional (CAJAL PRO)<\/b><span style=\"font-weight: 400;\"> de nuestro centro. Y lo hicimos a trav\u00e9s de una charla enfocada al fomento del <\/span><b>emprendimiento cooperativo<\/b><span style=\"font-weight: 400;\"> de la mano de <\/span><b>FAECTA<\/b><span style=\"font-weight: 400;\"> (Federaci\u00f3n Andaluza de Empresas Cooperativas de Trabajo Asociado) y que cont\u00f3 con la presencia de su Presidente Provincial, Javier Mart\u00ednez Morilla y de su Directora Provincial, F\u00e1tima Garc\u00eda. Adem\u00e1s, tuvimos el honor de que nos acompa\u00f1ara en la sesi\u00f3n la cooperativa granadina <\/span><b>Verbena Baila <\/b><span style=\"font-weight: 400;\">dedicada al dise\u00f1o, comunicaci\u00f3n y animaci\u00f3n, que cont\u00f3 a nuestro alumnado su experiencia y modelo de negocio.\u00a0<\/span><\/p>\n<p><span style=\"font-weight: 400;\">Por nuestra parte participaron m\u00e1s de <\/span><b>80 alumnos\/as<\/b><span style=\"font-weight: 400;\"> de Ciclos Formativos del Departamento de Administraci\u00f3n y Comercio, en concreto de las especialidades de <\/span><b>Gesti\u00f3n Administrativa, Administraci\u00f3n y Finanzas y Actividades Comerciales<\/b><span style=\"font-weight: 400;\">.<\/span><\/p>\n<p><span style=\"font-weight: 400;\">Con la creaci\u00f3n de este departamento nos reafirmamos en nuestro compromiso con nuestro alumnado, tratando de aportarles valor y utilidad m\u00e1s all\u00e1 de nuestra formaci\u00f3n en las aulas, acompa\u00f1\u00e1ndolo en su andadura hacia la orientaci\u00f3n profesional y su posterior inserci\u00f3n laboral, ya sea esta por cuenta ajena o a trav\u00e9s del emprendimiento. Y es que <\/span><span style=\"font-weight: 400;\">el emprendimiento es fundamental en el mundo actual y nosotros como cooperativa de ense\u00f1anza, lo trabajamos desde los principios y valores cooperativos, tanto dentro como fuera de las aulas. Principios que no est\u00e1 dem\u00e1s recordar por lo que suponen e implican:\u00a0<\/span><\/p>\n<ul>\n<li style=\"font-weight: 400;\" aria-level=\"1\"><b>Libre adhesi\u00f3n y baja<\/b><span style=\"font-weight: 400;\"> voluntaria de las personas socias<\/span><\/li>\n<li style=\"font-weight: 400;\" aria-level=\"1\"><span style=\"font-weight: 400;\">Estructura, gesti\u00f3n y control <\/span><b>democr\u00e1ticos<\/b><\/li>\n<li style=\"font-weight: 400;\" aria-level=\"1\"><b>Igualdad de derechos y obligaciones<\/b><span style=\"font-weight: 400;\"> de las personas socias<\/span><\/li>\n<li style=\"font-weight: 400;\" aria-level=\"1\"><b>Participaci\u00f3n<\/b><span style=\"font-weight: 400;\"> de las personas socias en los resultados obtenidos en proporci\u00f3n a su trabajo y no al capital<\/span><\/li>\n<li style=\"font-weight: 400;\" aria-level=\"1\"><b>Autonom\u00eda e independencia<\/b><\/li>\n<li style=\"font-weight: 400;\" aria-level=\"1\"><span style=\"font-weight: 400;\">Promoci\u00f3n de la<\/span><b> formaci\u00f3n<\/b><span style=\"font-weight: 400;\"> e informaci\u00f3n de sus miembros<\/span><\/li>\n<li style=\"font-weight: 400;\" aria-level=\"1\"><b>Cooperaci\u00f3n<\/b><span style=\"font-weight: 400;\"> empresarial y, en especial, <\/span><b>intercooperaci\u00f3n<\/b><\/li>\n<li style=\"font-weight: 400;\" aria-level=\"1\"><span style=\"font-weight: 400;\">Fomento del <\/span><b>empleo estable y de calidad<\/b><span style=\"font-weight: 400;\">, con singular incidencia en la conciliaci\u00f3n de la vida laboral y familiar<\/span><\/li>\n<li style=\"font-weight: 400;\" aria-level=\"1\"><b>Igualdad de g\u00e9nero<\/b><span style=\"font-weight: 400;\">, con car\u00e1cter transversal al resto de principios<\/span><\/li>\n<li style=\"font-weight: 400;\" aria-level=\"1\"><b>Sostenibilidad<\/b><span style=\"font-weight: 400;\"> empresarial y medioambiental<\/span><\/li>\n<li style=\"font-weight: 400;\" aria-level=\"1\"><b>Compromiso con la comunidad<\/b><span style=\"font-weight: 400;\"> y difusi\u00f3n de estos principios en su entorno<\/span><\/li>\n<\/ul>\n<p><img loading=\"lazy\" decoding=\"async\" class=\"aligncenter wp-image-29144 size-full\" src=\"https:\/\/www.test.cesramonycajal.com\/wp-content\/uploads\/2023\/10\/CAJAL-PRO-e1698393185517.png\" alt=\"\" width=\"531\" height=\"385\" srcset=\"https:\/\/www.test.cesramonycajal.com\/wp-content\/uploads\/2023\/10\/CAJAL-PRO-e1698393185517.png 531w, https:\/\/www.test.cesramonycajal.com\/wp-content\/uploads\/2023\/10\/CAJAL-PRO-e1698393185517-480x348.png 480w\" sizes=\"(min-width: 0px) and (max-width: 480px) 480px, (min-width: 481px) 531px, 100vw\" \/><\/p>\n<p><span style=\"font-weight: 400;\">Esperamos aportar mucho valor y utilidad con esta nueva iniciativa, con este nuevo departamento, llamado CAJAL PRO. El departamento de Orientaci\u00f3n Profesional del Santiago Ram\u00f3n y Cajal de Granada, orientado a nuestro alumnado de ciclos formativos, y que entre otras cosas quiere poner el foco a medio plazo en:<\/span><\/p>\n<ul>\n<li style=\"font-weight: 400;\" aria-level=\"1\"><span style=\"font-weight: 400;\">Perfil competencial que las empresas demandan<\/span><span style=\"font-weight: 400;\"> a nivel de competencias esenciales que los profesionales van a necesitar\u00a0<\/span><\/li>\n<li style=\"font-weight: 400;\" aria-level=\"1\"><span style=\"font-weight: 400;\">Talleres de Inserci\u00f3n y Orientaci\u00f3n Laboral con empresas e instituciones\u00a0 granadinas\u00a0 y andaluzas<\/span><\/li>\n<li style=\"font-weight: 400;\" aria-level=\"1\"><span style=\"font-weight: 400;\">Fomento del Emprendimiento a trav\u00e9s de la organizaci\u00f3n del \u201cConcurso de Proyectos de Empresa en Ciclos Formativos\u201d\u00a0<\/span><\/li>\n<li style=\"font-weight: 400;\" aria-level=\"1\"><span style=\"font-weight: 400;\">Jornadas networking empresas\/alumnado<\/span><\/li>\n<li style=\"font-weight: 400;\" aria-level=\"1\"><span style=\"font-weight: 400;\">Seminarios y charlas sobre emprendimiento<\/span><\/li>\n<\/ul>\n","protected":false},"excerpt":{"rendered":"<p>3, 2, 1\u2026 \u00a1\u00a1\u00a1BIENVENIDOS\/AS A CAJAL PRO!!! SI ERES CAJAL, ERES PRO &nbsp; El pasado d\u00eda 19 de octubre de 2023, dimos el pistoletazo de salida al nuevo departamento de Orientaci\u00f3n Profesional (CAJAL PRO) de nuestro centro. Y lo hicimos a trav\u00e9s de una charla enfocada al fomento del emprendimiento cooperativo de la mano de [&hellip;]<\/p>\n","protected":false},"author":2,"featured_media":29164,"comment_status":"closed","ping_status":"closed","sticky":false,"template":"","format":"standard","meta":{"_et_pb_use_builder":"","_et_pb_old_content":"","_et_gb_content_width":"","footnotes":""},"categories":[20,3],"tags":[],"class_list":["post-29143","post","type-post","status-publish","format-standard","has-post-thumbnail","hentry","category-cajal-pro","category-noticias"],"_links":{"self":[{"href":"https:\/\/www.test.cesramonycajal.com\/index.php?rest_route=\/wp\/v2\/posts\/29143","targetHints":{"allow":["GET"]}}],"collection":[{"href":"https:\/\/www.test.cesramonycajal.com\/index.php?rest_route=\/wp\/v2\/posts"}],"about":[{"href":"https:\/\/www.test.cesramonycajal.com\/index.php?rest_route=\/wp\/v2\/types\/post"}],"author":[{"embeddable":true,"href":"https:\/\/www.test.cesramonycajal.com\/index.php?rest_route=\/wp\/v2\/users\/2"}],"replies":[{"embeddable":true,"href":"https:\/\/www.test.cesramonycajal.com\/index.php?rest_route=%2Fwp%2Fv2%2Fcomments&post=29143"}],"version-history":[{"count":0,"href":"https:\/\/www.test.cesramonycajal.com\/index.php?rest_route=\/wp\/v2\/posts\/29143\/revisions"}],"wp:featuredmedia":[{"embeddable":true,"href":"https:\/\/www.test.cesramonycajal.com\/index.php?rest_route=\/wp\/v2\/media\/29164"}],"wp:attachment":[{"href":"https:\/\/www.test.cesramonycajal.com\/index.php?rest_route=%2Fwp%2Fv2%2Fmedia&parent=29143"}],"wp:term":[{"taxonomy":"category","embeddable":true,"href":"https:\/\/www.test.cesramonycajal.com\/index.php?rest_route=%2Fwp%2Fv2%2Fcategories&post=29143"},{"taxonomy":"post_tag","embeddable":true,"href":"https:\/\/www.test.cesramonycajal.com\/index.php?rest_route=%2Fwp%2Fv2%2Ftags&post=29143"}],"curies":[{"name":"wp","href":"https:\/\/api.w.org\/{rel}","templated":true}]}}