{"id":2884,"date":"2018-10-08T13:10:30","date_gmt":"2018-10-08T11:10:30","guid":{"rendered":"http:\/\/www.cesramonycajal.com\/?p=2884"},"modified":"2018-10-08T13:10:30","modified_gmt":"2018-10-08T11:10:30","slug":"practicas-en-el-extranjero-para-recien-titulados","status":"publish","type":"post","link":"https:\/\/www.test.cesramonycajal.com\/?p=2884","title":{"rendered":"Pr\u00e1cticas en el extranjero para reci\u00e9n titulados"},"content":{"rendered":"<p>[vc_row][vc_column][vc_row_inner][vc_column_inner][vc_column_text]<\/p>\n<h2 style=\"text-align: center;\"><strong>PR\u00c1CTICAS EN EL EXTRANJERO PARA RECI\u00c9N TITULADOS<\/strong><\/h2>\n<p>[\/vc_column_text][\/vc_column_inner][\/vc_row_inner][vc_column_text]Recuerda que todav\u00eda puedes optar a realizar un periodo de pr\u00e1cticas en el extranjero con una beca Erasmus+. Si terminaste tu ciclo de grado superior con nosotros en el curso 2017-18 y quieres a\u00f1adir a tu CV un estancia laboral en alg\u00fan pa\u00eds europeo, env\u00eda un correo con tus datos y\/o dudas a internacional@cesramonycajal.com[\/vc_column_text][\/vc_column][\/vc_row]<\/p>\n","protected":false},"excerpt":{"rendered":"<p>[vc_row][vc_column][vc_row_inner][vc_column_inner][vc_column_text] PR\u00c1CTICAS EN EL EXTRANJERO PARA RECI\u00c9N TITULADOS [\/vc_column_text][\/vc_column_inner][\/vc_row_inner][vc_column_text]Recuerda que todav\u00eda puedes optar a realizar un periodo de pr\u00e1cticas en el extranjero con una beca Erasmus+. Si terminaste tu ciclo de grado superior con nosotros en el curso 2017-18 y quieres a\u00f1adir a tu CV un estancia laboral en alg\u00fan pa\u00eds europeo, env\u00eda un correo [&hellip;]<\/p>\n","protected":false},"author":2,"featured_media":2885,"comment_status":"closed","ping_status":"open","sticky":false,"template":"","format":"standard","meta":{"_et_pb_use_builder":"","_et_pb_old_content":"","_et_gb_content_width":"","footnotes":""},"categories":[7,3],"tags":[],"class_list":["post-2884","post","type-post","status-publish","format-standard","has-post-thumbnail","hentry","category-erasmus","category-noticias"],"_links":{"self":[{"href":"https:\/\/www.test.cesramonycajal.com\/index.php?rest_route=\/wp\/v2\/posts\/2884","targetHints":{"allow":["GET"]}}],"collection":[{"href":"https:\/\/www.test.cesramonycajal.com\/index.php?rest_route=\/wp\/v2\/posts"}],"about":[{"href":"https:\/\/www.test.cesramonycajal.com\/index.php?rest_route=\/wp\/v2\/types\/post"}],"author":[{"embeddable":true,"href":"https:\/\/www.test.cesramonycajal.com\/index.php?rest_route=\/wp\/v2\/users\/2"}],"replies":[{"embeddable":true,"href":"https:\/\/www.test.cesramonycajal.com\/index.php?rest_route=%2Fwp%2Fv2%2Fcomments&post=2884"}],"version-history":[{"count":0,"href":"https:\/\/www.test.cesramonycajal.com\/index.php?rest_route=\/wp\/v2\/posts\/2884\/revisions"}],"wp:featuredmedia":[{"embeddable":true,"href":"https:\/\/www.test.cesramonycajal.com\/index.php?rest_route=\/wp\/v2\/media\/2885"}],"wp:attachment":[{"href":"https:\/\/www.test.cesramonycajal.com\/index.php?rest_route=%2Fwp%2Fv2%2Fmedia&parent=2884"}],"wp:term":[{"taxonomy":"category","embeddable":true,"href":"https:\/\/www.test.cesramonycajal.com\/index.php?rest_route=%2Fwp%2Fv2%2Fcategories&post=2884"},{"taxonomy":"post_tag","embeddable":true,"href":"https:\/\/www.test.cesramonycajal.com\/index.php?rest_route=%2Fwp%2Fv2%2Ftags&post=2884"}],"curies":[{"name":"wp","href":"https:\/\/api.w.org\/{rel}","templated":true}]}}