{"id":25834,"date":"2023-05-05T12:38:10","date_gmt":"2023-05-05T10:38:10","guid":{"rendered":"https:\/\/www.cesramonycajal.com\/?p=25834"},"modified":"2023-05-05T12:38:10","modified_gmt":"2023-05-05T10:38:10","slug":"acuerdo-fadi","status":"publish","type":"post","link":"https:\/\/www.test.cesramonycajal.com\/?p=25834","title":{"rendered":"Acuerdo FADI"},"content":{"rendered":"<h1 style=\"text-align: center;\">\u00a1Educaci\u00f3n y deporte!<\/h1>\n<p style=\"text-align: justify;\"><span style=\"font-weight: 400;\">Hubo un tiempo en el que un colegio era mejor que otro en funci\u00f3n de los trofeos que ten\u00eda en su hall, en su entrada o en su pabell\u00f3n deportivo. Eso ya no es as\u00ed y, adem\u00e1s, sabemos que esa relaci\u00f3n no siempre estaba relacionada.\u00a0<\/span><\/p>\n<p>&nbsp;<\/p>\n<p style=\"text-align: justify;\"><span style=\"font-weight: 400;\">Lo que s\u00ed sabemos, y tenemos muy claro en la Cooperativa TEAR y en el centro S. Ram\u00f3n y Cajal, es que el deporte y la educaci\u00f3n est\u00e1n \u00edntimamente relacionados. De hecho, educaci\u00f3n y deporte son fundamentales en el desarrollo integral de las personas; el deporte no solo es importante para tener una buena condici\u00f3n f\u00edsica y para generar h\u00e1bitos saludables sino, que tambi\u00e9n, es una herramienta a trav\u00e9s de la cual se fomentan valores como la disciplina, el trabajo en equipo, el respeto y la perseverancia, es decir, algunas de esas competencias esenciales que hoy d\u00eda las empresas demandan a las personas que contratan.<\/span><\/p>\n<p>&nbsp;<\/p>\n<p style=\"text-align: justify;\"><span style=\"font-weight: 400;\">Adem\u00e1s, sabemos que, hoy en d\u00eda, la educaci\u00f3n en los centros educativos es fundamental para el desarrollo cognitivo, emocional y social del alumnado, de las personas que estudian en ellos. De hecho, cada vez m\u00e1s, para los ni\u00f1os y adolescentes, la educaci\u00f3n en el colegio, en el centro educativo, es la \u00fanica actividad social que realizan. Donde tienen que relacionarse socialmente, en persona, f\u00edsicamente, cara a cara, y no nos cabe duda de que el deporte es una de las mejores f\u00f3rmulas para adquirir unas habilidades sociales fundamentales para que puedan afrontar sus retos y dificultades en el futuro.\u00a0<\/span><\/p>\n<p>&nbsp;<\/p>\n<p style=\"text-align: justify;\"><span style=\"font-weight: 400;\">Nuestro centro siempre ha estado comprometido con el deporte y ha sido pionero en muchos sentidos. Primero fue el tenis, cuando en Granada hab\u00eda muy pocas instalaciones para la pr\u00e1ctica de este deporte y nosotros lo introdujimos en nuestras instalaciones. Luego el f\u00fatbol sala, donde llegamos a tener un equipo en divisi\u00f3n de honor. Y m\u00e1s tarde, cuando introdujimos en nuestra oferta educativa la E.S.O., en el a\u00f1o 2000, lo que obligaba a tener un gimnasio y decidimos construir un pabell\u00f3n, que poco despu\u00e9s se convertir\u00eda en sede del RACA (Club Deportivo TEAR, Ram\u00f3n y Cajal), colocando en el lugar que se merece al baloncesto femenino granadino.\u00a0<\/span><\/p>\n<p>&nbsp;<\/p>\n<p style=\"text-align: justify;\"><span style=\"font-weight: 400;\">\u00bfY qu\u00e9 nos faltaba? &#8211; que adem\u00e1s nos lo demandaban cada a\u00f1o las personas que se interesaban por estudiar en nuestro centro-. Pues sin duda, lo que nos faltaba era empezar a impartir ciclos formativos de deporte, conocidos por la familia profesional de Actividades F\u00edsico-Deportivas. Y esto ha sido posible y se ha hecho realidad este curso 2022\/2023.\u00a0<\/span><\/p>\n<p>&nbsp;<\/p>\n<p style=\"text-align: justify;\"><span style=\"font-weight: 400;\">No ha sido un camino f\u00e1cil para nosotros, pero en septiembre de 2022 echamos a andar con el ciclo formativo de grado medio de Gu\u00eda en el Medio Natural y de Tiempo Libre. Tras casi 4 a\u00f1os tratando de conseguir la autorizaci\u00f3n de la Junta de Andaluc\u00eda, esta nos lleg\u00f3 en el mes de septiembre pasado (2022), con la escolarizaci\u00f3n ya hecha y sin que nadie supiera en Granada que el CES S. Ram\u00f3n y Cajal iba a impartir este ciclo formativo. Cinco familias llegaron a nosotros, y hemos hecho un gran esfuerzo para prestar un servicio educativo de calidad a esos cinco alumnos, los cuales manifiestan estar encantados. Y nosotros nos lo creemos, porque estudiar en el RyC no es lo mismo que hacerlo en otro centro; porque estudiar en una cooperativa de ense\u00f1anza es poder interiorizar los principios y valores cooperativos, los cuales ponen el foco en las personas y, por tanto, hacen que el mundo sea mejor.\u00a0<\/span><\/p>\n<p style=\"text-align: justify;\"><b><img decoding=\"async\" class=\"aligncenter size-large wp-image-25835\" src=\"https:\/\/www.test.cesramonycajal.com\/wp-content\/uploads\/2023\/05\/PXL_20230424_105431490-min-700x467.jpg\" alt=\"\" \/><\/b><\/p>\n<p>&nbsp;<\/p>\n<p style=\"text-align: justify;\"><span style=\"font-weight: 400;\">Cabe destacar que: somos los m\u00e1s competitivos, con los precios m\u00e1s econ\u00f3micos del mercado; contamos con grandes profesionales en nuestra plantilla, entre ellos Jes\u00fas Roche Palacios y Francisco Gonz\u00e1lez Mu\u00f1oz; somos el \u00fanico centro que ha firmado un convenio con la Federaci\u00f3n Andaluza de Deportes de Invierno (FADI) &#8211; estamos en Granada y una salida profesional importante es el deporte en la monta\u00f1a y para ello contamos con Sierra Nevada -; y seguimos trabajando duro para conseguir muchas cosas m\u00e1s que vendr\u00e1n, esto es solo el principio.<\/span><\/p>\n<p>&nbsp;<\/p>\n<p style=\"text-align: justify;\"><span style=\"font-weight: 400;\">Por lo pronto, ya estamos preparando el nuevo curso escolar y todos nuestros profesionales a\u00fanan su esfuerzo para que el CES S. Ram\u00f3n y Cajal siga formando conjuntamente en educaci\u00f3n, deporte y valores. Acabamos de abrir el plazo de prematr\u00edcula para nuestro ciclo de Gu\u00eda en el Medio Natural y de Tiempo Libre (antiguo TECO) para que pod\u00e1is reservar vuestra plaza para el curso escolar 2023\/2024. Si quer\u00e9is m\u00e1s informaci\u00f3n pod\u00e9is contactar con nosotros a trav\u00e9s de nuestras redes sociales y en el siguiente enlace: <\/span><a href=\"https:\/\/guiatiempolibre.com\/\"><span style=\"font-weight: 400;\">https:\/\/guiatiempolibre.com\/<\/span><\/a><span style=\"font-weight: 400;\">\u00a0<\/span><\/p>\n<p style=\"text-align: center;\"><span style=\"font-weight: 400;\">\u00a1VIVE EL DEPORTE Y LA EDUCACI\u00d3N!<\/span><\/p>\n<p>&nbsp;<\/p>\n<p>&nbsp;<\/p>\n<p>&nbsp;<\/p>\n<p style=\"text-align: right;\"><span style=\"font-weight: 400;\">Autor: Javier Mart\u00ednez Morilla<\/span><\/p>\n","protected":false},"excerpt":{"rendered":"<p>\u00a1Educaci\u00f3n y deporte! Hubo un tiempo en el que un colegio era mejor que otro en funci\u00f3n de los trofeos que ten\u00eda en su hall, en su entrada o en su pabell\u00f3n deportivo. Eso ya no es as\u00ed y, adem\u00e1s, sabemos que esa relaci\u00f3n no siempre estaba relacionada.\u00a0 &nbsp; Lo que s\u00ed sabemos, y tenemos [&hellip;]<\/p>\n","protected":false},"author":2,"featured_media":25842,"comment_status":"closed","ping_status":"closed","sticky":false,"template":"","format":"standard","meta":{"_et_pb_use_builder":"","_et_pb_old_content":"","_et_gb_content_width":"","footnotes":""},"categories":[3],"tags":[],"class_list":["post-25834","post","type-post","status-publish","format-standard","has-post-thumbnail","hentry","category-noticias"],"_links":{"self":[{"href":"https:\/\/www.test.cesramonycajal.com\/index.php?rest_route=\/wp\/v2\/posts\/25834","targetHints":{"allow":["GET"]}}],"collection":[{"href":"https:\/\/www.test.cesramonycajal.com\/index.php?rest_route=\/wp\/v2\/posts"}],"about":[{"href":"https:\/\/www.test.cesramonycajal.com\/index.php?rest_route=\/wp\/v2\/types\/post"}],"author":[{"embeddable":true,"href":"https:\/\/www.test.cesramonycajal.com\/index.php?rest_route=\/wp\/v2\/users\/2"}],"replies":[{"embeddable":true,"href":"https:\/\/www.test.cesramonycajal.com\/index.php?rest_route=%2Fwp%2Fv2%2Fcomments&post=25834"}],"version-history":[{"count":0,"href":"https:\/\/www.test.cesramonycajal.com\/index.php?rest_route=\/wp\/v2\/posts\/25834\/revisions"}],"wp:featuredmedia":[{"embeddable":true,"href":"https:\/\/www.test.cesramonycajal.com\/index.php?rest_route=\/wp\/v2\/media\/25842"}],"wp:attachment":[{"href":"https:\/\/www.test.cesramonycajal.com\/index.php?rest_route=%2Fwp%2Fv2%2Fmedia&parent=25834"}],"wp:term":[{"taxonomy":"category","embeddable":true,"href":"https:\/\/www.test.cesramonycajal.com\/index.php?rest_route=%2Fwp%2Fv2%2Fcategories&post=25834"},{"taxonomy":"post_tag","embeddable":true,"href":"https:\/\/www.test.cesramonycajal.com\/index.php?rest_route=%2Fwp%2Fv2%2Ftags&post=25834"}],"curies":[{"name":"wp","href":"https:\/\/api.w.org\/{rel}","templated":true}]}}