{"id":25688,"date":"2023-04-13T12:38:31","date_gmt":"2023-04-13T10:38:31","guid":{"rendered":"https:\/\/www.cesramonycajal.com\/?p=25688"},"modified":"2023-04-13T12:38:31","modified_gmt":"2023-04-13T10:38:31","slug":"tear-la-educacion-y-el-tejido-empresarial-mas-cooperativas-mas-economia-social","status":"publish","type":"post","link":"https:\/\/www.test.cesramonycajal.com\/?p=25688","title":{"rendered":"TEAR, LA EDUCACI\u00d3N Y EL TEJIDO EMPRESARIAL \u201cM\u00c1S COOPERATIVAS, M\u00c1S ECONOM\u00cdA SOCIAL\u201d"},"content":{"rendered":"<h2 style=\"text-align: center;\"><b>TEAR, LA EDUCACI\u00d3N Y EL TEJIDO EMPRESARIAL<\/b><\/h2>\n<h2 style=\"text-align: center;\"><b>\u201cM\u00c1S COOPERATIVAS, M\u00c1S ECONOM\u00cdA SOCIAL\u201d<\/b><\/h2>\n<p>&nbsp;<\/p>\n<p><span style=\"font-weight: 400;\">Seguimos sumando a nivel empresarial en Granada y en Andaluc\u00eda. Y lo hacemos en esta ocasi\u00f3n de la mano de nuestro presidente, Javier Mart\u00ednez, quien -como presidente tambi\u00e9n de FAECTA-Granada- condujo, el pasado 10 de abril de 2023, el acto donde FAECTA y COVIRAN unieron sus fuerzas mediante la firma del protocolo de adhesi\u00f3n de la mayor cooperativa de detallistas de Espa\u00f1a a la Federaci\u00f3n Andaluza de Empresas de Trabajo Asociado. De esta manera, FAECTA constata el inicio de su nuevo camino tras ampliar su base empresarial y asociativa, y dando cabida a cooperativas de consumo y de servicios a partir de ahora.\u00a0<\/span><\/p>\n<p><span style=\"font-weight: 400;\">Sin duda alguna es todo un hito, en el que estamos sumando y participando en el ejercicio diario de nuestra actividad como sociedad cooperativa: la educaci\u00f3n. En ella, tratamos de fomentar los valores y principios cooperativos, as\u00ed como el emprendimiento entre nuestro alumnado -que ser\u00e1n los futuros profesionales de la sociedad granadina y andaluza-. Y es que, a mayor n\u00famero de cooperativas, mayor apoyo y soporte a la econom\u00eda social, y eso har\u00e1 que cada d\u00eda nuestro mundo sea mejor.<\/span><\/p>\n<p><img loading=\"lazy\" decoding=\"async\" class=\"alignright wp-image-25689 size-large\" src=\"https:\/\/www.test.cesramonycajal.com\/wp-content\/uploads\/2023\/04\/PXL_20230410_112953973-700x700.jpg\" alt=\"faecta coviran mas cooperativas\" width=\"700\" height=\"700\" \/><\/p>\n<p><span style=\"font-weight: 400;\">Este acuerdo es el fruto de varios meses de trabajo de varias partes, donde TEAR ha colaborado activamente junto con FAECTA para alcanzar este objetivo. Con este acuerdo, COVIRAN gana, FAECTA gana, Granada gana y Andaluc\u00eda gana. Y nosotros estamos encantados de poder sumar y, por qu\u00e9 no decirlo, de multiplicar.<\/span><\/p>\n<p><span style=\"font-weight: 400;\">La jornada fue muy bonita e intensa. Estuvo presidida por la consejera de Empleo, Empresa y Trabajo Aut\u00f3nomo, Roc\u00edo Blanco. Tras la presentaci\u00f3n de los n\u00fameros que el sector ha tenido en el a\u00f1o 2022, se ofrecieron diversas experiencias cooperativas que son ejemplo de c\u00f3mo el cooperativismo y la econom\u00eda social dan respuesta y soluci\u00f3n a problemas reales y sociales desde la seguridad laboral, la profesionalidad, la participaci\u00f3n democr\u00e1tica, la intercooperaci\u00f3n y las alianzas permanentes con la Administraci\u00f3n; donde el GANAR-GANAR siempre est\u00e1 presente, para las partes y la sociedad.<\/span><\/p>\n<p><span style=\"font-weight: 400;\">Nuestra Cooperativa se dedica a formar personas desde los 3 a\u00f1os de edad, y eso es una gran responsabilidad. Llevamos m\u00e1s de 43 a\u00f1os haci\u00e9ndolo. En nuestro centro insignia, el Santiago Ram\u00f3n y Cajal, cada a\u00f1o desde el a\u00f1o 1985 se forman m\u00e1s de 1.200 alumnos, lo cual no es algo balad\u00ed. Nosotros decidimos ser lo que somos, para hacer las cosas de una forma distinta a como las hace el resto de centro educativos. Y es que, en una cooperativa de ense\u00f1anza y de FAECTA nos preocupamos por cosas como: ser parte activa en la localidad, poner el foco en las personas -y, en nuestro caso, las personas m\u00e1s importantes que existen son nuestro alumnado-; fomentar valores y principios como la diversidad, la convivencia, la cooperaci\u00f3n y el trabajo; y desarrollando no solo competencias profesionales, personales y sociales, sino tambi\u00e9n esenciales.<\/span><\/p>\n<p><span style=\"font-weight: 400;\">Y eso lo hacemos siendo una empresa privada que presta un servicio p\u00fablico, y lo hacemos desde el cooperativismo y la responsabilidad social corporativa que eso supone. No solo hay que dar clase en clase, hay que ense\u00f1ar desde lo que uno es y quiere ser. Y TEAR es una cooperativa que suma dentro de las aulas y fuera de ellas. El 10 de abril de 2023, en la Escuela de Comercio de COVIRAN, volvimos a demostrarlo p\u00fablicamente; aunque en privado lo hacemos cada d\u00eda en nuestras aulas y en las empresas, donde nuestro alumnado acaba sus estudios poniendo en pr\u00e1ctica todo lo aprendido con nosotros.<\/span><\/p>\n<p>Para m\u00e1s informaci\u00f3n puedes visitar la distinta prensa digital, que ha hecho eco de la noticia:<\/p>\n<ul>\n<li><span style=\"color: #ff0000;\"><a style=\"color: #ff0000;\" href=\"https:\/\/www.granadahoy.com\/economia\/Andalucia-cooperativismo-empleo-negocio-Coviran-Faecta_0_1782722164.html\">Granada hoy<\/a><\/span><\/li>\n<li><span style=\"color: #ff0000;\"><a style=\"color: #ff0000;\" href=\"https:\/\/www.lavanguardia.com\/local\/sevilla\/20230410\/8886923\/rocio-blanco-preside-firma-adhesion-coviran-federacion-empresas-cooperativas-trabajo.html\">La Vanguardia<\/a><\/span><\/li>\n<li><span style=\"color: #ff0000;\"><a style=\"color: #ff0000;\" href=\"https:\/\/www.europapress.es\/videos\/video-rocio-blanco-preside-firma-adhesion-coviran-faecta-20230410154501.html\">Europa Press<\/a><\/span><\/li>\n<li><span style=\"color: #ff0000;\"><a style=\"color: #ff0000;\" href=\"https:\/\/www.europasur.es\/economia\/Andalucia-cooperativismo-empleo-negocio-Coviran-Faecta_0_1782722164.html\">Europa Sur<\/a><\/span><\/li>\n<li><span style=\"color: #ff0000;\"><a style=\"color: #ff0000;\" href=\"https:\/\/www.granadaesnoticia.com\/economia\/coviran-se-incorpora-a-faecta\">Granada Es Noticia<\/a><\/span><\/li>\n<\/ul>\n","protected":false},"excerpt":{"rendered":"<p>TEAR, LA EDUCACI\u00d3N Y EL TEJIDO EMPRESARIAL \u201cM\u00c1S COOPERATIVAS, M\u00c1S ECONOM\u00cdA SOCIAL\u201d &nbsp; Seguimos sumando a nivel empresarial en Granada y en Andaluc\u00eda. Y lo hacemos en esta ocasi\u00f3n de la mano de nuestro presidente, Javier Mart\u00ednez, quien -como presidente tambi\u00e9n de FAECTA-Granada- condujo, el pasado 10 de abril de 2023, el acto donde FAECTA [&hellip;]<\/p>\n","protected":false},"author":2,"featured_media":25698,"comment_status":"closed","ping_status":"closed","sticky":false,"template":"","format":"standard","meta":{"_et_pb_use_builder":"","_et_pb_old_content":"","_et_gb_content_width":"","footnotes":""},"categories":[3],"tags":[],"class_list":["post-25688","post","type-post","status-publish","format-standard","has-post-thumbnail","hentry","category-noticias"],"_links":{"self":[{"href":"https:\/\/www.test.cesramonycajal.com\/index.php?rest_route=\/wp\/v2\/posts\/25688","targetHints":{"allow":["GET"]}}],"collection":[{"href":"https:\/\/www.test.cesramonycajal.com\/index.php?rest_route=\/wp\/v2\/posts"}],"about":[{"href":"https:\/\/www.test.cesramonycajal.com\/index.php?rest_route=\/wp\/v2\/types\/post"}],"author":[{"embeddable":true,"href":"https:\/\/www.test.cesramonycajal.com\/index.php?rest_route=\/wp\/v2\/users\/2"}],"replies":[{"embeddable":true,"href":"https:\/\/www.test.cesramonycajal.com\/index.php?rest_route=%2Fwp%2Fv2%2Fcomments&post=25688"}],"version-history":[{"count":0,"href":"https:\/\/www.test.cesramonycajal.com\/index.php?rest_route=\/wp\/v2\/posts\/25688\/revisions"}],"wp:featuredmedia":[{"embeddable":true,"href":"https:\/\/www.test.cesramonycajal.com\/index.php?rest_route=\/wp\/v2\/media\/25698"}],"wp:attachment":[{"href":"https:\/\/www.test.cesramonycajal.com\/index.php?rest_route=%2Fwp%2Fv2%2Fmedia&parent=25688"}],"wp:term":[{"taxonomy":"category","embeddable":true,"href":"https:\/\/www.test.cesramonycajal.com\/index.php?rest_route=%2Fwp%2Fv2%2Fcategories&post=25688"},{"taxonomy":"post_tag","embeddable":true,"href":"https:\/\/www.test.cesramonycajal.com\/index.php?rest_route=%2Fwp%2Fv2%2Ftags&post=25688"}],"curies":[{"name":"wp","href":"https:\/\/api.w.org\/{rel}","templated":true}]}}