{"id":25069,"date":"2023-02-03T14:15:53","date_gmt":"2023-02-03T13:15:53","guid":{"rendered":"https:\/\/www.cesramonycajal.com\/?p=25069"},"modified":"2023-02-03T14:15:53","modified_gmt":"2023-02-03T13:15:53","slug":"ii-jornadas-del-departamento-de-administracion-y-comercio","status":"publish","type":"post","link":"https:\/\/www.test.cesramonycajal.com\/?p=25069","title":{"rendered":"II Jornadas del Departamento de Administraci\u00f3n y Comercio"},"content":{"rendered":"<h1 style=\"text-align: center;\">II Jornadas del\u00a0 Departamento de Administraci\u00f3n y Comercio<\/h1>\n<p>&nbsp;<\/p>\n<p style=\"text-align: center;\">Acaban de terminar nuestras II Jornadas del Departamento de Administraci\u00f3n y Comercio, y nos gustar\u00eda hacer balance de las mismas mientras todav\u00eda tenemos las sensaciones a flor de piel.<\/p>\n<p>En primer lugar, desde nuestra cooperativa TEAR, y el centro Santiago Ram\u00f3n y Cajal, queremos agradecer profundamente la colaboraci\u00f3n de todas las empresas, instituciones y patrocinadores que han contribuido desinteresadamente al desarrollo de las mismas. Sin ellas, esto no hubiera sido posible.<\/p>\n<p>Sin duda, la celebraci\u00f3n de estas jornadas ha representado una magn\u00edfica oportunidad para poder conocer de cerca el sector empresarial de nuestra provincia. Hemos podido disfrutar de ponencias, mesas redondas, debates&#8230; y todos ellos han aportado puntos de vista clave en la tem\u00e1tica abordada en cada sesi\u00f3n.<\/p>\n<p>De la mano de representantes y responsables de las empresas e instituciones que han participado, el alumnado de nuestro centro ha podido conocer de primera mano las caracter\u00edsticas del emprendimiento en nuestro entorno m\u00e1s cercano. Los ponentes han animado a nuestros alumnos a emprender, mostr\u00e1ndoles las ventajas y dificultades que pueden encontrar, as\u00ed como los diferentes recursos de los que disponen y que les pueden facilitar el camino.<\/p>\n<p>Desde los diferentes sectores -administraci\u00f3n, empresas, transporte, comunicaci\u00f3n\u2026-, distintos profesionales les han presentado las amenazas y las oportunidades del contexto econ\u00f3mico actual y los mecanismos de los que dispone el tejido empresarial granadino para acometer la labor de mantenerse, competir y crecer en mercados afectados por una serie de factores externos que muchas veces son dif\u00edciles de prever .<\/p>\n<p>Estas jornadas han representado tambi\u00e9n una gran oportunidad para alumnado de otras especialidades y niveles, ya que han podido participar tanto de los talleres de orientaci\u00f3n laboral impartidos por nuestro propio profesorado, como del concurso de proyectos empresariales. Para esto \u00faltimo, han montado diferentes stands en el hall de nuestro centro, desde los cuales han podido mostrar su idea de negocio. Tras una ajustada votaci\u00f3n en redes sociales y exponer el proyecto ante alumnos y profesores del departamento, damos la enhorabuena al proyecto ganador: <a href=\"https:\/\/www.instagram.com\/p\/CoFCHeZo76b\/\">Churrer\u00eda Cucamonas<\/a>.<\/p>\n<p><img loading=\"lazy\" decoding=\"async\" width=\"660\" height=\"802\" class=\"aligncenter size-full wp-image-25070\" src=\"https:\/\/www.test.cesramonycajal.com\/wp-content\/uploads\/2023\/02\/PXL_20230131_07415888033.jpg\" alt=\"\" srcset=\"https:\/\/www.test.cesramonycajal.com\/wp-content\/uploads\/2023\/02\/PXL_20230131_07415888033.jpg 660w, https:\/\/www.test.cesramonycajal.com\/wp-content\/uploads\/2023\/02\/PXL_20230131_07415888033-480x583.jpg 480w\" sizes=\"(min-width: 0px) and (max-width: 480px) 480px, (min-width: 481px) 660px, 100vw\" \/><\/p>\n<p>Han sido unos d\u00edas de lo m\u00e1s enriquecedores para todas las personas que han estado presentes. Nos gustar\u00eda decir que, incluso, para los propios ponentes en la medida en la que han podido aprovechar la interacci\u00f3n con nuestro alumnado.<\/p>\n<p>Y por supuesto, para las profesoras y profesores del CES Santiago Ram\u00f3n y Cajal, que han podido aprovechar esta oportunidad para fortalecer la conexi\u00f3n existente entre los contenidos lectivos que imparten y la realidad empresarial.<\/p>\n<p>Finalmente, queremos expresar nuestro deseo de que todos los participantes hayan disfrutado y aprovechado estas jornadas tanto como nosotros.<\/p>\n<p>\u00a1Nos vemos de nuevo dentro de dos a\u00f1os!<\/p>\n<p>&nbsp;<\/p>\n<p style=\"text-align: right;\"><em>Escrito por: Romualdo Molina Mor\u00f3n,\u00a0\u00a0Ana Aguilar Berm\u00fadez, Margaret Smith<\/em><\/p>\n","protected":false},"excerpt":{"rendered":"<p>II Jornadas del\u00a0 Departamento de Administraci\u00f3n y Comercio &nbsp; Acaban de terminar nuestras II Jornadas del Departamento de Administraci\u00f3n y Comercio, y nos gustar\u00eda hacer balance de las mismas mientras todav\u00eda tenemos las sensaciones a flor de piel. En primer lugar, desde nuestra cooperativa TEAR, y el centro Santiago Ram\u00f3n y Cajal, queremos agradecer profundamente [&hellip;]<\/p>\n","protected":false},"author":2,"featured_media":24805,"comment_status":"closed","ping_status":"closed","sticky":false,"template":"","format":"standard","meta":{"_et_pb_use_builder":"","_et_pb_old_content":"","_et_gb_content_width":"","footnotes":""},"categories":[3],"tags":[],"class_list":["post-25069","post","type-post","status-publish","format-standard","has-post-thumbnail","hentry","category-noticias"],"_links":{"self":[{"href":"https:\/\/www.test.cesramonycajal.com\/index.php?rest_route=\/wp\/v2\/posts\/25069","targetHints":{"allow":["GET"]}}],"collection":[{"href":"https:\/\/www.test.cesramonycajal.com\/index.php?rest_route=\/wp\/v2\/posts"}],"about":[{"href":"https:\/\/www.test.cesramonycajal.com\/index.php?rest_route=\/wp\/v2\/types\/post"}],"author":[{"embeddable":true,"href":"https:\/\/www.test.cesramonycajal.com\/index.php?rest_route=\/wp\/v2\/users\/2"}],"replies":[{"embeddable":true,"href":"https:\/\/www.test.cesramonycajal.com\/index.php?rest_route=%2Fwp%2Fv2%2Fcomments&post=25069"}],"version-history":[{"count":0,"href":"https:\/\/www.test.cesramonycajal.com\/index.php?rest_route=\/wp\/v2\/posts\/25069\/revisions"}],"wp:featuredmedia":[{"embeddable":true,"href":"https:\/\/www.test.cesramonycajal.com\/index.php?rest_route=\/wp\/v2\/media\/24805"}],"wp:attachment":[{"href":"https:\/\/www.test.cesramonycajal.com\/index.php?rest_route=%2Fwp%2Fv2%2Fmedia&parent=25069"}],"wp:term":[{"taxonomy":"category","embeddable":true,"href":"https:\/\/www.test.cesramonycajal.com\/index.php?rest_route=%2Fwp%2Fv2%2Fcategories&post=25069"},{"taxonomy":"post_tag","embeddable":true,"href":"https:\/\/www.test.cesramonycajal.com\/index.php?rest_route=%2Fwp%2Fv2%2Ftags&post=25069"}],"curies":[{"name":"wp","href":"https:\/\/api.w.org\/{rel}","templated":true}]}}