{"id":2460,"date":"2018-09-07T07:50:28","date_gmt":"2018-09-07T05:50:28","guid":{"rendered":"http:\/\/www.cesramonycajal.com\/?p=2460"},"modified":"2018-09-07T07:50:28","modified_gmt":"2018-09-07T05:50:28","slug":"ryc-curso-18-19-challenge","status":"publish","type":"post","link":"https:\/\/www.test.cesramonycajal.com\/?p=2460","title":{"rendered":"\u00a1RYC CURSO 18\/19 CHALLENGE!"},"content":{"rendered":"<p>[vc_row][vc_column][vc_row_inner][vc_column_inner][vc_column_text]<\/p>\n<h2 style=\"text-align: center;\"><strong>\u00a1RYC CURSO 18\/19 CHALLENGE!<\/strong><\/h2>\n<p>[\/vc_column_text][\/vc_column_inner][\/vc_row_inner][vc_column_text]<span style=\"font-weight: 400;\">Las vacaciones de verano han llegado a su fin y toca volver a poner las alarmas o, para que me entiendan los millennials, #NoMoreParty\u00a0 #UpEarly. Pero tranquilos, no os deprim\u00e1is, la vacaciones de Navidad est\u00e1n m\u00e1s cerca de lo que cre\u00e9is (o es lo que se suele decir). As\u00ed que, como sabemos que el tiempo es relativo -gracias a un f\u00edsico alem\u00e1n que trabajaba en una oficina de patentes- pensamos que la mejor forma de paliar esa sensaci\u00f3n de fin de vacaciones y vuelta a la rutina\u00a0\u00a0es la de mantenerte ocupado con nuestro RYC CHALLENGE, consiguiendo una transici\u00f3n m\u00e1s fluida entre los periodos vacacionales. Los yayos suelen decir \u201cUn pastor ruin, por no dar un paso tiene que dar mil\u201d, que viene a decir que, cuanto menos hagamos, m\u00e1s tendremos que hacer luego. As\u00ed que dej\u00e9monos de dar m\u00e1s vueltas y vayamos al turr\u00f3n, en C.E.S. Santiago Ram\u00f3n y Cajal <\/span><b>el nuevo curso 18\/19 comenzar\u00e1 el lunes 17 de septiembre para todos nuestros alumnos<\/b><span style=\"font-weight: 400;\"> con los siguientes particulares:<\/span><\/p>\n<ul>\n<li style=\"font-weight: 400;\"><span style=\"font-weight: 400;\">La presentaci\u00f3n del curso escolar para <\/span><b>ESO y FPB<\/b><span style=\"font-weight: 400;\"> comenzar\u00e1 las <\/span><b>13:00 horas en el Sal\u00f3n de Actos del centro<\/b><span style=\"font-weight: 400;\">, donde se les dar\u00e1 la bienvenida a los alumnos por parte del Equipo Directivo, los Tutores y la Orientaci\u00f3n, hasta las 13:30 horas, que es cuando los tutores acompa\u00f1ar\u00e1n a sus alumnos a las aulas hasta las 14:30 horas.<\/span><\/li>\n<\/ul>\n<p>&nbsp;<\/p>\n<ul>\n<li style=\"font-weight: 400;\"><span style=\"font-weight: 400;\">La presentaci\u00f3n para <\/span><b>FP y BACHILLERATO<\/b><span style=\"font-weight: 400;\"> comenzar\u00e1 a las <\/span><b>13:30 horas en sus respectivas aulas<\/b><span style=\"font-weight: 400;\">, con sus respectivos tutores (valga la redundancia), hasta las 14:30 horas. El <\/span><b>turno de tarde de FP<\/b><span style=\"font-weight: 400;\"> comenzar\u00e1 de igual forma a las <\/span><b>20:30 horas<\/b><span style=\"font-weight: 400;\"> hasta las 21:30 horas. <\/span><b>La informaci\u00f3n de aulas y tutores estar\u00e1 en las cristaleras de las puertas de entrada al centro<\/b><span style=\"font-weight: 400;\">.<\/span><\/li>\n<\/ul>\n<p><span style=\"font-weight: 400;\">Ahora s\u00ed que s\u00ed, <\/span><b>el martes 18 de septiembre comienza el RYC 18\/19 CHALLENGE<\/b><span style=\"font-weight: 400;\">: los que est\u00e9n en el <\/span><b>turno de ma\u00f1ana<\/b><span style=\"font-weight: 400;\"> tendr\u00e1n su primera jornada lectiva completa de <\/span><b>8:00 a 14:30 horas<\/b><span style=\"font-weight: 400;\">, y <\/span><b>los de tarde de 15:00 a 21:30 horas<\/b><span style=\"font-weight: 400;\">. Os deseo el mejor de los comienzos y el mejor de los finales en nuestro RYC CHALLENGE. <\/span><\/p>\n<p><span style=\"font-weight: 400;\">Me despido con esta cita:\u00a0<\/span><i><span style=\"font-weight: 400;\">\u201cIntenta no volverte una persona de \u00e9xito, sino volverte una persona de valor\u201d <\/span><\/i><span style=\"font-weight: 400;\">(Albert Einstein)<\/span><\/p>\n\n<p><b>Enrique de la Fuente Morilla<\/b><\/p>\n<p><b>Secretario del CES Santiago Ram\u00f3n y Cajal<\/b>[\/vc_column_text][\/vc_column][\/vc_row]<\/p>\n","protected":false},"excerpt":{"rendered":"<p>[vc_row][vc_column][vc_row_inner][vc_column_inner][vc_column_text] \u00a1RYC CURSO 18\/19 CHALLENGE! [\/vc_column_text][\/vc_column_inner][\/vc_row_inner][vc_column_text]Las vacaciones de verano han llegado a su fin y toca volver a poner las alarmas o, para que me entiendan los millennials, #NoMoreParty\u00a0 #UpEarly. Pero tranquilos, no os deprim\u00e1is, la vacaciones de Navidad est\u00e1n m\u00e1s cerca de lo que cre\u00e9is (o es lo que se suele decir). As\u00ed que, [&hellip;]<\/p>\n","protected":false},"author":2,"featured_media":2463,"comment_status":"closed","ping_status":"open","sticky":false,"template":"","format":"standard","meta":{"_et_pb_use_builder":"","_et_pb_old_content":"","_et_gb_content_width":"","footnotes":""},"categories":[3],"tags":[],"class_list":["post-2460","post","type-post","status-publish","format-standard","has-post-thumbnail","hentry","category-noticias"],"_links":{"self":[{"href":"https:\/\/www.test.cesramonycajal.com\/index.php?rest_route=\/wp\/v2\/posts\/2460","targetHints":{"allow":["GET"]}}],"collection":[{"href":"https:\/\/www.test.cesramonycajal.com\/index.php?rest_route=\/wp\/v2\/posts"}],"about":[{"href":"https:\/\/www.test.cesramonycajal.com\/index.php?rest_route=\/wp\/v2\/types\/post"}],"author":[{"embeddable":true,"href":"https:\/\/www.test.cesramonycajal.com\/index.php?rest_route=\/wp\/v2\/users\/2"}],"replies":[{"embeddable":true,"href":"https:\/\/www.test.cesramonycajal.com\/index.php?rest_route=%2Fwp%2Fv2%2Fcomments&post=2460"}],"version-history":[{"count":0,"href":"https:\/\/www.test.cesramonycajal.com\/index.php?rest_route=\/wp\/v2\/posts\/2460\/revisions"}],"wp:featuredmedia":[{"embeddable":true,"href":"https:\/\/www.test.cesramonycajal.com\/index.php?rest_route=\/wp\/v2\/media\/2463"}],"wp:attachment":[{"href":"https:\/\/www.test.cesramonycajal.com\/index.php?rest_route=%2Fwp%2Fv2%2Fmedia&parent=2460"}],"wp:term":[{"taxonomy":"category","embeddable":true,"href":"https:\/\/www.test.cesramonycajal.com\/index.php?rest_route=%2Fwp%2Fv2%2Fcategories&post=2460"},{"taxonomy":"post_tag","embeddable":true,"href":"https:\/\/www.test.cesramonycajal.com\/index.php?rest_route=%2Fwp%2Fv2%2Ftags&post=2460"}],"curies":[{"name":"wp","href":"https:\/\/api.w.org\/{rel}","templated":true}]}}