{"id":23960,"date":"2022-11-04T07:30:37","date_gmt":"2022-11-04T06:30:37","guid":{"rendered":"https:\/\/www.cesramonycajal.com\/?p=23960"},"modified":"2022-11-04T07:30:37","modified_gmt":"2022-11-04T06:30:37","slug":"dia-contra-el-cancer-juvenil","status":"publish","type":"post","link":"https:\/\/www.test.cesramonycajal.com\/?p=23960","title":{"rendered":"D\u00cdA CONTRA EL C\u00c1NCER JUVENIL"},"content":{"rendered":"<h1>D\u00cdA CONTRA EL C\u00c1NCER JUVENIL<\/h1>\n<p>El pasado d\u00eda veintisiete de octubre del presente, tuvo lugar en el CES S. Ram\u00f3n y Cajal una charla sobre sensibilizaci\u00f3n y prevenci\u00f3n del c\u00e1ncer juvenil, liderada por las doctoras y onc\u00f3logas, D\u00f1a. Raquel Luque y D\u00f1a. Julia Ruiz del Complejo Hospitalario Virgen de las Nieves de la ciudad de Granada, por pacientes\/supervivientes, D\u00f1a. Andrea Ortega, D\u00f1a. Paula Serrano y D\u00f1a. Nerea Guerrero y por la Presidenta de la Asociaci\u00f3n \u201cRelevosxlavida\u201d, de Churriana de la Vega (Granada), D\u00f1a. Maruzzella Romero; acompa\u00f1adas por familiares de estas \u201chero\u00ednas\u201d que pueden decir alto y claro a d\u00eda de hoy \u201csiento PAZ\u201d.<\/p>\n<p>En esta sociedad del siglo XXI en que nos encontramos inmersos\/as, se entiende que, a la par que vamos evolucionando con miras a la m\u00e1xima interiorizaci\u00f3n de un estado de bienestar individual y, por qu\u00e9 no decirlo, colectivo, vamos haciendo nuestros otros \u201cmodos de vida\u201d que, por un motivo u otro, pueden llegar a influir en nuestro organismo a nivel psicol\u00f3gico, social, personal, sanitario, etc. De hecho, est\u00e1 cient\u00edficamente demostrado que un exceso de estr\u00e9s, ansiedad, malos h\u00e1bitos, falta de ejercicio f\u00edsico\u2026 en nuestro d\u00eda a d\u00eda, puede terminar en un puerto que, para todos, podr\u00eda llegar a resultar \u201cdesafiante, desquiciante, negativo, indeseable\u2026\u201d pudiendo incluso, llegar a fallecer por ello. (Estimo interesante mencionar en este documento que un doctor y trabajador del Hospital Universitario \u201cSan Cecilio\u201d, de Granada, D. Jes\u00fas Candel, m\u00e1s conocido como \u201cSpiriman\u201d, por ejemplo, dijo alto y claro que el exceso de estr\u00e9s en su d\u00eda a d\u00eda, fue uno de los motivos principales de que esta enfermedad \u201csaliese a flote\u201d en su organismo).<\/p>\n<p>Ni qu\u00e9 decir tiene, adem\u00e1s, que un diagn\u00f3stico tard\u00edo en la etapa de la juventud, donde los chicos, por ejemplo, con un tumor testicular, muy com\u00fan en ellos, empiezan a sentir ciertos s\u00edntomas y por miedo, verg\u00fcenza, pasotismo o dejadez, no comentan con sus familiares directos lo que les est\u00e1 ocurriendo y esto puede desembocar, a la larga, en algo sumamente avanzado y, por ende, dif\u00edcilmente curable.<\/p>\n<p><img decoding=\"async\" class=\"aligncenter size-large wp-image-23963\" src=\"https:\/\/www.test.cesramonycajal.com\/wp-content\/uploads\/2022\/11\/vlcsnap-2022-11-03-09h49m12s352-Mediana-700x394.png\" alt=\"\" \/><\/p>\n<p>Con todo ello, estas profesionales se han personado en nuestro centro con la finalidad de \u201chacernos ver y entender\u201d que la adquisici\u00f3n de buenos h\u00e1bitos de vida, en relaci\u00f3n a consumos, sedentarismo, etc., pueden contribuir a un menor riesgo de que esta enfermedad tenga cabida en nuestro organismo.<br \/>\nGracias a esos consejos y recomendaciones, tanto las etapas de Bachillerato, como los niveles de 3\u00ba y 4\u00ba de ESO y 1\u00ba y 2\u00ba de FPB de nuestro centro, han aprendido hoy c\u00f3mo poder hacer las cosas de otra forma para poder evitar y prevenir, en un porcentaje interesante, esta enfermedad.<br \/>\nGracias a todos\/as los\/as que hoy, hab\u00e9is hecho que sea un d\u00eda diferente, gracias por compartir con nosotros vuestra experiencia con ella (enfermedad denominada C\u00e1ncer) y gracias por habernos permitido hurgar un poco en vosotras, hero\u00ednas. A seguir adelante siempre, pues un d\u00eda superado es una gota de vida bebida.<\/p>\n<p style=\"text-align: right;\">D\u00f1a. Victoria Ru\u00edz Ru\u00edz<\/p>\n<p style=\"text-align: center;\"><iframe loading=\"lazy\" title=\"YouTube video player\" src=\"\/\/www.youtube.com\/embed\/y3SceUZHIbk\" width=\"560\" height=\"315\" frameborder=\"0\" allowfullscreen=\"allowfullscreen\"><\/iframe><\/p>\n","protected":false},"excerpt":{"rendered":"<p>D\u00cdA CONTRA EL C\u00c1NCER JUVENIL El pasado d\u00eda veintisiete de octubre del presente, tuvo lugar en el CES S. Ram\u00f3n y Cajal una charla sobre sensibilizaci\u00f3n y prevenci\u00f3n del c\u00e1ncer juvenil, liderada por las doctoras y onc\u00f3logas, D\u00f1a. Raquel Luque y D\u00f1a. Julia Ruiz del Complejo Hospitalario Virgen de las Nieves de la ciudad de [&hellip;]<\/p>\n","protected":false},"author":2,"featured_media":23963,"comment_status":"closed","ping_status":"closed","sticky":false,"template":"","format":"standard","meta":{"_et_pb_use_builder":"","_et_pb_old_content":"","_et_gb_content_width":"","footnotes":""},"categories":[3],"tags":[],"class_list":["post-23960","post","type-post","status-publish","format-standard","has-post-thumbnail","hentry","category-noticias"],"_links":{"self":[{"href":"https:\/\/www.test.cesramonycajal.com\/index.php?rest_route=\/wp\/v2\/posts\/23960","targetHints":{"allow":["GET"]}}],"collection":[{"href":"https:\/\/www.test.cesramonycajal.com\/index.php?rest_route=\/wp\/v2\/posts"}],"about":[{"href":"https:\/\/www.test.cesramonycajal.com\/index.php?rest_route=\/wp\/v2\/types\/post"}],"author":[{"embeddable":true,"href":"https:\/\/www.test.cesramonycajal.com\/index.php?rest_route=\/wp\/v2\/users\/2"}],"replies":[{"embeddable":true,"href":"https:\/\/www.test.cesramonycajal.com\/index.php?rest_route=%2Fwp%2Fv2%2Fcomments&post=23960"}],"version-history":[{"count":0,"href":"https:\/\/www.test.cesramonycajal.com\/index.php?rest_route=\/wp\/v2\/posts\/23960\/revisions"}],"wp:featuredmedia":[{"embeddable":true,"href":"https:\/\/www.test.cesramonycajal.com\/index.php?rest_route=\/wp\/v2\/media\/23963"}],"wp:attachment":[{"href":"https:\/\/www.test.cesramonycajal.com\/index.php?rest_route=%2Fwp%2Fv2%2Fmedia&parent=23960"}],"wp:term":[{"taxonomy":"category","embeddable":true,"href":"https:\/\/www.test.cesramonycajal.com\/index.php?rest_route=%2Fwp%2Fv2%2Fcategories&post=23960"},{"taxonomy":"post_tag","embeddable":true,"href":"https:\/\/www.test.cesramonycajal.com\/index.php?rest_route=%2Fwp%2Fv2%2Ftags&post=23960"}],"curies":[{"name":"wp","href":"https:\/\/api.w.org\/{rel}","templated":true}]}}