{"id":21230,"date":"2022-07-15T10:00:20","date_gmt":"2022-07-15T08:00:20","guid":{"rendered":"https:\/\/www.cesramonycajal.com\/?p=21230"},"modified":"2022-07-15T10:00:20","modified_gmt":"2022-07-15T08:00:20","slug":"transformar-cambiar-el-mundo","status":"publish","type":"post","link":"https:\/\/www.test.cesramonycajal.com\/?p=21230","title":{"rendered":"Transformar. Cambiar el mundo"},"content":{"rendered":"<h1 style=\"text-align: center;\"><img loading=\"lazy\" decoding=\"async\" class=\"alignnone\" style=\"font-size: 16px;\" src=\"https:\/\/aces-andalucia.es\/wp-content\/uploads\/2020\/03\/aces-identidad-logotipo-1.png\" alt=\"HOME Nueva - ACES-Andalucia\" width=\"132\" height=\"74\" \/>\u00a0 \u00a0 <b>\u201cTransformar. Cambiar el Mundo\u201d\u00a0 <img loading=\"lazy\" decoding=\"async\" class=\"alignnone wp-image-21232 \" src=\"https:\/\/www.test.cesramonycajal.com\/wp-content\/uploads\/2022\/07\/Faecta.jpg\" alt=\"\" width=\"243\" height=\"64\" srcset=\"https:\/\/www.test.cesramonycajal.com\/wp-content\/uploads\/2022\/07\/Faecta.jpg 402w, https:\/\/www.test.cesramonycajal.com\/wp-content\/uploads\/2022\/07\/Faecta-300x79.jpg 300w, https:\/\/www.test.cesramonycajal.com\/wp-content\/uploads\/2022\/07\/Faecta-400x106.jpg 400w\" sizes=\"(max-width: 243px) 100vw, 243px\" \/><\/b><\/h1>\n<p><span style=\"font-weight: 400;\">Populismo, guerra, hambrunas, epidemias, movimientos migratorios descontrolados&#8230; Sin duda alguna vivimos momentos convulsos. Pero todas estas cosas que tanto nos preocupan y a veces incluso nos angustian, son realmente las consecuencias.<\/span><\/p>\n<p><span style=\"font-weight: 400;\">Son las consecuencias de otros factores, son las consecuencias de circunstancias que se vienen produciendo desde hace varios a\u00f1os: crisis de valores en la sociedad, b\u00fasqueda atroz del beneficio empresarial, fomento desmedido de encontrar la felicidad a trav\u00e9s del consumo as\u00ed como de las relaciones superficiales.<\/span><\/p>\n<p><span style=\"font-weight: 400;\">\u00bfY los docentes, qu\u00e9 hacemos? \u00bfQu\u00e9 debemos hacer? Lo primero es adquirir consciencia. Parece f\u00e1cil, pero no lo es. Los docentes tambi\u00e9n somos personas que vivimos en esta Sociedad donde el <\/span><b>cortoplacismo <\/b><span style=\"font-weight: 400;\">se ha impuesto, y donde poco a poco -o no tan poco a poco- el <\/span><b>esfuerzo, <\/b><span style=\"font-weight: 400;\">el <\/span><b>compromiso,<\/b><span style=\"font-weight: 400;\"> la <\/span><b>dedicaci\u00f3n, <\/b><span style=\"font-weight: 400;\">\u00a0el <\/span><b>trabajo diario<\/b><span style=\"font-weight: 400;\">, el <\/span><b>relacionarse<\/b><span style=\"font-weight: 400;\"> correctamente con tus iguales, tus docentes, tu familia, etc. van perdiendo protagonismo e importancia d\u00eda a d\u00eda.<\/span><\/p>\n<p><span style=\"font-weight: 400;\">Nosotros somos <\/span><b>docentes<\/b><span style=\"font-weight: 400;\"> del centro <\/span><b>Santiago Ram\u00f3n y Cajal<\/b><span style=\"font-weight: 400;\">, y somos adem\u00e1s empresarios a la misma vez. Somos una <\/span><b>Cooperativa de Ense\u00f1anza<\/b><span style=\"font-weight: 400;\"> \u00bfsabe la sociedad en general lo que eso significa? Posiblemente no. Las Cooperativas de trabajo -no solo las de ense\u00f1anza-, pueden y deben <\/span><b>ayudar a cambiar este mundo necesitado de valores<\/b><span style=\"font-weight: 400;\">. Nosotros creemos que estamos llamados a ello.<\/span><\/p>\n<p><span style=\"font-weight: 400;\">A las empresas de hoy d\u00eda se les llena la boca con la agenda 2030, con la econom\u00eda verde, con el t\u00e9rmino calidad, con la satisfacci\u00f3n de su cliente y la felicidad de sus trabajadores, eso que se conoce en t\u00e9rminos generales como la<\/span><b> Responsabilidad Social Corporativa (RSC). <\/b><span style=\"font-weight: 400;\">Existe todo un movimiento sobre esto, el <\/span><i><span style=\"font-weight: 400;\">washing <\/span><\/i><span style=\"font-weight: 400;\">o <\/span><i><span style=\"font-weight: 400;\">greenwashing<\/span><\/i><span style=\"font-weight: 400;\">. Las Cooperativas no tenemos que entrar en eso, porque la RSC forma parte de nuestro ADN. Y en una Cooperativa de Ense\u00f1anza como la nuestra, m\u00e1s; porque no s\u00f3lo prestamos un servicio educativo, sino que adem\u00e1s formamos personas y profesionales para el presente y el futuro (menuda responsabilidad), y si no lo hacemos bien perdemos nuestro trabajo, nuestro dinero y nuestra forma de vivir (eso no ocurre en otros centros educativos, lo podemos asegurar).\u00a0<\/span><\/p>\n<p><span style=\"font-weight: 400;\">Cuando ustedes puedan escoger y quieran escoger qui\u00e9nes o qu\u00e9 empresas le van a prestar un servicio, no lo duden si escogen a una Cooperativa de trabajo; con una Cooperativa de Ense\u00f1anza no se van a equivocar, ni aqu\u00ed, ni en M\u00e1laga, ni en Sevilla. Nosotros ponemos el foco en lo importante, porque nuestro modelo empresarial lo hace, <\/span><b>LA PERSONA. <\/b><span style=\"font-weight: 400;\">Las personas y sus valores hacen las sociedades, las empresas y el mundo.<\/span><\/p>\n<p><span style=\"font-weight: 400;\">Y en este mundo en que lo p\u00fablico y lo privado deben convivir, no deben parasitarse porque se necesitan. En este mundo en que los pol\u00edticos instalados en el populismo tienden a demonizar al mundo empresarial, y las empresas mercantiles no paran de invertir dinero en campa\u00f1as para limpiar su imagen y cuidar su Responsabilidad Social Corporativa, existe una f\u00f3rmula que no se parece a ninguna otra, una f\u00f3rmula que la sociedad en general desconoce: la Cooperativa de trabajo.<\/span><\/p>\n<p><b><i>\u201cNo hay nada igual que una Cooperativa\u201d<\/i><\/b><\/p>\n<p><span style=\"font-weight: 400;\">Nosotros -como Cooperativa de Ense\u00f1anza, como Cooperativa de trabajo, como empresarios-trabajadores, como maestros y docentes-, tenemos claro que no necesitamos invertir en Responsabilidad Social ni en principios y valores porque lo llevamos dentro. Pero no le dedicamos el tiempo y el dinero necesario para convencer a los pol\u00edticos y a la sociedad de lo buenos que somos, quiz\u00e1s porque si dedicamos dinero a comunicaci\u00f3n, marketing o publicidad, tengamos que quitarlo de parte de nuestro sueldo; y porque tenemos una elevada miop\u00eda empresarial (aqu\u00ed no hay gerentes profesionales, no hay consejeros delegados que ganan grandes sumas, no hay fondos de inversi\u00f3n respaldando el proyecto\u2026). Debemos generar cultura empresarial y creer en nosotros mismos, y dar el salto definitivo para que la sociedad no dude m\u00e1s y escoja <\/span><b>Cooperativas de trabajo<\/b><span style=\"font-weight: 400;\"> para generar riqueza y satisfacer necesidades. Tambi\u00e9n para que las Administraciones y nuestros gobernantes no duden e inviertan en <\/span><b>emprendimiento cooperativo, <\/b><span style=\"font-weight: 400;\">que ayudar\u00e1 a poner en marcha el motor de las sociedades modernas y a que las alianzas p\u00fablico-privadas sean por el bien de los ciudadanos en general y no por el bien del capital, de algunos pocos due\u00f1os de ese capital y de la mayor\u00eda de pol\u00edticos que nos gobiernan.<\/span><\/p>\n<p><span style=\"font-weight: 400;\">Necesitamos un mejor desarrollo social, una mayor cohesi\u00f3n social, y crear m\u00e1s y mejor empleo. Necesitamos hacer realidad la transici\u00f3n energ\u00e9tica, la transici\u00f3n digital y la transici\u00f3n demogr\u00e1fica. \u00bfAlguien piensa que sin las Cooperativas de trabajo podemos conseguir esto? Pues si alguien lo piensa, <\/span><b>se equivoca. <\/b><span style=\"font-weight: 400;\">Las Cooperativas, por su modelo social, pueden ser el verdadero motor para encontrar el equilibrio que hemos perdido, y pueden ser la piedra angular para <\/span><b>esta sociedad que cambia muy r\u00e1pido, que cambia m\u00e1s r\u00e1pido que las empresas y mucho m\u00e1s r\u00e1pido que las Administraciones.<\/b><\/p>\n<p>&nbsp;<\/p>\n<p><span style=\"font-weight: 400;\">En la Cooperativa de trabajo TEAR, desde sus centros educativos Colegio Santa Marta y Centro Santiago Ram\u00f3n y Cajal de Granada, seguiremos sumando a esta sociedad, y tambi\u00e9n desde las asociaciones y federaciones ACES-Andaluc\u00eda y FAECTA, que est\u00e1n llamadas a poner al cooperativismo y a las personas cooperativistas en el lugar que les corresponde. \u00a1FELIZ VERANO! y \u00a1FELICES VACACIONES!<\/span><\/p>\n<p>&nbsp;<\/p>\n<p style=\"text-align: right;\"><span style=\"font-weight: 400;\">Javier Mart\u00ednez Morilla<\/span><\/p>\n","protected":false},"excerpt":{"rendered":"<p>\u00a0 \u00a0 \u201cTransformar. Cambiar el Mundo\u201d\u00a0 Populismo, guerra, hambrunas, epidemias, movimientos migratorios descontrolados&#8230; Sin duda alguna vivimos momentos convulsos. Pero todas estas cosas que tanto nos preocupan y a veces incluso nos angustian, son realmente las consecuencias. Son las consecuencias de otros factores, son las consecuencias de circunstancias que se vienen produciendo desde hace varios [&hellip;]<\/p>\n","protected":false},"author":2,"featured_media":21233,"comment_status":"closed","ping_status":"closed","sticky":false,"template":"","format":"standard","meta":{"_et_pb_use_builder":"","_et_pb_old_content":"","_et_gb_content_width":"","footnotes":""},"categories":[3],"tags":[],"class_list":["post-21230","post","type-post","status-publish","format-standard","has-post-thumbnail","hentry","category-noticias"],"_links":{"self":[{"href":"https:\/\/www.test.cesramonycajal.com\/index.php?rest_route=\/wp\/v2\/posts\/21230","targetHints":{"allow":["GET"]}}],"collection":[{"href":"https:\/\/www.test.cesramonycajal.com\/index.php?rest_route=\/wp\/v2\/posts"}],"about":[{"href":"https:\/\/www.test.cesramonycajal.com\/index.php?rest_route=\/wp\/v2\/types\/post"}],"author":[{"embeddable":true,"href":"https:\/\/www.test.cesramonycajal.com\/index.php?rest_route=\/wp\/v2\/users\/2"}],"replies":[{"embeddable":true,"href":"https:\/\/www.test.cesramonycajal.com\/index.php?rest_route=%2Fwp%2Fv2%2Fcomments&post=21230"}],"version-history":[{"count":0,"href":"https:\/\/www.test.cesramonycajal.com\/index.php?rest_route=\/wp\/v2\/posts\/21230\/revisions"}],"wp:featuredmedia":[{"embeddable":true,"href":"https:\/\/www.test.cesramonycajal.com\/index.php?rest_route=\/wp\/v2\/media\/21233"}],"wp:attachment":[{"href":"https:\/\/www.test.cesramonycajal.com\/index.php?rest_route=%2Fwp%2Fv2%2Fmedia&parent=21230"}],"wp:term":[{"taxonomy":"category","embeddable":true,"href":"https:\/\/www.test.cesramonycajal.com\/index.php?rest_route=%2Fwp%2Fv2%2Fcategories&post=21230"},{"taxonomy":"post_tag","embeddable":true,"href":"https:\/\/www.test.cesramonycajal.com\/index.php?rest_route=%2Fwp%2Fv2%2Ftags&post=21230"}],"curies":[{"name":"wp","href":"https:\/\/api.w.org\/{rel}","templated":true}]}}