{"id":20805,"date":"2022-06-16T08:00:42","date_gmt":"2022-06-16T06:00:42","guid":{"rendered":"https:\/\/www.cesramonycajal.com\/?p=20805"},"modified":"2022-06-16T08:00:42","modified_gmt":"2022-06-16T06:00:42","slug":"nuestra-fpb","status":"publish","type":"post","link":"https:\/\/www.test.cesramonycajal.com\/?p=20805","title":{"rendered":"Nuestra FPB"},"content":{"rendered":"<h1 style=\"text-align: center;\"><b>NUESTRA FORMACI\u00d3N PROFESIONAL B\u00c1SICA<\/b><\/h1>\n<p><span style=\"font-weight: 400;\">Desde el CES S. Ram\u00f3n y Cajal creemos en las nuevas oportunidades y apostamos por una formaci\u00f3n que busque incentivar a los j\u00f3venes en sus estudios. Ambos prop\u00f3sitos siempre han constituido nuestra base para poder ofrecer un modelo educativo que logre adaptarse a las necesidades del alumnado y que ofrezca las mayores garant\u00edas de \u00e9xito a quienes acceden a ella.<\/span><\/p>\n<p><span style=\"font-weight: 400;\">Uno de los ejemplos m\u00e1s representativos de esta forma de entender la educaci\u00f3n es nuestro ciclo de Formaci\u00f3n Profesional B\u00e1sica, dedicado a la especialidad de Servicios Administrativos. Se trata de un ciclo orientado a un claro prop\u00f3sito: evitar el cada vez mayor abandono escolar de muchos j\u00f3venes, ofreci\u00e9ndoles una segunda oportunidad en sus estudios y una formaci\u00f3n m\u00e1s pr\u00e1ctica y estimulante enfocada a su inserci\u00f3n en el mundo laboral.<\/span><\/p>\n<p style=\"text-align: center;\"><iframe loading=\"lazy\" title=\"YouTube video player\" src=\"https:\/\/www.youtube.com\/embed\/wYQiIjpjj9A\" width=\"560\" height=\"315\" frameborder=\"0\" allowfullscreen=\"allowfullscreen\"><\/iframe><\/p>\n<p><span style=\"font-weight: 400;\">Nuestra larga experiencia en la FP B\u00e1sica nos ha hecho comprender que existe una profunda relaci\u00f3n entre el progresivo \u00e9xito acad\u00e9mico del alumnado y la creaci\u00f3n de un entorno de trabajo familiar, cercano y seguro. Es por ello por lo que nos esmeramos en construir un ambiente de trabajo donde los estudiantes sientan el respaldo, la confianza y la motivaci\u00f3n de los docentes.<\/span><\/p>\n<p><span style=\"font-weight: 400;\">Disponemos de un profesorado con una fuerte vocaci\u00f3n por su trabajo, que se muestra plenamente involucrado con la reinserci\u00f3n de los j\u00f3venes en el sistema educativo y que se siente plenamente comprometido con el desarrollo m\u00e1s humano y acad\u00e9mico de estos futuros profesionales. Como resultado de dicho prop\u00f3sito, a lo largo de esta etapa educativa, nos esforzamos en transmitir aquellos valores que consideramos vitales para que estos alumnos y alumnas puedan progresar; valores como la <\/span><b>motivaci\u00f3n, la asertividad, la creatividad, el compa\u00f1erismo y la autosuperaci\u00f3n<\/b><span style=\"font-weight: 400;\">.<\/span><\/p>\n<p><span style=\"font-weight: 400;\">Las bases generales de nuestra ense\u00f1anza en FP B\u00e1sica tambi\u00e9n se rigen por una serie de fundamentos: ofrecemos un aprendizaje din\u00e1mico, en el que los estudiantes se sienten <\/span><b>plenamente part\u00edcipes<\/b><span style=\"font-weight: 400;\"> dentro del aula; buscamos desarrollar e impulsar las <\/span><b>habilidades comunicativas<\/b><span style=\"font-weight: 400;\"> de los j\u00f3venes; apostamos por el <\/span><b>uso de las TIC<\/b><span style=\"font-weight: 400;\"> dada su importancia en el mundo profesional actual; fomentamos las<\/span><b> habilidades resolutivas<\/b><span style=\"font-weight: 400;\"> en el alumnado, ofreci\u00e9ndoles el mayor n\u00famero de recursos posibles para poder afrontar cualquier <\/span><b>adversidad profesional<\/b><span style=\"font-weight: 400;\">; y fomentamos el <\/span><b>trabajo individual y cooperativo<\/b><span style=\"font-weight: 400;\">. Todo ello, presentando una atenci\u00f3n personalizada a cada uno de nuestro alumnado.\u00a0<\/span><\/p>\n<p><span style=\"font-weight: 400;\">Por otra parte, son varios los <\/span><b>programas educativos en los que nuestro alumnado de FPB participa<\/b><span style=\"font-weight: 400;\">, con los que pueden completar su formaci\u00f3n de la manera m\u00e1s pragm\u00e1tica posible, as\u00ed como obtener una primera experiencia dentro del mundo laboral. Entre estos proyectos cabe destacar nuestro<\/span><b> Programa de Reprograf\u00eda<\/b><span style=\"font-weight: 400;\">, en el que el alumnado es el encargado de gestionar, supervisar y atender la reproducci\u00f3n de una copister\u00eda, totalmente equipada, dando servicio tanto a profesores como a estudiantes del propio centro. Otro proyecto a resaltar es el <\/span><b>programa Dual<\/b><span style=\"font-weight: 400;\">, a trav\u00e9s del cual se ofrece al alumnado la posibilidad de formarse de una manera mixta o dualizada, es decir, combinando su proceso de aprendizaje en el centro educativo y en empresas dedicadas al entorno de los servicios administrativos donde pueden obtener una visi\u00f3n m\u00e1s pr\u00e1ctica de sus funciones. Incluso, les presentamos la posibilidad de que puedan desarrollar sus pr\u00e1cticas en empresas ubicadas en el extranjero mediante el <\/span><b>programa ERASMUS+<\/b><span style=\"font-weight: 400;\">.<\/span><\/p>\n<p><span style=\"font-weight: 400;\">Todos y cada uno de los aspectos mencionados son el reflejo general de nuestra forma de entender la FP B\u00e1sica y de nuestro compromiso por y para los j\u00f3venes. <\/span><b>Ellos son nuestro futuro<\/b><span style=\"font-weight: 400;\"> y queremos que lleguen a \u00e9l de la manera m\u00e1s preparada posible y sinti\u00e9ndose plenamente realizados.<\/span><\/p>\n","protected":false},"excerpt":{"rendered":"<p>NUESTRA FORMACI\u00d3N PROFESIONAL B\u00c1SICA Desde el CES S. Ram\u00f3n y Cajal creemos en las nuevas oportunidades y apostamos por una formaci\u00f3n que busque incentivar a los j\u00f3venes en sus estudios. Ambos prop\u00f3sitos siempre han constituido nuestra base para poder ofrecer un modelo educativo que logre adaptarse a las necesidades del alumnado y que ofrezca las [&hellip;]<\/p>\n","protected":false},"author":2,"featured_media":20900,"comment_status":"closed","ping_status":"closed","sticky":false,"template":"","format":"standard","meta":{"_et_pb_use_builder":"","_et_pb_old_content":"","_et_gb_content_width":"","footnotes":""},"categories":[3],"tags":[],"class_list":["post-20805","post","type-post","status-publish","format-standard","has-post-thumbnail","hentry","category-noticias"],"_links":{"self":[{"href":"https:\/\/www.test.cesramonycajal.com\/index.php?rest_route=\/wp\/v2\/posts\/20805","targetHints":{"allow":["GET"]}}],"collection":[{"href":"https:\/\/www.test.cesramonycajal.com\/index.php?rest_route=\/wp\/v2\/posts"}],"about":[{"href":"https:\/\/www.test.cesramonycajal.com\/index.php?rest_route=\/wp\/v2\/types\/post"}],"author":[{"embeddable":true,"href":"https:\/\/www.test.cesramonycajal.com\/index.php?rest_route=\/wp\/v2\/users\/2"}],"replies":[{"embeddable":true,"href":"https:\/\/www.test.cesramonycajal.com\/index.php?rest_route=%2Fwp%2Fv2%2Fcomments&post=20805"}],"version-history":[{"count":0,"href":"https:\/\/www.test.cesramonycajal.com\/index.php?rest_route=\/wp\/v2\/posts\/20805\/revisions"}],"wp:featuredmedia":[{"embeddable":true,"href":"https:\/\/www.test.cesramonycajal.com\/index.php?rest_route=\/wp\/v2\/media\/20900"}],"wp:attachment":[{"href":"https:\/\/www.test.cesramonycajal.com\/index.php?rest_route=%2Fwp%2Fv2%2Fmedia&parent=20805"}],"wp:term":[{"taxonomy":"category","embeddable":true,"href":"https:\/\/www.test.cesramonycajal.com\/index.php?rest_route=%2Fwp%2Fv2%2Fcategories&post=20805"},{"taxonomy":"post_tag","embeddable":true,"href":"https:\/\/www.test.cesramonycajal.com\/index.php?rest_route=%2Fwp%2Fv2%2Ftags&post=20805"}],"curies":[{"name":"wp","href":"https:\/\/api.w.org\/{rel}","templated":true}]}}