{"id":20706,"date":"2022-06-02T09:45:16","date_gmt":"2022-06-02T07:45:16","guid":{"rendered":"https:\/\/www.cesramonycajal.com\/?p=20706"},"modified":"2022-06-02T09:45:16","modified_gmt":"2022-06-02T07:45:16","slug":"faecta-y-caja-rural-mantienen-su-alianza-para-apoyar-a-las-empresas-cooperativas-en-granada","status":"publish","type":"post","link":"https:\/\/www.test.cesramonycajal.com\/?p=20706","title":{"rendered":"FAECTA y Caja Rural mantienen su alianza para apoyar a las empresas cooperativas en Granada"},"content":{"rendered":"<p>[vc_row][vc_column][vc_column_text]<\/p>\n<h1 style=\"text-align: center;\"><span style=\"font-weight: 400;\">FAECTA y Caja Rural mantienen su alianza para apoyar a las empresas cooperativas en Granada<\/span><\/h1>\n<p>[\/vc_column_text][vc_separator color=\u00bbblue\u00bb][\/vc_column][\/vc_row][vc_row][vc_column][vc_column_text]<span style=\"font-weight: 400;\">D. Javier Pedro Mart\u00ednez Morillas, presidente de nuestra Cooperativa (TEAR S. Coop. And.) y de la Federaci\u00f3n Andaluza de Empresas Cooperativas de Trabajo (FAECTA) en Granada y D. Jos\u00e9 Joaqu\u00edn Moral Santas, director de Marketing y Estrategia Digital de Caja Rural Granada, han rubricado este martes, 31 de mayo de 2022, un nuevo acuerdo por el que ambas entidades colaborar\u00e1n en la promoci\u00f3n de las cooperativas de trabajo en Granada ofreciendo un apoyo directo a las empresas asociadas a la Federaci\u00f3n. Esta iniciativa permitir\u00e1 seguir trabajando de forma conjunta para ofrecer unos servicios bancarios especiales a las cooperativas de trabajo integradas en FAECTA reforzando el v\u00ednculo que la entidad financiera granadina tiene con el cooperativismo y la econom\u00eda social.<\/span><\/p>\n<p><span style=\"font-weight: 400;\">En este sentido, nuestro Presidente ha resaltado que el apoyo de Caja Rural de Granada es un pilar esencial para fortalecer el cooperativismo en la provincia desde el punto de vista financiero y econ\u00f3mico, y ha subrayado que \u201cla estrategia de promoci\u00f3n empresarial de Caja Rural de Granada y FAECTA abre nuevas oportunidades para que las cooperativas granadinas sigan creciendo y consolid\u00e1ndose\u201d.<\/span><\/p>\n<p><span style=\"font-weight: 400;\">La Cooperativa TEAR y su centro <\/span><b>Santiago Ram\u00f3n y Cajal<\/b><span style=\"font-weight: 400;\"> se han convertido en lo que son hoy gracias al esfuerzo de las personas emprendedoras que en el a\u00f1o 1979 iniciaron esta andadura y que a d\u00eda de hoy se traduce en las 60 personas socias que la componen y que seguimos formando a los futuros profesionales granadinos y andaluces. Estos m\u00e1s de 43 a\u00f1os de andadura han sido posibles gracias a la colaboraci\u00f3n de la Caja Rural de Granada y al hecho de estar siempre ah\u00ed cuando la hemos necesitado. <\/span><\/p>\n<p><span style=\"font-weight: 400;\">La sociedad necesita emprendedores, necesita entidades financieras como la Caja Rural y necesita a las Cooperativas, por tanto, necesita a FAECTA.<\/span>[\/vc_column_text][\/vc_column][\/vc_row][vc_row][vc_column width=\u00bb1\/2&#8243;][vc_single_image image=\u00bb20707&#8243; img_size=\u00bblarge\u00bb][\/vc_column][vc_column width=\u00bb1\/2&#8243;][vc_single_image image=\u00bb20709&#8243; img_size=\u00bblarge\u00bb alignment=\u00bbright\u00bb][\/vc_column][\/vc_row]<\/p>\n","protected":false},"excerpt":{"rendered":"<p>[vc_row][vc_column][vc_column_text] FAECTA y Caja Rural mantienen su alianza para apoyar a las empresas cooperativas en Granada [\/vc_column_text][vc_separator color=\u00bbblue\u00bb][\/vc_column][\/vc_row][vc_row][vc_column][vc_column_text]D. Javier Pedro Mart\u00ednez Morillas, presidente de nuestra Cooperativa (TEAR S. Coop. And.) y de la Federaci\u00f3n Andaluza de Empresas Cooperativas de Trabajo (FAECTA) en Granada y D. Jos\u00e9 Joaqu\u00edn Moral Santas, director de Marketing y Estrategia Digital [&hellip;]<\/p>\n","protected":false},"author":2,"featured_media":20716,"comment_status":"closed","ping_status":"closed","sticky":false,"template":"","format":"standard","meta":{"_et_pb_use_builder":"","_et_pb_old_content":"","_et_gb_content_width":"","footnotes":""},"categories":[3],"tags":[],"class_list":["post-20706","post","type-post","status-publish","format-standard","has-post-thumbnail","hentry","category-noticias"],"_links":{"self":[{"href":"https:\/\/www.test.cesramonycajal.com\/index.php?rest_route=\/wp\/v2\/posts\/20706","targetHints":{"allow":["GET"]}}],"collection":[{"href":"https:\/\/www.test.cesramonycajal.com\/index.php?rest_route=\/wp\/v2\/posts"}],"about":[{"href":"https:\/\/www.test.cesramonycajal.com\/index.php?rest_route=\/wp\/v2\/types\/post"}],"author":[{"embeddable":true,"href":"https:\/\/www.test.cesramonycajal.com\/index.php?rest_route=\/wp\/v2\/users\/2"}],"replies":[{"embeddable":true,"href":"https:\/\/www.test.cesramonycajal.com\/index.php?rest_route=%2Fwp%2Fv2%2Fcomments&post=20706"}],"version-history":[{"count":0,"href":"https:\/\/www.test.cesramonycajal.com\/index.php?rest_route=\/wp\/v2\/posts\/20706\/revisions"}],"wp:featuredmedia":[{"embeddable":true,"href":"https:\/\/www.test.cesramonycajal.com\/index.php?rest_route=\/wp\/v2\/media\/20716"}],"wp:attachment":[{"href":"https:\/\/www.test.cesramonycajal.com\/index.php?rest_route=%2Fwp%2Fv2%2Fmedia&parent=20706"}],"wp:term":[{"taxonomy":"category","embeddable":true,"href":"https:\/\/www.test.cesramonycajal.com\/index.php?rest_route=%2Fwp%2Fv2%2Fcategories&post=20706"},{"taxonomy":"post_tag","embeddable":true,"href":"https:\/\/www.test.cesramonycajal.com\/index.php?rest_route=%2Fwp%2Fv2%2Ftags&post=20706"}],"curies":[{"name":"wp","href":"https:\/\/api.w.org\/{rel}","templated":true}]}}