{"id":20418,"date":"2022-04-06T12:09:24","date_gmt":"2022-04-06T10:09:24","guid":{"rendered":"https:\/\/www.cesramonycajal.com\/?p=20418"},"modified":"2022-04-06T12:09:24","modified_gmt":"2022-04-06T10:09:24","slug":"los-ods-y-ryc","status":"publish","type":"post","link":"https:\/\/www.test.cesramonycajal.com\/?p=20418","title":{"rendered":"Los ODS y el CES S. Ram\u00f3n y Cajal"},"content":{"rendered":"<h2>Los ODS y el CES S. Ram\u00f3n y Cajal<\/h2>\n<p><span style=\"font-weight: 400;\">Los ODS (Objetivos de Desarrollo Sostenible) surgen en la Conferencia de las Naciones Unidas sobre el Desarrollo Sostenible, celebrada en R\u00edo de Janeiro en 2012, en sustituci\u00f3n de los llamados Objetivos de Desarrollo del Milenio (ODM).<\/span><\/p>\n<p><span style=\"font-weight: 400;\">Como parte integral del plan de acci\u00f3n de la ONU llamado \u201cAgenda 2030\u201d, sus estados miembros -junto con ONGs y colaboradores de todo el mundo- definieron 17 objetivos para favorecer a las personas, el planeta y el futuro en general. Conscientes de la realidad que vivimos: pobreza, desigualdades sociales, altos \u00edndices de contaminaci\u00f3n, p\u00e9rdida de biodiversidad, etc., es en septiembre de 2015 cuando se adoptan dichos objetivos desde un enfoque econ\u00f3mico, social y medioambiental.<\/span><img decoding=\"async\" class=\"aligncenter size-large wp-image-20419\" src=\"https:\/\/www.test.cesramonycajal.com\/wp-content\/uploads\/2022\/04\/ODS-cast-700x331.png\" alt=\"\" \/><\/p>\n<p><span style=\"font-weight: 400;\">Desde el Centro S. Ram\u00f3n y Cajal nos identificamos y estamos comprometidos con los Objetivos de Desarrollo Sostenible para colaborar en el logro de un mundo m\u00e1s igualitario y habitable, trabajando desde nuestro entorno m\u00e1s cercano y aportando nuestro granito de arena. Con ayuda del Proyecto Digital del Grupo Anaya, editorial con la que colaboramos en el aula, esto se hace cada d\u00eda m\u00e1s factible y real gracias a su banco de recursos, que cuenta con microv\u00eddeos para conocer cu\u00e1les son las metas para alcanzar los ODS trabajados en el proyecto.<\/span><\/p>\n<p><span style=\"font-weight: 400;\">Partiendo desde el objetivo 4, \u201ceducaci\u00f3n de calidad\u201d, y haciendo consciente al alumnado de que el modelo de vida que llevamos no respeta los l\u00edmites biof\u00edsicos de nuestro planeta, pasamos, tocamos y trabajamos el resto de objetivos desde la transversalidad y las competencias claves (comunicaci\u00f3n ling\u00fc\u00edstica, competencias sociales y c\u00edvicas, sentido de la iniciativa y el esp\u00edritu emprendedor, ciencia y tecnolog\u00eda, trabajo cooperativo, competencias TICs, etc.). Y es a trav\u00e9s de materias como biolog\u00eda, valores \u00e9ticos, econom\u00eda e historia, como desarrollamos los ODS con relaci\u00f3n a la protecci\u00f3n de los ecosistemas terrestres y la vida submarina, las energ\u00edas no contaminantes, la reducci\u00f3n de las desigualdades, el crecimiento econ\u00f3mico, la innovaci\u00f3n\u2026<\/span><\/p>\n<p><span style=\"font-weight: 400;\">As\u00ed, a trav\u00e9s de la educaci\u00f3n en conocimientos, habilidades y valores, colaboramos con la Educaci\u00f3n para el Desarrollo Sostenible formando de manera integral a personas -nuestro alumnado-, favoreciendo un aprendizaje a lo largo de toda su vida y haci\u00e9ndoles capaces de tomar decisiones conscientes y coherentes con el modelo de vida y el mundo que queremos para todos.<\/span><\/p>\n<p><span style=\"font-weight: 400;\">\u00a0<\/span><\/p>\n","protected":false},"excerpt":{"rendered":"<p>Desde el Centro S. Ram\u00f3n y Cajal nos identificamos y estamos comprometidos con los Objetivos de Desarrollo Sostenible para colaborar en el logro de un mundo m\u00e1s igualitario y habitable, trabajando desde nuestro entorno m\u00e1s cercano y aportando nuestro granito de arena.<\/p>\n","protected":false},"author":2,"featured_media":20419,"comment_status":"closed","ping_status":"closed","sticky":false,"template":"","format":"standard","meta":{"_et_pb_use_builder":"","_et_pb_old_content":"","_et_gb_content_width":"","footnotes":""},"categories":[3],"tags":[],"class_list":["post-20418","post","type-post","status-publish","format-standard","has-post-thumbnail","hentry","category-noticias"],"_links":{"self":[{"href":"https:\/\/www.test.cesramonycajal.com\/index.php?rest_route=\/wp\/v2\/posts\/20418","targetHints":{"allow":["GET"]}}],"collection":[{"href":"https:\/\/www.test.cesramonycajal.com\/index.php?rest_route=\/wp\/v2\/posts"}],"about":[{"href":"https:\/\/www.test.cesramonycajal.com\/index.php?rest_route=\/wp\/v2\/types\/post"}],"author":[{"embeddable":true,"href":"https:\/\/www.test.cesramonycajal.com\/index.php?rest_route=\/wp\/v2\/users\/2"}],"replies":[{"embeddable":true,"href":"https:\/\/www.test.cesramonycajal.com\/index.php?rest_route=%2Fwp%2Fv2%2Fcomments&post=20418"}],"version-history":[{"count":0,"href":"https:\/\/www.test.cesramonycajal.com\/index.php?rest_route=\/wp\/v2\/posts\/20418\/revisions"}],"wp:featuredmedia":[{"embeddable":true,"href":"https:\/\/www.test.cesramonycajal.com\/index.php?rest_route=\/wp\/v2\/media\/20419"}],"wp:attachment":[{"href":"https:\/\/www.test.cesramonycajal.com\/index.php?rest_route=%2Fwp%2Fv2%2Fmedia&parent=20418"}],"wp:term":[{"taxonomy":"category","embeddable":true,"href":"https:\/\/www.test.cesramonycajal.com\/index.php?rest_route=%2Fwp%2Fv2%2Fcategories&post=20418"},{"taxonomy":"post_tag","embeddable":true,"href":"https:\/\/www.test.cesramonycajal.com\/index.php?rest_route=%2Fwp%2Fv2%2Ftags&post=20418"}],"curies":[{"name":"wp","href":"https:\/\/api.w.org\/{rel}","templated":true}]}}