{"id":19719,"date":"2021-10-29T10:30:26","date_gmt":"2021-10-29T08:30:26","guid":{"rendered":"https:\/\/www.cesramonycajal.com\/?p=19719"},"modified":"2021-10-29T10:30:26","modified_gmt":"2021-10-29T08:30:26","slug":"viajes-pedagogicos-congreso-fol-20201-san-sebastian","status":"publish","type":"post","link":"https:\/\/www.test.cesramonycajal.com\/?p=19719","title":{"rendered":"\u201cVIAJES PEDAG\u00d3GICOS\u201d CONGRESO FOL 2020+1 (SAN SEBASTI\u00c1N)"},"content":{"rendered":"<p>[vc_row][vc_column][vc_column_text]<\/p>\n<h1 style=\"text-align: center;\">\u201cVIAJES PEDAG\u00d3GICOS\u201d CONGRESO FOL 2020+1 (SAN SEBASTI\u00c1N)<\/h1>\n<p>Hace tiempo que la sociedad en general es consciente de la importancia -necesidad, incluso, en los tiempos actuales- del trabajo en equipo en el contexto educativo, de que los alumnos construyan su propio aprendizaje de manera cooperativa entre iguales. A lo que quiz\u00e1 no estamos tan acostumbrados, o a lo que no se le ha prestado suficiente atenci\u00f3n hasta hace relativamente poco tiempo, es a que lo haga tambi\u00e9n el profesorado. Es decir, que los docentes intercooperemos para aprender unos de otros, para compartir buenas pr\u00e1cticas y experiencias, para debatir las mejores formas de ense\u00f1ar y de evaluar.<\/p>\n<p>&nbsp;<\/p>\n<p>Esto es tan importante o m\u00e1s que lo primero, porque si los docentes estamos acostumbrados a trabajar de esta manera, lo transmitiremos de manera natural en nuestras clases, y no como algo forzado o puntual. Por tanto, porque lo consideramos fundamental para mejorar nuestro servicio educativo, hemos tomado la decisi\u00f3n de invertir una gran parte de nuestro tiempo y de nuestros recursos (econ\u00f3micos y de otra \u00edndole) en esto: en salir de nuestro \u00e1mbito de acci\u00f3n, que muchas veces se circunscribe a nuestra aula o a nuestro centro, y salir a ver c\u00f3mo se trabaja en otros sitio.<br \/>\nMediante la realizaci\u00f3n de intercambios, acciones formativas, periodos de observaci\u00f3n, congresos, etc., queremos reforzar el trabajo cooperativo entre nuestros docentes; proporcion\u00e1ndoles otros contextos reales donde se trabaja de esta manera, ya sea en centros educativos andaluces, de otras comunidades aut\u00f3nomas, o incluso europeos.<br \/>\nEn definitiva, con esto queremos seguir trabajando para el beneficio del alumnado (que es tambi\u00e9n el nuestro), as\u00ed como para el de la sociedad en general. Estamos convencidos de que, si mejoramos el servicio educativo y le damos -cada vez m\u00e1s- el protagonismo que debe tener como servicio social, los futuros profesionales estar\u00e1n mejor formados y tendr\u00e1n una mayor capacidad de adaptaci\u00f3n a los entornos que les esperan.<\/p>\n<p>&nbsp;<\/p>\n<p>Con esta intenci\u00f3n y con la de traer de vuelta un significativo aporte pedag\u00f3gico a nuestro centro acudimos, el pasado d\u00eda 14 de octubre de 2021, al Congreso de FOL 2020+1 de Euskadi. Y lo hemos hecho como ponentes para presentar unos de nuestros proyectos de Aprendizaje y Servicio, que llevamos a cabo con el alumnado del ciclo de FP B\u00e1sica de Servicios Administrativos.<br \/>\nEn San Sebasti\u00e1n, decenas de docentes de todas las Comunidades Aut\u00f3nomas COOPERAMOS (con may\u00fasculas), comunicamos y compartimos nuestra experiencia sin complejo alguno. Y es que en Andaluc\u00eda hay grandes profesionales de la educaci\u00f3n. Y en el CES Santiago Ram\u00f3n Cajal, tambi\u00e9n. Y cuando hay que \u201csacar pecho\u201d hay que sacarlo. Y en esta ocasi\u00f3n lo hemos hecho en la cuna de la Formaci\u00f3n Profesional de nuestro pa\u00eds: Euskadi. Todo un orgullo.[\/vc_column_text][\/vc_column][\/vc_row][vc_row][vc_column width=\u00bb2\/3&#8243;][vc_column_text]Aparte del reconocimiento de otros docentes \u00bfqu\u00e9 nos traemos para nuestro alumnado? Nuevas visiones sobre otras formas de trabajar, diversidad en el enfoque que se le puede dar a la Educaci\u00f3n en general y a la Formaci\u00f3n Profesional en particular. La consciencia de que nuestro ENTORNO nos puede y nos suele condicionar, dificult\u00e1ndonos mirar m\u00e1s all\u00e1 de lo que nos rodea, y que por tanto debemos estar siempre en contacto con el exterior, con los compa\u00f1eros de profesi\u00f3n all\u00e1 donde se encuentren, para compartir nuestro trabajo y aprender unos de otros.<\/p>\n<p>De Euskadi nos traemos la importancia de potenciar y facilitar el \u201cAprender a Aprender\u201d, la importancia y el valor que tiene el que un compa\u00f1ero o un alumno nos pueda corregir, pueda sumar y podamos construir el conocimiento entre todos; porque en la Educaci\u00f3n, cada d\u00eda, todos aprendemos si todos sumamos. Debemos meter en la ecuaci\u00f3n el valor del respeto al trabajo de todos y el valor de la cr\u00edtica constructiva. As\u00ed, el servicio educativo ser\u00e1 de mucha mayor calidad.<\/p>\n<p>&nbsp;<\/p>\n<p>De Euskadi nos traemos la transferencia de conocimientos entre el profesorado y el mundo de la empresa. Porque no se puede formar futuros profesionales sin contar con el tejido empresarial (quiz\u00e1s esa sea una de las asignaturas pendientes en Andaluc\u00eda). All\u00ed visualizamos y palpamos proyectos realmente innovadores e interesantes, como <span style=\"color: #ff0000;\"><a class=\"link-rojo\" style=\"color: #ff0000;\" href=\"https:\/\/fabrika.eus\/es\">Fabrika<\/a><\/span>. All\u00ed fuimos conscientes de que las formas de aplicar esos proyectos es m\u00e1s f\u00e1cil de lo que a veces creemos, de que los lugares ya no son tanto f\u00edsicos como lo son digitales, y de que debemos abrirnos a compartir el conocimiento y a que nos lo compartan.<\/p>\n<p>&nbsp;<\/p>\n<p>Iremos al pr\u00f3ximo Congreso porque estamos comprometidos con la Educaci\u00f3n. Es muy importante que los centros educativos generen y favorezcan la asistencia regular a eventos de este calado, porque favorecen el aprendizaje y desarrollo de los docentes. Y es que, si \u00e9stos no aprenden o no se desarrollan, c\u00f3mo van a ense\u00f1\u00e1rselo a sus alumnos. Si queremos ense\u00f1ar al alumnado, a los futuros profesionales, a ADAPTARSE a la sociedad, a ese entorno cambiante en el que estamos ya inmersos, \u00e9ste es el camino.<br \/>\nPor \u00faltimo, no nos gustar\u00eda dejar de mencionar que en Euskadi nos atendieron fenomenal: nos abrieron las puertas de sus centros e institutos de vanguardia metodol\u00f3gica (<span style=\"color: #ff0000;\"><a class=\"link-rojo\" style=\"color: #ff0000;\" href=\"https:\/\/easo.hezkuntza.net\/es\/inicio\">EASO<\/a><\/span>) y nos abrieron sus corazones (sin el coraz\u00f3n no se puede aprender, ni ense\u00f1ar). Nos traemos buenas ideas, buenos consejos y grandes amigos.<br \/>\nQueremos resumir la experiencia con dos palabras: IMPRESCINDIBLE y NECESARIA. De todos es sabido que viajar abre la mente, pues abramos la mente y sigamos educando.[\/vc_column_text][\/vc_column][vc_column width=\u00bb1\/3&#8243;][vc_single_image image=\u00bb19720&#8243; img_size=\u00bblarge\u00bb alignment=\u00bbright\u00bb][\/vc_column][\/vc_row]<\/p>\n","protected":false},"excerpt":{"rendered":"<p>Hace tiempo que la sociedad en general es consciente de la importancia -necesidad, incluso, en los tiempos actuales- del trabajo en equipo en el contexto educativo, de que los alumnos construyan su propio aprendizaje de manera cooperativa entre iguales.<\/p>\n","protected":false},"author":2,"featured_media":0,"comment_status":"closed","ping_status":"closed","sticky":false,"template":"","format":"standard","meta":{"_et_pb_use_builder":"","_et_pb_old_content":"","_et_gb_content_width":"","footnotes":""},"categories":[3],"tags":[],"class_list":["post-19719","post","type-post","status-publish","format-standard","hentry","category-noticias"],"_links":{"self":[{"href":"https:\/\/www.test.cesramonycajal.com\/index.php?rest_route=\/wp\/v2\/posts\/19719","targetHints":{"allow":["GET"]}}],"collection":[{"href":"https:\/\/www.test.cesramonycajal.com\/index.php?rest_route=\/wp\/v2\/posts"}],"about":[{"href":"https:\/\/www.test.cesramonycajal.com\/index.php?rest_route=\/wp\/v2\/types\/post"}],"author":[{"embeddable":true,"href":"https:\/\/www.test.cesramonycajal.com\/index.php?rest_route=\/wp\/v2\/users\/2"}],"replies":[{"embeddable":true,"href":"https:\/\/www.test.cesramonycajal.com\/index.php?rest_route=%2Fwp%2Fv2%2Fcomments&post=19719"}],"version-history":[{"count":0,"href":"https:\/\/www.test.cesramonycajal.com\/index.php?rest_route=\/wp\/v2\/posts\/19719\/revisions"}],"wp:attachment":[{"href":"https:\/\/www.test.cesramonycajal.com\/index.php?rest_route=%2Fwp%2Fv2%2Fmedia&parent=19719"}],"wp:term":[{"taxonomy":"category","embeddable":true,"href":"https:\/\/www.test.cesramonycajal.com\/index.php?rest_route=%2Fwp%2Fv2%2Fcategories&post=19719"},{"taxonomy":"post_tag","embeddable":true,"href":"https:\/\/www.test.cesramonycajal.com\/index.php?rest_route=%2Fwp%2Fv2%2Ftags&post=19719"}],"curies":[{"name":"wp","href":"https:\/\/api.w.org\/{rel}","templated":true}]}}