{"id":18913,"date":"2021-09-10T12:52:39","date_gmt":"2021-09-10T10:52:39","guid":{"rendered":"https:\/\/www.cesramonycajal.com\/?p=18913"},"modified":"2021-09-10T12:52:39","modified_gmt":"2021-09-10T10:52:39","slug":"gracias-anaya","status":"publish","type":"post","link":"https:\/\/www.test.cesramonycajal.com\/?p=18913","title":{"rendered":"Gracias Anaya"},"content":{"rendered":"<h1 style=\"text-align: center;\">Gracias, ANAYA<\/h1>\n<p style=\"text-align: center;\"><span style=\"font-weight: 400;\">\u201c<\/span><i><span style=\"font-weight: 400;\">Los libros de texto no son importantes\u201d<\/span><\/i><\/p>\n<p style=\"text-align: right;\"><i><span style=\"font-weight: 400;\">\u00a0\u201cEl libro de texto debe ser un recurso m\u00e1s\u201d.\u00a0<\/span><\/i><\/p>\n<p><span style=\"font-weight: 400;\">Son frases que hemos escuchado en varias ocasiones y por parte de diferentes emisores. \u00a1Y es verdad! Los libros de texto son un recurso m\u00e1s, sobre todo en un centro que tenga claro su Proyecto Educativo y cuyo equipo docente ame la educaci\u00f3n y se preocupe por su alumnado, por que aprendan, por motivarlos, por conectar con ellos, por buscar las situaciones de aprendizaje ideales en cada momento para conseguir que el conocimiento y el aprendizaje fluyan.<\/span><\/p>\n<p><span style=\"font-weight: 400;\">Pero entonces \u00bfpor qu\u00e9 cada a\u00f1o -cada cuatro a\u00f1os en la Educaci\u00f3n Secundaria Obligatoria- los docentes cambian el texto, o cambian de editorial? Muy sencillo, porque detr\u00e1s de los libros hay una empresa que da un servicio. No s\u00f3lo \u201cvenden libros\u201d, dan UN SERVICIO. Las empresas las forman las personas, sin duda. La forma de trabajar, la forma de actuar, la forma de interaccionar, la predisposici\u00f3n por ayudar cuando sea necesario&#8230; en definitiva, ESTAR CUANDO LO NECESITAS. Lo mismo nunca hace falta, pero hoy d\u00eda todo recurso es bienvenido para la bonita y complicada labor de educar y ense\u00f1ar.<\/span><\/p>\n<h1 style=\"text-align: center;\"><img decoding=\"async\" class=\"aligncenter size-large wp-image-18917\" src=\"https:\/\/www.test.cesramonycajal.com\/wp-content\/uploads\/2021\/09\/AdobeStock_327202616-scaled-e1631271215702-700x304.jpg\" alt=\"\" \/><\/h1>\n<p>&nbsp;<\/p>\n<p><span style=\"font-weight: 400;\">Hace un a\u00f1o cambiamos de editorial y decidimos apostar por una que, en aquel momento, podr\u00edamos pensar que iba a ser una m\u00e1s. Hoy podemos decir que fue una gran decisi\u00f3n. No es una editorial m\u00e1s, no son \u201cvendedores de libros\u201d, son grandes profesionales y grandes personas que representan una cultura de dar servicio, es el <\/span><b>Grupo Anaya.<\/b><\/p>\n<p><span style=\"font-weight: 400;\">No se trata solamente de que nos regalen libros en un momento dado, o de que nos doten las bibliotecas de aula del centro, o de que nos puedan facilitar alg\u00fan recurso cuando lo necesitemos, es que siempre est\u00e1n ah\u00ed. Est\u00e1n ah\u00ed para un Proyecto, para facilitar la innovaci\u00f3n, para formar en el uso de herramientas, para facilitar la llegada de los nuevos e interminables cambios normativos\u2026 Est\u00e1n ah\u00ed para conectarnos con el tejido empresarial, para introducir y desarrollar los Objetivos de Desarrollo Sostenible en el curr\u00edculo (fundamentales para el futuro de nuestra sociedad), para fomentar el emprendimiento, para desarrollar unos seminarios o unas jornadas, para poder desahogarnos&#8230;<\/span><\/p>\n<p><span style=\"font-weight: 400;\">Sin duda alguna, hay que equivocarse para acertar. Y nosotros con Anaya hemos acertado, y sobre todo con el grupo de personas que forman su equipo. Gracias a Seraf\u00edn y gracias tambi\u00e9n a Javier, que desde Sevilla siempre est\u00e1 ah\u00ed, haciendo que la distancia no sea la que es y haciendo que la labor de un docente, la labor de un equipo directivo, sea algo m\u00e1s sencilla de lo dif\u00edcil que es.\u00a0<\/span><\/p>\n<p><span style=\"font-weight: 400;\">Muchas gracias a Anaya y a su equipo.<\/span><\/p>\n","protected":false},"excerpt":{"rendered":"<p>Gracias, ANAYA \u201cLos libros de texto no son importantes\u201d \u00a0\u201cEl libro de texto debe ser un recurso m\u00e1s\u201d.\u00a0 Son frases que hemos escuchado en varias ocasiones y por parte de diferentes emisores. \u00a1Y es verdad! Los libros de texto son un recurso m\u00e1s, sobre todo en un centro que tenga claro su Proyecto Educativo y [&hellip;]<\/p>\n","protected":false},"author":2,"featured_media":18917,"comment_status":"closed","ping_status":"closed","sticky":false,"template":"","format":"standard","meta":{"_et_pb_use_builder":"","_et_pb_old_content":"","_et_gb_content_width":"","footnotes":""},"categories":[3],"tags":[],"class_list":["post-18913","post","type-post","status-publish","format-standard","has-post-thumbnail","hentry","category-noticias"],"_links":{"self":[{"href":"https:\/\/www.test.cesramonycajal.com\/index.php?rest_route=\/wp\/v2\/posts\/18913","targetHints":{"allow":["GET"]}}],"collection":[{"href":"https:\/\/www.test.cesramonycajal.com\/index.php?rest_route=\/wp\/v2\/posts"}],"about":[{"href":"https:\/\/www.test.cesramonycajal.com\/index.php?rest_route=\/wp\/v2\/types\/post"}],"author":[{"embeddable":true,"href":"https:\/\/www.test.cesramonycajal.com\/index.php?rest_route=\/wp\/v2\/users\/2"}],"replies":[{"embeddable":true,"href":"https:\/\/www.test.cesramonycajal.com\/index.php?rest_route=%2Fwp%2Fv2%2Fcomments&post=18913"}],"version-history":[{"count":0,"href":"https:\/\/www.test.cesramonycajal.com\/index.php?rest_route=\/wp\/v2\/posts\/18913\/revisions"}],"wp:featuredmedia":[{"embeddable":true,"href":"https:\/\/www.test.cesramonycajal.com\/index.php?rest_route=\/wp\/v2\/media\/18917"}],"wp:attachment":[{"href":"https:\/\/www.test.cesramonycajal.com\/index.php?rest_route=%2Fwp%2Fv2%2Fmedia&parent=18913"}],"wp:term":[{"taxonomy":"category","embeddable":true,"href":"https:\/\/www.test.cesramonycajal.com\/index.php?rest_route=%2Fwp%2Fv2%2Fcategories&post=18913"},{"taxonomy":"post_tag","embeddable":true,"href":"https:\/\/www.test.cesramonycajal.com\/index.php?rest_route=%2Fwp%2Fv2%2Ftags&post=18913"}],"curies":[{"name":"wp","href":"https:\/\/api.w.org\/{rel}","templated":true}]}}