{"id":14987,"date":"2021-03-01T14:48:36","date_gmt":"2021-03-01T13:48:36","guid":{"rendered":"https:\/\/www.cesramonycajal.com\/?p=14987"},"modified":"2021-03-01T14:48:36","modified_gmt":"2021-03-01T13:48:36","slug":"puertas-abiertas-virtuales-inicio-de-escolarizacion-2021-2022","status":"publish","type":"post","link":"https:\/\/www.test.cesramonycajal.com\/?p=14987","title":{"rendered":"PUERTAS ABIERTAS VIRTUALES-INICIO DE ESCOLARIZACI\u00d3N 2021-2022"},"content":{"rendered":"<p>[vc_row][vc_column][vc_column_text]<\/p>\n<h3 style=\"text-align: center;\"><span style=\"font-weight: 400;\">PUERTAS ABIERTAS VIRTUALES-INICIO DE ESCOLARIZACI\u00d3N 2021-2022<\/span><\/h3>\n<p>[\/vc_column_text][vc_column_text]<span style=\"font-weight: 400;\">La situaci\u00f3n pand\u00e9mica ha acelerado cambios que ya se estaban produciendo. Y en los centros educativos y sus procesos la situaci\u00f3n no es diferente. Hemos llegado al periodo de escolarizaci\u00f3n del curso 2021\/2022, un momento fundamental para miles de chavales granadinos que pasan \u201cdel cole al instituto\u201d, de la educaci\u00f3n primaria a la <\/span><b>educaci\u00f3n secundaria<\/b><span style=\"font-weight: 400;\">, o de la educaci\u00f3n secundaria al <\/span><b>bachillerato<\/b><span style=\"font-weight: 400;\">.<\/span><\/p>\n<p><span style=\"font-weight: 400;\">A nosotros cada a\u00f1o nos gusta ense\u00f1ar nuestro centro, abrir sus puertas, que los padres, madres y los futuros alumnos y alumnas puedan ver lo que hacemos, c\u00f3mo lo hacemos, el ambiente que hay en el centro, los valores del mismo, su proyecto educativo&#8230; en definitiva, qui\u00e9nes somos, lo que somos y c\u00f3mo trabajamos.<\/span><\/p>\n<p><span style=\"font-weight: 400;\">Este a\u00f1o tocaba, por la pandemia, seguir reinvent\u00e1ndose. El Santiago Ram\u00f3n Cajal educa y forma para vivir en el cambio, y nosotros somos consecuentes con lo que ense\u00f1amos. As\u00ed que:<\/span><\/p>\n<p><i><span style=\"font-weight: 400;\">\u201cEl Santiago Ram\u00f3n y Cajal de Granada se reinventa en tiempos de Covid\u201d<\/span><\/i><\/p>\n<p><span style=\"font-weight: 400;\">En diciembre empezamos a planificar c\u00f3mo podr\u00edamos, a trav\u00e9s de la digitalizaci\u00f3n, llevar a padres y alumnado nuestra oferta y transmitir la esencia de nuestro centro. El momento clave era febrero de 2021, antes del inicio de la campa\u00f1a de escolarizaci\u00f3n del curso 2021\/2022.<\/span><\/p>\n<p><span style=\"font-weight: 400;\">Pero no quer\u00edamos un simple formulario y luego unas reuniones por Meet. Quer\u00edamos que los futuros alumnos y alumnas y su familias nos pudieran sentir, se imaginaran aqu\u00ed, y gracias a <\/span><b>Terceto Comunicaci\u00f3n<\/b><span style=\"font-weight: 400;\"> (agencia de comunicaci\u00f3n granadina) materializamos lo abstracto, a trav\u00e9s de medios digitales (redes, microsite, newsletters), y naci\u00f3 la Campa\u00f1a <\/span><a href=\"http:\/\/esoybachilleratogranada.com\"><span style=\"font-weight: 400;\">\u201c<\/span><span style=\"font-weight: 400;\">Es tu Mood<\/span><span style=\"font-weight: 400;\">\u201d<\/span><\/a><span style=\"font-weight: 400;\">.\u00a0<\/span><\/p>\n<p><a href=\"http:\/\/esoybachilleratogranada.com\"><span style=\"font-weight: 400;\">\u201c<\/span><span style=\"font-weight: 400;\">Es tu Mood<\/span><span style=\"font-weight: 400;\">\u201d<\/span><\/a><span style=\"font-weight: 400;\"> se ha hecho realidad \u00a1y ha sido espectacular! Por supuesto, no ha podido sustituir el contacto humano (eso lo sabemos), pero ha permitido llegar de verdad a las familias y al futuro alumnado.\u00a0<\/span><\/p>\n<p><span style=\"font-weight: 400;\">Hemos sido muy ambiciosos, hemos sido muy transparentes. Nos hemos mostrado tal cual, y lo hemos dejado todo grabado para que todo el mundo pueda ver lo que somos. Y as\u00ed empezamos nuestra campa\u00f1a de marketing digital a principios de febrero en redes (como cada a\u00f1o) y con la vista en el d\u00eda clave, el 24 de febrero, fecha en la que se celebrar\u00eda la <\/span><a href=\"https:\/\/terceto.acblnk.com\/envio\/ver\/1272227\/tog0fVxOWnWycrNCJWJQrejlgQvedC8ih1A0eKyBTQnBYLDVaVsNQ0owLQ\/27dd9fd95a1776e3f0291df3d3d398c8\/\"><span style=\"font-weight: 400;\">\u2018<\/span><span style=\"font-weight: 400;\">Jornada de Puertas Abiertas Virtual<\/span><span style=\"font-weight: 400;\">\u2019<\/span><\/a><span style=\"font-weight: 400;\">.<\/span><\/p>\n<p><span style=\"font-weight: 400;\">Hasta el d\u00eda 24 de febrero:<\/span><\/p>\n<ul>\n<li style=\"list-style-type: none;\">\n<ul>\n<li style=\"font-weight: 400;\" aria-level=\"1\"><b>V\u00eddeos<\/b><span style=\"font-weight: 400;\"> totales de la direcci\u00f3n, la secretar\u00eda y del profesorado hablando de nuestro centro y su tres etapas educativas: <\/span><b>ESO, Bachillerato y Formaci\u00f3n Profesional<\/b><span style=\"font-weight: 400;\"> &#8211;<\/span><b>todas ellas<\/b> <b>concertadas, todas ellas gratuitas-.<\/b><\/li>\n<\/ul>\n<\/li>\n<\/ul>\n<ul>\n<li aria-level=\"1\"><a href=\"https:\/\/www.test.cesramonycajal.com\/mapa-interactivo\/\"><b>Tour virtual<\/b><\/a><span style=\"font-weight: 400;\">,<\/span> <span style=\"font-weight: 400;\">para ver y conocer las instalaciones del centro.<\/span><\/li>\n<\/ul>\n<ul>\n<li style=\"font-weight: 400;\" aria-level=\"1\"><span style=\"font-weight: 400;\">V\u00eddeo Tour Virtual <\/span><b>en \u201ctime lapse\u201d<\/b><\/li>\n<\/ul>\n<p><span style=\"font-weight: 400;\">Y lleg\u00f3 el d\u00eda 24 de febrero, y con \u00e9l el reto de hacer 5 micro-directos por nuestras redes sociales (\u00a1madre m\u00eda!): nuestro proyecto, preguntas frecuentes ante la escolarizaci\u00f3n, antiguos alumnos hablando sobre el centro, el primer d\u00eda en el cole, el proceso de adaptaci\u00f3n, el programa de orientaci\u00f3n profesional en nuestro bachillerato&#8230;<\/span><\/p>\n<p><span style=\"font-weight: 400;\">\u00a0 \u00a0 <\/span><\/p>\n<p><span style=\"font-weight: 400;\">Sin duda, como decimos, <\/span><b>todo un reto<\/b><span style=\"font-weight: 400;\">. No somos profesionales de la comunicaci\u00f3n, somos docentes; nuestra vida es educar, es formar, pero ah\u00ed est\u00e1bamos dispuestos a transmitir lo que hacemos cada d\u00eda, a ayudar a las familias y al futuro alumnado para que tenga m\u00e1s informaci\u00f3n de este centro y del proceso de escolarizaci\u00f3n en s\u00ed mismo, incluso aunque no nos escojan a nosotros, porque <\/span><b>somos y prestamos un servicio social<\/b><span style=\"font-weight: 400;\">.<\/span><\/p>\n<p><span style=\"font-weight: 400;\">Pero lo que nunca hab\u00edamos pensado cuando ideamos todo esto y lo est\u00e1bamos trabajando, es que<\/span><b> \u201cInformativos Telecinco\u201d<\/b><span style=\"font-weight: 400;\"> se iba a fijar en nosotros e iba a hacer un reportaje para un informativo de fin de semana, en horario de 21:00 horas y a nivel nacional. Para nosotros eso es un gran orgullo. Es un reconocimiento a c\u00f3mo trabajamos y c\u00f3mo luchamos cada d\u00eda para mejorar nuestro servicio educativo.\u00a0<\/span><\/p>\n<p><span style=\"font-weight: 400;\">Sin embargo ahora se complicaba m\u00e1s la cosa, ya que hab\u00eda que hacer el directo por redes y con Telecinco grabando a la vez. Pero, sin duda alguna, ha sido un orgullo y una satisfacci\u00f3n el poder ver a un centro de Granada en un informativo l\u00edder como es el de la cadena de Telecinco, donde cada d\u00eda decenas de profesionales dan el m\u00e1ximo para que podamos tener un resumen de toda la actualidad y de lo que acontece en Espa\u00f1a y en el mundo en 45\u00b4. Y el s\u00e1bado 27 de febrero, en esos 45\u00b4, \u00edbamos a estar nosotros, el Santiago Ram\u00f3n y Cajal de Granada \u00a1qu\u00e9 pasada!<\/span><\/p>\n<p><span style=\"font-weight: 400;\">En el a\u00f1o m\u00e1s complicado de la sociedad actual, en un a\u00f1o dur\u00edsimo para los docentes y la educaci\u00f3n, nuestra capacidad de trabajo y adaptaci\u00f3n se cuelan en un informativo nacional justo antes de empezar el periodo de escolarizaci\u00f3n. Se hace muy dif\u00edcil expresar lo que el equipo de personas que formamos la <\/span><a href=\"https:\/\/www.test.cesramonycajal.com\/valores-del-centro\/\"><span style=\"font-weight: 400;\">familia<\/span><\/a><span style=\"font-weight: 400;\"> de la Cooperativa TEAR, y del centro Ram\u00f3n y Cajal sentimos.\u00a0<\/span><\/p>\n<p><span style=\"font-weight: 400;\">Pero lo que s\u00ed podemos expresar desde Granada, desde el centro Santiago Ram\u00f3n y Cajal y la Cooperativa TEAR -a la cual represento-, es nuestra <\/span><b>GRATITUD Y ADMIRACI\u00d3N <\/b><span style=\"font-weight: 400;\">a: <\/span><b>Hugo Fern\u00e1ndez <\/b><span style=\"font-weight: 400;\">(periodista redactor del grupo Mediaset), <\/span><b>Jos\u00e9 Luis Lara <\/b><span style=\"font-weight: 400;\">(c\u00e1mara de Informativos Telecinco) y a <\/span><b>Mar\u00eda Fente <\/b><span style=\"font-weight: 400;\">(redactora y reportera de Informativos Telecinco de fin de semana). Y por supuesto tambi\u00e9n a <\/span><b>Terceto Comunicaci\u00f3n, <\/b><span style=\"font-weight: 400;\">que ya casi forman parte de nuestra familia.<\/span><\/p>\n<p><span style=\"font-weight: 400;\">Y para finalizar os dejamos el reportaje, presentado por la mism\u00edsima \u00c1ngeles Blanco y emitido el 27 de febrero de 2021 a las 21 horas y 24 minutos en Informativos Telecinco.\u00a0<\/span><\/p>\n<p>&nbsp;<\/p>\n<p style=\"text-align: center;\"><iframe loading=\"lazy\" src=\"https:\/\/www.youtube.com\/embed\/u5KpiFe-urI\" width=\"560\" height=\"315\" frameborder=\"0\" allowfullscreen=\"allowfullscreen\"><\/iframe><\/p>\n<p><a href=\"https:\/\/www.linkedin.com\/company\/ces-ram%C3%B3n-y-cajal---granada\/\"><img loading=\"lazy\" decoding=\"async\" class=\"wp-image-11649 alignleft\" src=\"https:\/\/www.test.cesramonycajal.com\/wp-content\/uploads\/2020\/09\/twitter.png\" alt=\"\" width=\"89\" height=\"89\" \/><\/a><a href=\"https:\/\/www.linkedin.com\/company\/ces-ram%C3%B3n-y-cajal---granada\/\"><img loading=\"lazy\" decoding=\"async\" class=\"wp-image-11650 alignleft\" src=\"https:\/\/www.test.cesramonycajal.com\/wp-content\/uploads\/2020\/09\/unnamed.png\" alt=\"\" width=\"89\" height=\"89\" \/><\/a><a href=\"https:\/\/www.facebook.com\/cesramonycajal\/\"><img loading=\"lazy\" decoding=\"async\" class=\" wp-image-11647 alignleft\" src=\"https:\/\/www.test.cesramonycajal.com\/wp-content\/uploads\/2020\/09\/facebook.png\" alt=\"\" width=\"89\" height=\"89\" srcset=\"https:\/\/www.test.cesramonycajal.com\/wp-content\/uploads\/2020\/09\/facebook.png 225w, https:\/\/www.test.cesramonycajal.com\/wp-content\/uploads\/2020\/09\/facebook-150x150.png 150w\" sizes=\"(max-width: 89px) 100vw, 89px\" \/><\/a><a href=\"https:\/\/www.instagram.com\/CESRamonyCajal\/\"><img loading=\"lazy\" decoding=\"async\" class=\" wp-image-11648 alignleft\" src=\"https:\/\/www.test.cesramonycajal.com\/wp-content\/uploads\/2020\/09\/instagram.png\" alt=\"\" width=\"89\" height=\"89\" srcset=\"https:\/\/www.test.cesramonycajal.com\/wp-content\/uploads\/2020\/09\/instagram.png 200w, https:\/\/www.test.cesramonycajal.com\/wp-content\/uploads\/2020\/09\/instagram-150x150.png 150w\" sizes=\"(max-width: 89px) 100vw, 89px\" \/><\/a><\/p>\n<p>&nbsp;<\/p>\n<p><span style=\"font-weight: 400;\">Nos pod\u00e9is seguir en nuestra web<\/span><b>, <\/b><a href=\"http:\/\/www.cesramonycajal.com\"><b><i>www.test.cesramonycajal.com\/<\/i><\/b><\/a><b>; o pinchando en los iconos de nuestras redes sociales<\/b>[\/vc_column_text][\/vc_column][\/vc_row]<\/p>\n","protected":false},"excerpt":{"rendered":"<p>[vc_row][vc_column][vc_column_text] PUERTAS ABIERTAS VIRTUALES-INICIO DE ESCOLARIZACI\u00d3N 2021-2022 [\/vc_column_text][vc_column_text]La situaci\u00f3n pand\u00e9mica ha acelerado cambios que ya se estaban produciendo. Y en los centros educativos y sus procesos la situaci\u00f3n no es diferente. Hemos llegado al periodo de escolarizaci\u00f3n del curso 2021\/2022, un momento fundamental para miles de chavales granadinos que pasan \u201cdel cole al instituto\u201d, de [&hellip;]<\/p>\n","protected":false},"author":2,"featured_media":14728,"comment_status":"closed","ping_status":"closed","sticky":false,"template":"","format":"standard","meta":{"_et_pb_use_builder":"","_et_pb_old_content":"","_et_gb_content_width":"","footnotes":""},"categories":[3],"tags":[],"class_list":["post-14987","post","type-post","status-publish","format-standard","has-post-thumbnail","hentry","category-noticias"],"_links":{"self":[{"href":"https:\/\/www.test.cesramonycajal.com\/index.php?rest_route=\/wp\/v2\/posts\/14987","targetHints":{"allow":["GET"]}}],"collection":[{"href":"https:\/\/www.test.cesramonycajal.com\/index.php?rest_route=\/wp\/v2\/posts"}],"about":[{"href":"https:\/\/www.test.cesramonycajal.com\/index.php?rest_route=\/wp\/v2\/types\/post"}],"author":[{"embeddable":true,"href":"https:\/\/www.test.cesramonycajal.com\/index.php?rest_route=\/wp\/v2\/users\/2"}],"replies":[{"embeddable":true,"href":"https:\/\/www.test.cesramonycajal.com\/index.php?rest_route=%2Fwp%2Fv2%2Fcomments&post=14987"}],"version-history":[{"count":0,"href":"https:\/\/www.test.cesramonycajal.com\/index.php?rest_route=\/wp\/v2\/posts\/14987\/revisions"}],"wp:featuredmedia":[{"embeddable":true,"href":"https:\/\/www.test.cesramonycajal.com\/index.php?rest_route=\/wp\/v2\/media\/14728"}],"wp:attachment":[{"href":"https:\/\/www.test.cesramonycajal.com\/index.php?rest_route=%2Fwp%2Fv2%2Fmedia&parent=14987"}],"wp:term":[{"taxonomy":"category","embeddable":true,"href":"https:\/\/www.test.cesramonycajal.com\/index.php?rest_route=%2Fwp%2Fv2%2Fcategories&post=14987"},{"taxonomy":"post_tag","embeddable":true,"href":"https:\/\/www.test.cesramonycajal.com\/index.php?rest_route=%2Fwp%2Fv2%2Ftags&post=14987"}],"curies":[{"name":"wp","href":"https:\/\/api.w.org\/{rel}","templated":true}]}}