{"id":1471,"date":"2018-06-04T09:46:00","date_gmt":"2018-06-04T07:46:00","guid":{"rendered":"http:\/\/www.cesramonycajal.com\/?p=1471"},"modified":"2018-06-04T09:46:00","modified_gmt":"2018-06-04T07:46:00","slug":"el-ces-ramon-y-cajal-contra-el-acoso-en-internet-con-stop-haters","status":"publish","type":"post","link":"https:\/\/www.test.cesramonycajal.com\/?p=1471","title":{"rendered":"El CES Ram\u00f3n y Cajal contra el acoso en internet con \u2018Stop Haters\u2019"},"content":{"rendered":"<p>[vc_row][vc_column][vc_row_inner][vc_column_inner][vc_column_text]<\/p>\n<h2 style=\"text-align: center;\"><strong>EL CES RAM\u00d3N Y CAJAL CONTRA EL ACOSO EN INTERNET CON \u2018STOP HATERS\u2019<\/strong><\/h2>\n<p>[\/vc_column_text][\/vc_column_inner][\/vc_row_inner][vc_column_text]Dada la concienciaci\u00f3n que tenemos en <strong>el CES Ram\u00f3n y Cajal<\/strong> con respecto a un problema social que est\u00e1 tomando cada vez m\u00e1s presencia entre todos nosotros, el <strong>acoso en internet<\/strong>, el mi\u00e9rcoles 23 de mayo de 2018 llevamos a cabo una charla formativa con nuestros alumnos para que tomen conciencia de qu\u00e9 est\u00e1 pasando en las redes sociales.<\/p>\n<p>De la mano del <strong>Comunity Strategist de nuestras redes sociales y psic\u00f3logo, \u00c1lvaro Cabezuelo<\/strong>, hemos tendidos puentes de colaboraci\u00f3n con la <strong>asociaci\u00f3n \u2018Stop Haters\u2019<\/strong>, que se dedica a ayudar a <strong>v\u00edctimas de ciber acoso<\/strong> y a convencer a los <strong>haters (acosadores)<\/strong> con el fin de mitigar el odio en Internet.<\/p>\n<p>Para ello, el <strong>director del CES Ram\u00f3n y Cajal, Javier Mart\u00ednez, la abogada y fundadora de \u2018Stop Haters\u2019, Sara Garc\u00eda Ant\u00fanez, y el psic\u00f3logo y experto en redes sociales, \u00c1lvaro Cabezuelo<\/strong>, dieron una <strong>charla <\/strong>a los chicos de nuestro centro con el fin de orientarles para que realicen un <strong>uso responsable del tel\u00e9fono m\u00f3vil<\/strong> y de las redes sociales y persuadirles de que no caigan en la trampa y den datos o fotos personales a desconocidos, adem\u00e1s de prevenirles para que no se conviertan en \u2018haters\u2019.<\/p>\n<p>Con <strong>ejemplos reales<\/strong> de personas que han sufrido ciber acoso y consejos de c\u00f3mo actuar ante casos similares, los alumnos del centro recibieron una <strong>formaci\u00f3n que puede serles muy \u00fatil<\/strong> a la hora de desenvolverse en sus redes sociales, prevenir acosos y no ser instigadores.<\/p>\n<p>Uno de los puntos claves en los que todos los expertos coincidieron es en el de la <strong>concienciaci\u00f3n<\/strong>. No s\u00f3lo los chicos deben saber c\u00f3mo comportarse en cualquiera de los casos, sino que tambi\u00e9n <strong>las familias y los centros deben poner de su parte<\/strong>.<\/p>\n<p>En muchas ocasiones, el desconocimiento sobre estos temas que existe por parte de los padres supone un freno para poder detectar un caso de acoso y poder denunciar. Desde los centros podemos tomar ciertas medidas y tener iniciativas como esta charla para que los alumnos est\u00e9n prevenidos, pero solo la <strong>acci\u00f3n conjunta<\/strong> con la ayuda de los familiares podr\u00eda llegar a acabar con este problema.<\/p>\n<p>Queremos agradecer la implicaci\u00f3n de \u2018<strong>Stop Hater\u2019, la cual cuenta con Pedro Garc\u00eda Aguado<\/strong> (Hermano Mayor) entre sus componentes, por haberse prestado a ampliar su c\u00edrculo de acci\u00f3n hasta Granada y poner sus conocimientos y su servicio al alcance del <strong>CES Ram\u00f3n y Cajal<\/strong>.<\/p>\n<p><iframe loading=\"lazy\" style=\"border: none; overflow: hidden;\" src=\"https:\/\/www.facebook.com\/plugins\/video.php?href=https%3A%2F%2Fwww.facebook.com%2Fcesramonycajal%2Fvideos%2F1895796207150280%2F&amp;show_text=0&amp;width=560\" width=\"560\" height=\"560\" frameborder=\"0\" scrolling=\"no\" allowfullscreen=\"allowfullscreen\"><span data-mce-type=\"bookmark\" style=\"display: inline-block; width: 0px; overflow: hidden; line-height: 0;\" class=\"mce_SELRES_start\">\ufeff<\/span><\/iframe><br \/>\n<iframe loading=\"lazy\" style=\"border: none; overflow: hidden;\" src=\"https:\/\/www.facebook.com\/plugins\/video.php?href=https%3A%2F%2Fwww.facebook.com%2Fcesramonycajal%2Fvideos%2F1895803867149514%2F&amp;show_text=0&amp;width=560\" width=\"560\" height=\"316\" frameborder=\"0\" scrolling=\"no\" allowfullscreen=\"allowfullscreen\"><\/iframe><\/p>\n<p>\u00a1Ay\u00fadanos a detener el acoso escolar! Para m\u00e1s informaci\u00f3n visita <a href=\"https:\/\/stophaters.es\/\" target=\"_blank\" rel=\"noopener noreferrer\">StopHaters<\/a>:<\/p>\n<p><a href=\"https:\/\/stophaters.es\/\" target=\"_blank\" rel=\"noopener noreferrer\">www.stophaters.es<\/a>[\/vc_column_text][\/vc_column][\/vc_row]<\/p>\n","protected":false},"excerpt":{"rendered":"<p>[vc_row][vc_column][vc_row_inner][vc_column_inner][vc_column_text] EL CES RAM\u00d3N Y CAJAL CONTRA EL ACOSO EN INTERNET CON \u2018STOP HATERS\u2019 [\/vc_column_text][\/vc_column_inner][\/vc_row_inner][vc_column_text]Dada la concienciaci\u00f3n que tenemos en el CES Ram\u00f3n y Cajal con respecto a un problema social que est\u00e1 tomando cada vez m\u00e1s presencia entre todos nosotros, el acoso en internet, el mi\u00e9rcoles 23 de mayo de 2018 llevamos a cabo [&hellip;]<\/p>\n","protected":false},"author":2,"featured_media":1472,"comment_status":"closed","ping_status":"open","sticky":false,"template":"","format":"standard","meta":{"_et_pb_use_builder":"","_et_pb_old_content":"","_et_gb_content_width":"","footnotes":""},"categories":[3],"tags":[],"class_list":["post-1471","post","type-post","status-publish","format-standard","has-post-thumbnail","hentry","category-noticias"],"_links":{"self":[{"href":"https:\/\/www.test.cesramonycajal.com\/index.php?rest_route=\/wp\/v2\/posts\/1471","targetHints":{"allow":["GET"]}}],"collection":[{"href":"https:\/\/www.test.cesramonycajal.com\/index.php?rest_route=\/wp\/v2\/posts"}],"about":[{"href":"https:\/\/www.test.cesramonycajal.com\/index.php?rest_route=\/wp\/v2\/types\/post"}],"author":[{"embeddable":true,"href":"https:\/\/www.test.cesramonycajal.com\/index.php?rest_route=\/wp\/v2\/users\/2"}],"replies":[{"embeddable":true,"href":"https:\/\/www.test.cesramonycajal.com\/index.php?rest_route=%2Fwp%2Fv2%2Fcomments&post=1471"}],"version-history":[{"count":0,"href":"https:\/\/www.test.cesramonycajal.com\/index.php?rest_route=\/wp\/v2\/posts\/1471\/revisions"}],"wp:featuredmedia":[{"embeddable":true,"href":"https:\/\/www.test.cesramonycajal.com\/index.php?rest_route=\/wp\/v2\/media\/1472"}],"wp:attachment":[{"href":"https:\/\/www.test.cesramonycajal.com\/index.php?rest_route=%2Fwp%2Fv2%2Fmedia&parent=1471"}],"wp:term":[{"taxonomy":"category","embeddable":true,"href":"https:\/\/www.test.cesramonycajal.com\/index.php?rest_route=%2Fwp%2Fv2%2Fcategories&post=1471"},{"taxonomy":"post_tag","embeddable":true,"href":"https:\/\/www.test.cesramonycajal.com\/index.php?rest_route=%2Fwp%2Fv2%2Ftags&post=1471"}],"curies":[{"name":"wp","href":"https:\/\/api.w.org\/{rel}","templated":true}]}}